{"id":669418,"date":"2026-09-05T15:29:09","date_gmt":"2026-09-05T15:29:09","guid":{"rendered":"https:\/\/www.europesays.com\/pl\/669418\/"},"modified":"2026-09-05T15:29:09","modified_gmt":"2026-09-05T15:29:09","slug":"rezyser-wchodzi-bo-watki-sie-nie-spinaja-dorota-gawryluk-ostro-o-tusku","status":"publish","type":"post","link":"https:\/\/www.europesays.com\/pl\/669418\/","title":{"rendered":"&#8222;Re\u017cyser wchodzi, bo w\u0105tki si\u0119 nie spinaj\u0105&#8221;. Dorota Gawryluk ostro o Tusku"},"content":{"rendered":"\n<p>&#13;<br \/>\nNa pi\u0105tkowym posiedzeniu Sejmu pos\u0142owie nie\u00a0odrzucili prezydenckiego weta ws. ustawy o\u00a0rynku kryptoaktyw\u00f3w. Przed g\u0142osowaniem wyst\u0105pienie z\u00a0m\u00f3wnicy sejmowej mia\u0142 szef rz\u0105du. Donald Tusk wysun\u0105\u0142 powa\u017cne oskar\u017cenia wobec polityk\u00f3w opozycji. &#13;\n<\/p>\n<p>&#13;<br \/>\n\u2013 Je\u015bli nie\u00a0jeste\u015bcie trzymani za\u00a0gard\u0142o przez tych ludzi, to\u00a0zag\u0142osujcie za\u00a0t\u0105 ustaw\u0105. \u017badnego innego powodu nie\u00a0widz\u0119 \u2013\u00a0m\u00f3wi\u0142 polityk do\u00a0parlamentarzyst\u00f3w opozycji. \u2013\u00a0Szokuj\u0105ca infiltracja \u015brodowisk politycznych, infiltracja przez ludzi zaanga\u017cowanych w\u00a0ten proceder i\u00a0dzia\u0142ania pa\u0144stwa, takie jak nieustanne umarzanie przez prokuratur\u0119 za\u00a0rz\u0105d\u00f3w Zbigniewa Ziobry \u015bledztwa w\u00a0sprawie zagini\u0119cia pana Suszka, prawdopodobnie zamordowanego, <a href=\"https:\/\/dorzeczy.pl\/opinie\/938389\/tusk-pomogl-pis-politycy-zadowoleni-ze-slow-o-zondacrypto.html\" title=\"PiS zadowolone z\u00a0wyst\u0105pienia Tuska. \u201ePoda\u0142 prawicy pomocn\u0105 d\u0142o\u0144\u201d\" rel=\"nofollow noopener\" target=\"_blank\">w sprawie Zondacrypto<\/a> czy\u00a0jej poprzedniczki. Trzy razy prokuratura umarza\u0142a \u015bledztwo w\u00a0tej sprawie \u2013\u00a0powiedzia\u0142 Tusk. Premier odczyta\u0142 te\u017c fragmenty protoko\u0142u prokuratorskiego dotycz\u0105cego afery Zondacrypto. Wed\u0142ug zezna\u0144 przes\u0142uchiwanej osoby Zbigniew Ziobro mia\u0142 obieca\u0107 umorzenie \u015bledztw w\u00a0zamian za\u00a0korzy\u015bci finansowe wyp\u0142acane przez Fundacj\u0119 Suwerennej Polski. &#13;\n<\/p>\n<p>Gawryluk: To\u00a0si\u0119 kupy nie\u00a0trzyma<\/p>\n<p>&#13;<br \/>\nCa\u0142\u0105 spraw\u0119 w\u00a0programie &#8222;Kalejdoskop wydarze\u0144&#8221; skomentowa\u0142a dziennikarka Dorota Gawryluk. \u2013\u00a0Dobrze, to\u00a0re\u017cyser wchodzi do\u00a0gry wczoraj, bo\u00a0ju\u017c widzi, co\u00a0si\u0119 dzieje, \u017ce\u00a0w\u0105tki si\u0119 nie\u00a0spinaj\u0105, \u017ce\u00a0minister \u017burek nie\u00a0daje rady, \u017ce\u00a0Roman Giertych te\u017c ju\u017c nie\u00a0daje rady w\u00a0tym filmie, w\u00a0tej obsadzie, dlatego \u017ce\u00a0za\u00a0du\u017co m\u00f3wi, no bo\u00a0jednak nie\u00a0powinien t\u0142umaczy\u0107 raz jednego dnia, dlaczego bierze, a\u00a0drugiego dnia zupe\u0142nie inaczej, dlaczego bierze jak\u0105\u015b spraw\u0119, prawda? \u2013\u00a0zauwa\u017cy\u0142a. &#13;\n<\/p>\n<p>&#13;<br \/>\n\u2013 To\u00a0si\u0119 wszystko kupy nie\u00a0trzyma. No i\u00a0wchodzi re\u017cyser, czyli Donald Tusk, i\u00a0cytuje fragmenty zezna\u0144 pana Krala. Czy\u00a0kto\u015b wierzy\u0142 w\u00a0og\u00f3le w\u00a0to? Czy\u00a0pan Kral wierzy\u0142 w\u00a0to, \u017ce\u00a0pan Zbigniew Ziobro b\u0119dzie znowu ministrem sprawiedliwo\u015bci? Znaczy, ja powiem ci wi\u0119cej: nikt nie\u00a0wierzy\u0142, \u017ce\u00a0Karol Nawrocki wygra wybory. Wi\u0119c gdyby kto\u015b przyszed\u0142 do\u00a0mnie przed wyborami prezydenckimi i\u00a0powiedzia\u0142: s\u0142uchaj, Karol Nawrocki wygra wybory prezydenckie i\u00a0wtedy b\u0119dziesz mia\u0142 u\u0142askawienie, to\u00a0bym ju\u017c sobie powiedzia\u0142a, \u017ce\u00a0s\u0142uchaj, Karol Nawrocki wygra wybory prezydenckie? To\u00a0jest niemo\u017cliwe. Przecie\u017c pami\u0119tasz, jakie by\u0142y, kto stawia\u0142 i\u00a0jakie pieni\u0105dze na\u00a0zwyci\u0119stwo Karola Nawrockiego. Nikt na\u00a0niego nie\u00a0stawia\u0142 \u2013\u00a0wskaza\u0142a. &#13;\n<\/p>\n<p>&#13;<br \/>\n   Czytaj te\u017c:<br \/><a href=\"https:\/\/dorzeczy.pl\/kraj\/938728\/zurek-pyta-kaczynskiego-o-ziobre-jakie-teczki-i-haki.html\" rel=\"follow nofollow noopener\" data-schema=\"DORZECZY\" data-image=\"https:\/\/img.dorzeczy.pl\/_thumb\/fa\/78\/32c6ce038e8b704c788c5bb50c16.jpeg\" target=\"_blank\">&#8222;Jakie teczki i\u00a0haki na\u00a0was zostawi\u0142?&#8221;. \u017burek pyta Kaczy\u0144skiego i\u00a0kierownictwo PiS<\/a>&#13;<\/p>\n","protected":false},"excerpt":{"rendered":"&#13; Na pi\u0105tkowym posiedzeniu Sejmu pos\u0142owie nie\u00a0odrzucili prezydenckiego weta ws. ustawy o\u00a0rynku kryptoaktyw\u00f3w. Przed g\u0142osowaniem wyst\u0105pienie z\u00a0m\u00f3wnicy sejmowej&hellip;\n","protected":false},"author":2,"featured_media":669419,"comment_status":"","ping_status":"","sticky":false,"template":"","format":"standard","meta":{"footnotes":"","_share_on_mastodon":"0"},"categories":[62713],"tags":[1345,98,55212,16942,49,102,423,99,17994],"class_list":["post-669418","post","type-post","status-publish","format-standard","has-post-thumbnail","category-donald-tusk","tag-donald-tusk","tag-dorzeczy","tag-gawryluk","tag-giertych","tag-kraj","tag-opinie","tag-sejm","tag-tusk","tag-zondacrypto"],"share_on_mastodon":{"url":"https:\/\/pubeurope.com\/@pl\/117219148627481246","error":""},"_links":{"self":[{"href":"https:\/\/www.europesays.com\/pl\/wp-json\/wp\/v2\/posts\/669418","targetHints":{"allow":["GET"]}}],"collection":[{"href":"https:\/\/www.europesays.com\/pl\/wp-json\/wp\/v2\/posts"}],"about":[{"href":"https:\/\/www.europesays.com\/pl\/wp-json\/wp\/v2\/types\/post"}],"author":[{"embeddable":true,"href":"https:\/\/www.europesays.com\/pl\/wp-json\/wp\/v2\/users\/2"}],"replies":[{"embeddable":true,"href":"https:\/\/www.europesays.com\/pl\/wp-json\/wp\/v2\/comments?post=669418"}],"version-history":[{"count":0,"href":"https:\/\/www.europesays.com\/pl\/wp-json\/wp\/v2\/posts\/669418\/revisions"}],"wp:featuredmedia":[{"embeddable":true,"href":"https:\/\/www.europesays.com\/pl\/wp-json\/wp\/v2\/media\/669419"}],"wp:attachment":[{"href":"https:\/\/www.europesays.com\/pl\/wp-json\/wp\/v2\/media?parent=669418"}],"wp:term":[{"taxonomy":"category","embeddable":true,"href":"https:\/\/www.europesays.com\/pl\/wp-json\/wp\/v2\/categories?post=669418"},{"taxonomy":"post_tag","embeddable":true,"href":"https:\/\/www.europesays.com\/pl\/wp-json\/wp\/v2\/tags?post=669418"}],"curies":[{"name":"wp","href":"https:\/\/api.w.org\/{rel}","templated":true}]}}