{"id":669422,"date":"2026-09-05T15:37:27","date_gmt":"2026-09-05T15:37:27","guid":{"rendered":"https:\/\/www.europesays.com\/pl\/669422\/"},"modified":"2026-09-05T15:37:27","modified_gmt":"2026-09-05T15:37:27","slug":"statystyki-nie-klamia-jagiellonia-bialystok","status":"publish","type":"post","link":"https:\/\/www.europesays.com\/pl\/669422\/","title":{"rendered":"Statystyki nie k\u0142ami\u0105: Jagiellonia Bia\u0142ystok"},"content":{"rendered":"<p>Tr\u00f3jkolorowych czeka jeden z najdalszych wyjazd\u00f3w w sezonie, podopieczni s\u0142owe\u0144skiego szkoleniowca udadz\u0105 si\u0119 na teren Jagielloni. Wojskowi na zwyci\u0119stwo w stolicy Podlasia czekaj\u0105 od 5 kwietnia 2021 roku, wtedy po bramce Erika Exposito zwyci\u0119\u017cyli 1:0. Od tamtej pory w ligowych meczach najbli\u017cszych rywali w Bia\u0142ymstoku trzykrotnie pad\u0142 remis, a raz g\u00f3r\u0105 byli gospodarze. W sezonie spadkowym Wroc\u0142awianie podzielili si\u0119 z Jag\u0105 punktami remisuj\u0105c 2:2, na list\u0119 strzelc\u00f3w wpisali si\u0119 Arnau Ortiz i Jakub Jezierski.<\/p>\n<p>Co ciekawe zawodnicy Adriana Siemie\u0144ca do tej pory rozegrali na w\u0142asnym boisku tylko dwa spotkania ligowe. Wygrali 1:0 z Koron\u0105 Kielce i przegrali 0:2 z Widzewem \u0141\u00f3d\u017a. Wroc\u0142awianie nadal czekaj\u0105 na pierwszy wyjazdowy triumf, maj\u0105 za sob\u0105 trzy rozegrane starcia, dwie pora\u017cki po 1:2 z G\u00f3rnikiem Zabrze i Zag\u0142\u0119biem Lubin, oraz remis 1:1 z Legi\u0105 Warszawa. W stolicy Wojskowi byli zdecydowanie najbli\u017cej zwyci\u0119stwa, bo wypu\u015bcili je w doliczonym czasie gry.<\/p>\n<p>Jagiellonia u siebie kontra \u015al\u0105sk na wyje\u017adzie:<\/p>\n<p>Warto odnotowa\u0107, \u017ce w trzech z ostatnich czterech spotka\u0144 przeciwko Jagiellonii Piotr Samiec-Talar notowa\u0142 jak\u0105\u015b liczb\u0119. Aktualny kapitan Wojskowych w tych starciach zaliczy\u0142 dwie asysty i zdoby\u0142 jedn\u0105 bramk\u0119. Bior\u0105c pod uwag\u0119 jego aktualn\u0105 dyspozycj\u0119 i ostatnie wyst\u0119py przeciwko temu rywalowi, kibice maj\u0105 prawo mie\u0107 nadziej\u0119, \u017ce lider \u015al\u0105ska do\u0142o\u017cy kolejne liczby.<\/p>\n<p>Bia\u0142ostoczanie s\u0105 najd\u0142u\u017cej utrzymuj\u0105cym si\u0119 zespo\u0142em przy pi\u0142ce w ca\u0142ej Ekstraklasie. Aktualna \u015brednia niedzielnych gospodarzy wynosi 56.4%, dla por\u00f3wnania Tr\u00f3jkolorowi w tej statystyce zajmuj\u0105 11 miejsce z wynikiem 47.5%. Wroc\u0142awianie jednak potrafi\u0105 kreowa\u0107, nawet z ni\u017cszym posiadaniem pi\u0142ki, czego idealnym przyk\u0142adem by\u0142o starcie w ostatniej kolejce z Legi\u0105 Warszawa.<\/p>\n<p>Statystyki przed meczem Jagiellonia \u2013 \u015al\u0105sk:<\/p>\n","protected":false},"excerpt":{"rendered":"Tr\u00f3jkolorowych czeka jeden z najdalszych wyjazd\u00f3w w sezonie, podopieczni s\u0142owe\u0144skiego szkoleniowca udadz\u0105 si\u0119 na teren Jagielloni. Wojskowi na&hellip;\n","protected":false},"author":2,"featured_media":669423,"comment_status":"","ping_status":"","sticky":false,"template":"","format":"standard","meta":{"footnotes":"","_share_on_mastodon":"0"},"categories":[51614],"tags":[2151,42,38,40,39,41],"class_list":["post-669422","post","type-post","status-publish","format-standard","has-post-thumbnail","category-bialystok","tag-bialystok","tag-pl","tag-poland","tag-polish","tag-polska","tag-polski"],"share_on_mastodon":{"url":"https:\/\/pubeurope.com\/@pl\/117219180358368856","error":""},"_links":{"self":[{"href":"https:\/\/www.europesays.com\/pl\/wp-json\/wp\/v2\/posts\/669422","targetHints":{"allow":["GET"]}}],"collection":[{"href":"https:\/\/www.europesays.com\/pl\/wp-json\/wp\/v2\/posts"}],"about":[{"href":"https:\/\/www.europesays.com\/pl\/wp-json\/wp\/v2\/types\/post"}],"author":[{"embeddable":true,"href":"https:\/\/www.europesays.com\/pl\/wp-json\/wp\/v2\/users\/2"}],"replies":[{"embeddable":true,"href":"https:\/\/www.europesays.com\/pl\/wp-json\/wp\/v2\/comments?post=669422"}],"version-history":[{"count":0,"href":"https:\/\/www.europesays.com\/pl\/wp-json\/wp\/v2\/posts\/669422\/revisions"}],"wp:featuredmedia":[{"embeddable":true,"href":"https:\/\/www.europesays.com\/pl\/wp-json\/wp\/v2\/media\/669423"}],"wp:attachment":[{"href":"https:\/\/www.europesays.com\/pl\/wp-json\/wp\/v2\/media?parent=669422"}],"wp:term":[{"taxonomy":"category","embeddable":true,"href":"https:\/\/www.europesays.com\/pl\/wp-json\/wp\/v2\/categories?post=669422"},{"taxonomy":"post_tag","embeddable":true,"href":"https:\/\/www.europesays.com\/pl\/wp-json\/wp\/v2\/tags?post=669422"}],"curies":[{"name":"wp","href":"https:\/\/api.w.org\/{rel}","templated":true}]}}