{"id":669436,"date":"2026-09-05T15:44:35","date_gmt":"2026-09-05T15:44:35","guid":{"rendered":"https:\/\/www.europesays.com\/pl\/669436\/"},"modified":"2026-09-05T15:44:35","modified_gmt":"2026-09-05T15:44:35","slug":"wroclaw-przyciaga-nowych-mieszkancow-rynek-pracy-jednym-z-jego-atutow-2","status":"publish","type":"post","link":"https:\/\/www.europesays.com\/pl\/669436\/","title":{"rendered":"Wroc\u0142aw przyci\u0105ga nowych mieszka\u0144c\u00f3w. Rynek pracy jednym z jego atut\u00f3w"},"content":{"rendered":"<p>\t&#13;<br \/>\nRaport IBIMS \u201eWizerunek Wroc\u0142awia \u2013 lipiec 2026\u201d wskazuje Wroc\u0142aw jako lidera przeprowadzki (22,3 proc.) i rekomendacji na studia (23,8 proc.).&#13;<br \/>\nWroc\u0142aw zbiera wysokie oceny za turystyk\u0119, kultur\u0119, akademicko\u015b\u0107, nowoczesno\u015b\u0107 i gastronomi\u0119, a 56 proc. odwiedzaj\u0105cych poleci\u0142oby miasto bliskim.&#13;<br \/>\nRekordowy ruch turystyczny w 2025 roku (ponad 7 mln odwiedzaj\u0105cych) i rosn\u0105ce wyr\u00f3\u017cnienia Michelin maj\u0105 wzmacnia\u0107 atrakcyjno\u015b\u0107 Wroc\u0142awia dla go\u015bci i inwestycji.&#13;<\/p>\n<p>&#8211; Najnowszy raport Instytutu Bada\u0144 Internetu i Medi\u00f3w Spo\u0142eczno\u015bciowych (IBIMS) pokazuje, \u017ce Wroc\u0142aw utrzymuje poziom odnotowany w poprzednich falach bada\u0144, je\u017celi chodzi o zainteresowanie miastem, zar\u00f3wno w\u015br\u00f3d student\u00f3w, os\u00f3b rozwa\u017caj\u0105cych przeprowadzk\u0119, jak i tych, kt\u00f3re chc\u0105 odwiedzi\u0107 miasto turystycznie \u2013 m\u00f3wi w rozmowie z agencj\u0105 Newseria Rados\u0142aw Michalski, dyrektor Departamentu Marki Miasta Urz\u0119du Miejskiego we Wroc\u0142awiu.<\/p>\n<p>56 proc. ankietowanych, kt\u00f3rzy byli we Wroc\u0142awiu, poleci\u0142oby odwiedzenie go znajomym i rodzinie. Jednocze\u015bnie w\u015br\u00f3d os\u00f3b, kt\u00f3re odwiedzi\u0142y stolic\u0119 Dolnego \u015al\u0105ska w ostatnich dw\u00f3ch latach, odsetek ten jest wy\u017cszy i wynosi 63 proc.<\/p>\n<p>\u2013 To efekt synergii i konsekwencji w dzia\u0142aniach wizerunkowych, ale przede wszystkim umiej\u0119tnego wykorzystania naturalnych potencja\u0142\u00f3w Wroc\u0142awia, dzi\u0119ki czemu pozostajemy autentyczni. Dzi\u015b coraz silniej opieramy si\u0119 na opiniach ludzi, kt\u00f3rzy do\u015bwiadczyli czego\u015b osobi\u015bcie. Fakt, \u017ce w kolejnych badaniach rokrocznie wzrasta poziom tych, kt\u00f3rzy chc\u0105 o Wroc\u0142awiu m\u00f3wi\u0107 dobrze, poniewa\u017c go zobaczyli i zyskali osobiste do\u015bwiadczenie r\u00f3\u017cnych obszar\u00f3w naszego miasta, jest niezwykle cenny i potwierdza eksponowanie w\u0142a\u015bciwych atut\u00f3w stolicy Dolnego \u015al\u0105ska \u2013 uwa\u017ca Rados\u0142aw Michalski.<\/p>\n<p>        <a href=\"https:\/\/www.pulshr.pl\/prawo-pracy\/wypowiedzenie-umowy-moze-pozbawic-zasilku-liczy-sie-to-co-wydarzy-sie-pozniej,121630.html\" class=\"read-more-box-img-cnt\" rel=\"nofollow noopener\" target=\"_blank\"><br \/>\n        \t            <img decoding=\"async\" src=\"https:\/\/www.europesays.com\/pl\/wp-content\/uploads\/2026\/09\/1788623073_908_139167_r0_300.jpg\" class=\"read-more-box-img\" loading=\"lazy\" alt=\"Wypowiedzenie umowy mo\u017ce pozbawi\u0107 zasi\u0142ku. Liczy si\u0119 to, co wydarzy si\u0119 p\u00f3\u017aniej\" width=\"300\" height=\"200\"\/><br \/>\n                    <\/a><\/p>\n<p>Wroc\u0142aw w raporcie IBIMS. Turystyka, kultura i akademicko\u015b\u0107 w czo\u0142\u00f3wce ocen<\/p>\n<p>W\u015br\u00f3d najmocniejszych obszar\u00f3w Wroc\u0142awia ocenianych przez IBIMS znajduj\u0105 si\u0119:<\/p>\n<p>&#13;<br \/>\natrakcyjno\u015b\u0107 turystyczna i przyjazno\u015b\u0107 turystom (80 proc. pozytywnych ocen),&#13;<br \/>\noferta kulturalna (78 proc.),&#13;<br \/>\nakademicko\u015b\u0107 (77 proc.),&#13;<br \/>\nnowoczesno\u015b\u0107 (77 proc.),&#13;<br \/>\noferta kulinarna (77 proc.).&#13;<\/p>\n<p>&#8211; Wroc\u0142aw jest miastem zbudowanym bardzo synergicznie. Ma bogat\u0105 ofert\u0119 akademick\u0105, kt\u00f3ra zaprasza do Wroc\u0142awia ludzi m\u0142odych, ale tak\u017ce du\u017cy potencja\u0142 na wci\u0105\u017c rozwijaj\u0105cym si\u0119 rynku pracy. Studenci cz\u0119sto znajduj\u0105 zatrudnienie jeszcze w trakcie swojej nauki, maj\u0105c szans\u0119 rozwijania swoich umiej\u0119tno\u015bci, talent\u00f3w i zainteresowa\u0144 w r\u00f3\u017cnego rodzaju firmach, lokalnych przedsi\u0119biorstwach lub w sektorze start-upowym \u2013 podkre\u015bla dyrektor Departamentu Marki Miasta Urz\u0119du Miejskiego we Wroc\u0142awiu.<\/p>\n<p>Wroc\u0142aw ma mocn\u0105 pozycj\u0119 jako miasto rekomendowane do studiowania. 23,8 proc. ankietowanych wskazuje go jako to, kt\u00f3re poleci\u0142oby m\u0142odej osobie w pierwszej kolejno\u015bci. To wynik wy\u017cszy ni\u017c Warszawy i Krakowa. Argumenty za stolic\u0105 Dolnego \u015al\u0105ska koncentruj\u0105 si\u0119 wok\u00f3\u0142 szerokiej oferty uczelni, osobistego do\u015bwiadczenia, poziomu kszta\u0142cenia, mo\u017cliwo\u015bci rozwoju, a tak\u017ce klimatu miasta.<\/p>\n<p>Dlaczego Wroc\u0142aw jest polecany na studia? 110 tys. student\u00f3w i ekosystem start-up\u00f3w<br \/>\n&#13;<\/p>\n<p>&#8211; Wroc\u0142aw jest polecany jako miasto do studiowania. Mamy 110 tys. student\u00f3w, co oznacza, \u017ce co sz\u00f3sty mieszkaniec miasta nim jest. To daje olbrzymi potencja\u0142 m\u0142odo\u015bci, miasta \u017cywotnego, kolorowego. Tam, gdzie si\u0119 dobrze studiuje, potem ro\u015bnie liczba start-up\u00f3w. Wroc\u0142aw ma ich najwi\u0119cej w Polsce, przeliczaj\u0105c na mieszka\u0144c\u00f3w \u2013 wyja\u015bnia Tomasz Sikora z Wydzia\u0142u Komunikacji Spo\u0142ecznej Urz\u0119du Miejskiego Wroc\u0142awia.<\/p>\n<p>&#13;<\/p>\n<p>Wroc\u0142aw jest postrzegany przede wszystkim jako miasto o du\u017cym potencjale i szerokich mo\u017cliwo\u015bciach rozwoju. Wyra\u017anym wyr\u00f3\u017cnikiem jest r\u00f3wnie\u017c zaplecze akademickie i dost\u0119p do wykwalifikowanych kadr, r\u00f3wnie cz\u0119sto wskazywane jak technologie, IT i innowacje. W dalszej kolejno\u015bci pojawiaj\u0105 si\u0119 otwarto\u015b\u0107 na inwestycje, korzystne po\u0142o\u017cenie geograficzne, jak r\u00f3wnie\u017c obecno\u015b\u0107 firm i korporacji.<\/p>\n<p>        <a href=\"https:\/\/www.pulshr.pl\/po-godzinach\/polacy-coraz-czesciej-wyjezdzaja-ale-na-krocej-te-kierunki-wybierali-najchetniej,121626.html\" class=\"read-more-box-img-cnt\" rel=\"nofollow noopener\" target=\"_blank\"><br \/>\n        \t            <img decoding=\"async\" src=\"https:\/\/www.europesays.com\/pl\/wp-content\/uploads\/2026\/09\/1788623074_18_139163_r0_300.jpg\" class=\"read-more-box-img\" loading=\"lazy\" alt=\"Polacy coraz cz\u0119\u015bciej wyje\u017cd\u017caj\u0105, ale na kr\u00f3cej. Te kierunki wybierali najch\u0119tniej\" width=\"300\" height=\"200\"\/><br \/>\n                    <\/a><\/p>\n<p>\u2013 Silnie reprezentowane s\u0105 start-upy, kt\u00f3re r\u00f3wnie\u017c s\u0105 wygenerowane przez potencja\u0142, kt\u00f3ry nazywamy klas\u0105 kreatywn\u0105. Studenci zebrani w jednym mie\u015bcie, poszukuj\u0105cy r\u00f3\u017cnego rodzaju nowoczesnych rozwi\u0105za\u0144, zderzaj\u0105cy si\u0119 ze sob\u0105 i ze swoimi pomys\u0142ami, s\u0105 w stanie wnie\u015b\u0107 warto\u015b\u0107 dodan\u0105. Widzimy, \u017ce Wroc\u0142aw ma potencja\u0142 do tego, aby sta\u0107 si\u0119 miastem, z kt\u00f3rym warto zwi\u0105za\u0107 swoj\u0105 przysz\u0142o\u015b\u0107 \u2013 podkre\u015bla Rados\u0142aw Michalski.<\/p>\n<p>Rynek pracy Wroc\u0142awia. IT, R&amp;D i przemys\u0142, a tak\u017ce handel i logistyka<\/p>\n<p>&#8211; Wroc\u0142aw od lat jest bardzo atrakcyjny zar\u00f3wno do studiowania, pozostawania w mie\u015bcie, jak i zak\u0142adania w\u0142asnej dzia\u0142alno\u015bci albo znalezienia miejsca w jednej z wielkiej liczby r\u00f3\u017cnorodnych firm, kt\u00f3re lokuj\u0105 si\u0119 w nim ju\u017c od lat. Zar\u00f3wno rodzimych, jak i zagranicznych. Gospodarka Wroc\u0142awia i ca\u0142ej aglomeracji jest bardzo r\u00f3\u017cnorodna. Od innowacyjnego przemys\u0142u, poprzez bardzo technologicznie rozwini\u0119te centra R&amp;D, zak\u0142ady badawcze, po bardzo siln\u0105 bran\u017c\u0119 IT, co wynika te\u017c z d\u0142ugich tradycji akademickich, na przyk\u0142ad na bazie Politechniki Wroc\u0142awskiej, z tradycji zwi\u0105zanej z elektronik\u0105 \u2013 t\u0142umaczy Magdalena Okulowska, prezes Agencji Rozwoju Aglomeracji Wroc\u0142awskiej.<\/p>\n<p>&#13;<\/p>\n<p>Wroc\u0142aw w\u015br\u00f3d ankietowanych g\u0142\u00f3wnie kojarzy si\u0119 z bran\u017c\u0105 IT i nowych technologii (37,9 proc.). Na drugim miejscu znajduje si\u0119 handel i us\u0142ugi (27,9 proc.), na trzecim logistyka i e-commerce (25 proc.), a tu\u017c za podium plasuje si\u0119 elektronika (23,3 proc.).<\/p>\n<p>&#13;<\/p>\n<p>\u2013 Samo istnienie Agencji Rozwoju Aglomeracji Wroc\u0142awskiej m\u00f3wi o naszym sp\u00f3jnym traktowaniu ca\u0142ej metropolii jako jednego funkcjonalnego systemu. Nad tym pracujemy ju\u017c od kilku dekad i ci\u0105g\u0142e zacie\u015bnianie tych relacji, zar\u00f3wno infrastrukturalnych, jak i transportowych, b\u0119dzie powodowa\u0142o, \u017ce wizerunek aglomeracji jako ca\u0142o\u015bci b\u0119dzie coraz przyja\u017aniejszy. Jako\u015b\u0107 \u017cycia, mo\u017cliwo\u015b\u0107 szybkiego dotarcia z miejsca na miejsce, wsp\u00f3\u0142praca pomi\u0119dzy poszczeg\u00f3lnymi gminami, du\u017cym o\u015brodkiem jak Wroc\u0142aw i gminami o\u015bciennymi \u2013 to wszystko powoduje tworzenie coraz lepszych, kompaktowych rozwi\u0105za\u0144, a przecie\u017c na tym zale\u017cy mieszka\u0144com \u2013 uwa\u017ca Magdalena Okulowska.<\/p>\n<p>        <a href=\"https:\/\/www.pulshr.pl\/rekrutacja\/budowlanka-placi-nawet-36-tys-zl-miesiecznie-ale-rak-do-pracy-wciaz-brakuje,121584.html\" class=\"read-more-box-img-cnt\" rel=\"nofollow noopener\" target=\"_blank\"><br \/>\n        \t            <img decoding=\"async\" src=\"https:\/\/www.europesays.com\/pl\/wp-content\/uploads\/2026\/09\/1788623075_590_139117_r0_300.jpg\" class=\"read-more-box-img\" loading=\"lazy\" alt=\"Budowlanka p\u0142aci nawet 36 tys. z\u0142 miesi\u0119cznie, ale r\u0105k do pracy wci\u0105\u017c brakuje\" width=\"300\" height=\"200\"\/><br \/>\n                    <\/a><\/p>\n<p>Turystyka we Wroc\u0142awiu: rekord 2025 i wydatki turyst\u00f3w blisko 5 mld z\u0142<\/p>\n<p>2025 rok by\u0142 dla Wroc\u0142awia rekordowy pod wzgl\u0119dem ruchu turystycznego. Odwiedzi\u0142o go ponad 7 mln os\u00f3b, czyli o 6 proc. wi\u0119cej ni\u017c rok wcze\u015bniej (6,6 mln). Odnotowano wzrost liczby os\u00f3b nocuj\u0105cych w mie\u015bcie, kt\u00f3ra wynios\u0142a 3,9 mln (+400 tys. r\/r). W\u015br\u00f3d go\u015bci zagranicznych najliczniejsz\u0105 grup\u0119 stanowili Niemcy, a tak\u017ce Czesi, Brytyjczycy, Norwegowie i W\u0142osi. Ponadto wydatki turyst\u00f3w i odwiedzaj\u0105cych jednodniowych w 2025 roku oszacowano na 4,95 mld z\u0142. Rok wcze\u015bniej by\u0142o to ok. 4,5 mld z\u0142. To dane Wroc\u0142awskiej Organizacji Turystycznej.<\/p>\n<p>\u2013 W\u015br\u00f3d ca\u0142ej grupy go\u015bci mamy tych, kt\u00f3rzy przyjechali po raz pierwszy do Wroc\u0142awia, i tych, kt\u00f3rzy przyje\u017cd\u017caj\u0105 kolejny raz, po trzech, czterech latach, czasem po roku. Oferta musi wi\u0119c by\u0107 dostosowana do jednych i drugich, a zarazem r\u00f3\u017cnorodna. Do Wroc\u0142awia b\u0119dziemy przyci\u0105ga\u0107 tych, kt\u00f3rzy nigdy jeszcze w nim nie byli, gwiazdkami Michelin, Ostrowem Tumskim, ZOO z Afrykarium, Rynkiem ze wspania\u0142ym ratuszem, Hydropolis czy Kolejkowem. To atraktory, kt\u00f3re mo\u017cna nazwa\u0107 top 10 Wroc\u0142awia, zgodnie z has\u0142em \u201ezobacz Wroc\u0142aw po raz pierwszy\u201d \u2013 zaznacza Alfred Wagner, prezes Wroc\u0142awskiej Organizacji Turystycznej, zast\u0119pca dyrektora Wydzia\u0142u Promocji Miasta i Turystyki Urz\u0119du Miejskiego Wroc\u0142awia.<\/p>\n<p>25,1 proc. ankietowanych przez IBIMS nigdy nie by\u0142o we Wroc\u0142awiu. 37,1 proc. odwiedzi\u0142o go w 2022 roku lub wcze\u015bniej, 14,1 proc. w 2023 lub 2024 roku, 13,1 proc. w 2025 roku, a 10,7 proc. w 2026 roku.<\/p>\n","protected":false},"excerpt":{"rendered":"&#13; Raport IBIMS \u201eWizerunek Wroc\u0142awia \u2013 lipiec 2026\u201d wskazuje Wroc\u0142aw jako lidera przeprowadzki (22,3 proc.) i rekomendacji na&hellip;\n","protected":false},"author":2,"featured_media":669437,"comment_status":"","ping_status":"","sticky":false,"template":"","format":"standard","meta":{"footnotes":"","_share_on_mastodon":"0"},"categories":[51607],"tags":[664,670,129830,64165,129833,129831,668,64163,30843,42,38,40,39,41,129832,669,64164,129829,1853],"class_list":["post-669436","post","type-post","status-publish","format-standard","has-post-thumbnail","category-wroclaw","tag-typedefinedterm","tag-20321-html","tag-25987-html","tag-31191-html","tag-51704-html","tag-nameprzeprowadzka","tag-namerynek-pracy","tag-namestudia","tag-namewrocu0142aw","tag-pl","tag-poland","tag-polish","tag-polska","tag-polski","tag-urlhttps-www-pulshr-pl-lista-przeprowadzka","tag-urlhttps-www-pulshr-pl-lista-rynek-pracy","tag-urlhttps-www-pulshr-pl-lista-studia","tag-urlhttps-www-pulshr-pl-lista-wroclaw","tag-wroclaw"],"share_on_mastodon":{"url":"https:\/\/pubeurope.com\/@pl\/117219209381408944","error":""},"_links":{"self":[{"href":"https:\/\/www.europesays.com\/pl\/wp-json\/wp\/v2\/posts\/669436","targetHints":{"allow":["GET"]}}],"collection":[{"href":"https:\/\/www.europesays.com\/pl\/wp-json\/wp\/v2\/posts"}],"about":[{"href":"https:\/\/www.europesays.com\/pl\/wp-json\/wp\/v2\/types\/post"}],"author":[{"embeddable":true,"href":"https:\/\/www.europesays.com\/pl\/wp-json\/wp\/v2\/users\/2"}],"replies":[{"embeddable":true,"href":"https:\/\/www.europesays.com\/pl\/wp-json\/wp\/v2\/comments?post=669436"}],"version-history":[{"count":0,"href":"https:\/\/www.europesays.com\/pl\/wp-json\/wp\/v2\/posts\/669436\/revisions"}],"wp:featuredmedia":[{"embeddable":true,"href":"https:\/\/www.europesays.com\/pl\/wp-json\/wp\/v2\/media\/669437"}],"wp:attachment":[{"href":"https:\/\/www.europesays.com\/pl\/wp-json\/wp\/v2\/media?parent=669436"}],"wp:term":[{"taxonomy":"category","embeddable":true,"href":"https:\/\/www.europesays.com\/pl\/wp-json\/wp\/v2\/categories?post=669436"},{"taxonomy":"post_tag","embeddable":true,"href":"https:\/\/www.europesays.com\/pl\/wp-json\/wp\/v2\/tags?post=669436"}],"curies":[{"name":"wp","href":"https:\/\/api.w.org\/{rel}","templated":true}]}}