{"id":669442,"date":"2026-09-05T15:47:09","date_gmt":"2026-09-05T15:47:09","guid":{"rendered":"https:\/\/www.europesays.com\/pl\/669442\/"},"modified":"2026-09-05T15:47:09","modified_gmt":"2026-09-05T15:47:09","slug":"sondaz-czy-polska-jest-bezpiecznym-krajem-sa-wyniki","status":"publish","type":"post","link":"https:\/\/www.europesays.com\/pl\/669442\/","title":{"rendered":"Sonda\u017c: Czy Polska jest bezpiecznym krajem? S\u0105 wyniki"},"content":{"rendered":"\n<p>&#13;<br \/>\nW nowym sonda\u017cu United Surveys by\u00a0IBRiS dla\u00a0Wirtualnej Polski ankietowanych zapytano: &#8222;Czy Polska jest obecnie krajem bezpiecznym, bior\u0105c pod\u00a0uwag\u0119 sytuacj\u0119 mi\u0119dzynarodow\u0105?&#8221;. &#13;\n<\/p>\n<p>Polska bezpiecznym krajem? Wi\u0119kszo\u015b\u0107 Polak\u00f3w w\u00a0sonda\u017cu tak uwa\u017ca<\/p>\n<p>&#13;<br \/>\n\u0141\u0105cznie 73,4 proc. respondent\u00f3w odpowiedzia\u0142o twierdz\u0105co, w\u00a0tym odpowied\u017a &#8222;raczej tak&#8221; wskaza\u0142o 53,1 proc., a\u00a0opcj\u0119 &#8222;zdecydowanie tak&#8221; wybra\u0142o 20,3 proc. ankietowanych. &#13;\n<\/p>\n<p>&#13;<br \/>\n\u0141\u0105cznie 20,4 proc. Polak\u00f3w uwa\u017ca, \u017ce\u00a0Polska nie\u00a0jest krajem bezpiecznym, z\u00a0czego Odpowied\u017a &#8222;zdecydowanie nie&#8221; zaznaczy\u0142o 10,5 proc. badanych, a\u00a0odpowied\u017a &#8222;raczej nie&#8221; \u2013\u00a09,9 proc. respondent\u00f3w. &#13;\n<\/p>\n<p>&#13;<br \/>\n6,2 proc. uczestnik\u00f3w sonda\u017cu nie\u00a0ma\u00a0zdania na\u00a0ten temat. &#13;\n<\/p>\n<p>Jak my\u015bl\u0105 wyborcy rz\u0105du i\u00a0wyborcy opozycji?<\/p>\n<p>&#13;<br \/>\nW\u015br\u00f3d wyborc\u00f3w koalicji rz\u0105dowej (KO, PSL, Polska 2050 i\u00a0Lewica), 83 proc. badanych twierdzi, \u017ce\u00a0Polska jest krajem bezpiecznym, z\u00a0czego 28 proc. wybra\u0142o odpowied\u017a &#8222;zdecydowanie tak&#8221;, a\u00a055 proc. &#8222;raczej tak&#8221;. 11 proc. wyborc\u00f3w rz\u0105du uwa\u017ca, \u017ce\u00a0Polska nie\u00a0jest bezpieczna (4 proc. raczej nie\u00a0i\u00a07 proc. zdecydowanie nie). 6\u00a0proc. nie\u00a0ma\u00a0zdania. &#13;\n<\/p>\n<p>&#13;<br \/>\nZ kolei w\u015br\u00f3d wyborc\u00f3w opozycji (PiS, Konfederacja, Konfederacja Korony Polskiej i\u00a0Razem), \u0142\u0105czna liczba odpowiedzi pozytywnych to\u00a069 proc., w\u00a0tym 12 proc. badanych odpowiedzia\u0142o &#8222;zdecydowanie tak&#8221;, a\u00a057 proc. \u2013\u00a0&#8222;raczej tak&#8221;. Brak poczucia bezpiecze\u0144stwa deklaruje 22 proc. sympatyk\u00f3w opozycji (10 proc. raczej nie\u00a0i\u00a012 proc. zdecydowanie nie). 9\u00a0proc. nie\u00a0ma\u00a0na\u00a0ten temat zdania. &#13;\n<\/p>\n<p>&#13;<br \/>\nSonda\u017c zosta\u0142 zrealizowany przez United Surveys by\u00a0IBRIS na\u00a0zlecenie Wirtualnej Polski w\u00a0dniach 21-23 sierpnia 2026 roku, metod\u0105 mix-mode, \u0142\u0105cz\u0105c\u0105 wywiady internetowe CAWI oraz\u00a0telefoniczne wywiady kwestionariuszowe wspomagane komputerowo CATI, na\u00a0og\u00f3lnopolskiej pr\u00f3bie 1000 os\u00f3b. &#13;\n<\/p>\n<p>&#13;<br \/>\n   Czytaj te\u017c:<br \/><a href=\"https:\/\/dorzeczy.pl\/kraj\/938575\/sondaz-reparacje-wojenne-od-niemiec-polacy-zabrali-glos.html\" rel=\"follow nofollow noopener\" data-schema=\"DORZECZY\" data-image=\"https:\/\/img.dorzeczy.pl\/_thumb\/90\/58\/a9a83e41a3f7f9ca5348ce11cd68.jpeg\" target=\"_blank\">Reparacje wojenne od\u00a0Niemiec. Polacy zabrali g\u0142os w\u00a0sonda\u017cu<\/a>   Czytaj te\u017c:<br \/><a href=\"https:\/\/dorzeczy.pl\/kraj\/938278\/sondaz-zle-oceny-rzadu-ale-tusk-ma-powody-do-radosci.html\" rel=\"follow nofollow noopener\" data-schema=\"DORZECZY\" data-image=\"https:\/\/img.dorzeczy.pl\/_thumb\/2a\/c8\/4b36a69f39a5d159ea473b7b4125.jpeg\" target=\"_blank\">Polacy \u017ale oceniaj\u0105 rz\u0105d, ale\u00a0Tusk ma\u00a0powody do\u00a0rado\u015bci. Jest nowy sonda\u017c<\/a> &#13;<\/p>\n","protected":false},"excerpt":{"rendered":"&#13; W nowym sonda\u017cu United Surveys by\u00a0IBRiS dla\u00a0Wirtualnej Polski ankietowanych zapytano: &#8222;Czy Polska jest obecnie krajem bezpiecznym, bior\u0105c&hellip;\n","protected":false},"author":2,"featured_media":669443,"comment_status":"","ping_status":"","sticky":false,"template":"","format":"standard","meta":{"footnotes":"","_share_on_mastodon":"0"},"categories":[12],"tags":[425,98,49,103,102,42,38,40,39,41,366],"class_list":["post-669442","post","type-post","status-publish","format-standard","has-post-thumbnail","category-polska","tag-bezpieczenstwo","tag-dorzeczy","tag-kraj","tag-obserwator-mediow","tag-opinie","tag-pl","tag-poland","tag-polish","tag-polska","tag-polski","tag-sondaz"],"share_on_mastodon":{"url":"https:\/\/pubeurope.com\/@pl\/117219219529544914","error":""},"_links":{"self":[{"href":"https:\/\/www.europesays.com\/pl\/wp-json\/wp\/v2\/posts\/669442","targetHints":{"allow":["GET"]}}],"collection":[{"href":"https:\/\/www.europesays.com\/pl\/wp-json\/wp\/v2\/posts"}],"about":[{"href":"https:\/\/www.europesays.com\/pl\/wp-json\/wp\/v2\/types\/post"}],"author":[{"embeddable":true,"href":"https:\/\/www.europesays.com\/pl\/wp-json\/wp\/v2\/users\/2"}],"replies":[{"embeddable":true,"href":"https:\/\/www.europesays.com\/pl\/wp-json\/wp\/v2\/comments?post=669442"}],"version-history":[{"count":0,"href":"https:\/\/www.europesays.com\/pl\/wp-json\/wp\/v2\/posts\/669442\/revisions"}],"wp:featuredmedia":[{"embeddable":true,"href":"https:\/\/www.europesays.com\/pl\/wp-json\/wp\/v2\/media\/669443"}],"wp:attachment":[{"href":"https:\/\/www.europesays.com\/pl\/wp-json\/wp\/v2\/media?parent=669442"}],"wp:term":[{"taxonomy":"category","embeddable":true,"href":"https:\/\/www.europesays.com\/pl\/wp-json\/wp\/v2\/categories?post=669442"},{"taxonomy":"post_tag","embeddable":true,"href":"https:\/\/www.europesays.com\/pl\/wp-json\/wp\/v2\/tags?post=669442"}],"curies":[{"name":"wp","href":"https:\/\/api.w.org\/{rel}","templated":true}]}}