{"id":669464,"date":"2026-09-05T15:58:12","date_gmt":"2026-09-05T15:58:12","guid":{"rendered":"https:\/\/www.europesays.com\/pl\/669464\/"},"modified":"2026-09-05T15:58:12","modified_gmt":"2026-09-05T15:58:12","slug":"meloni-dziekuje-nawrockiemu-pisze-to-wprost","status":"publish","type":"post","link":"https:\/\/www.europesays.com\/pl\/669464\/","title":{"rendered":"Meloni dzi\u0119kuje Nawrockiemu! Pisze to wprost"},"content":{"rendered":"<p data-v-01d4021f=\"\">Giorgia Meloni podzi\u0119kowa\u0142a prezydentowi Karolowi Nawrockiemu za gratulacje z okazji jej politycznego sukcesu.<\/p>\n<p data-v-01d4021f=\"\">Premier Giorgia Meloni pracuje na tym stanowisku najd\u0142u\u017cej w historii W\u0142och &#8211; 1413 dni. Prezydent Karol Nawrocki pogratulowa\u0142 premier W\u0142och Giorgii Meloni kierowania rz\u0105dem o najd\u0142u\u017cszym sta\u017cu w historii Republiki W\u0142oskiej. Prezydent podkre\u015bli\u0142, \u017ce Polska, i on osobi\u015bcie, niezwykle ceni blisk\u0105 przyja\u017a\u0144 z W\u0142ochami.<\/p>\n<p data-v-01d4021f=\"\">Prezydent Nawrocki, we wpisie na platformie X, z\u0142o\u017cy\u0142 Meloni serdeczne gratulacje z okazji wyj\u0105tkowego osi\u0105gni\u0119cia &#8211; kierowania rz\u0105dem o najd\u0142u\u017cszym sta\u017cu w historii Republiki W\u0142oskiej.<\/p>\n<p data-v-01d4021f=\"\">Osi\u0105gni\u0119cie to \u015bwiadczy nie tylko o jej zaanga\u017cowaniu i zdolno\u015bciach przyw\u00f3dczych, ale przede wszystkim o trwa\u0142ym zaufaniu, jakim darz\u0105 j\u0105 W\u0142osi. Polska \u2013 a tak\u017ce ja osobi\u015bcie \u2013 niezwykle cenimy nasz\u0105 blisk\u0105 przyja\u017a\u0144 z W\u0142ochami. Z niecierpliwo\u015bci\u0105 oczekuj\u0119 kontynuacji naszej silnej wsp\u00f3\u0142pracy, opartej na wsp\u00f3lnych warto\u015bciach oraz wsp\u00f3lnej wizji bezpiecznej i dostatniej Europy<\/p>\n<p data-v-01d4021f=\"\">&#8211; napisa\u0142 Nawrocki.\u00a0<\/p>\n<p>Odpowied\u017a Meloni<\/p>\n<p data-v-01d4021f=\"\">Szefowa w\u0142oskiego rz\u0105du odpowiedzia\u0142a polskiemu prezydentowi. W swoim wpisie na portalu X dzi\u0119kuj\u0119 za gratulacje od polskiej g\u0142owy pa\u0144stwa.\u00a0<\/p>\n<p data-v-01d4021f=\"\">Szanowny\u00a0Karolu Nawrocki, bardzo dzi\u0119kuj\u0119 za gratulacje i przyja\u017a\u0144, kt\u00f3ra nas \u0142\u0105czy. Oboje wierzymy w znaczenie bezpiecze\u0144stwa naszych obywateli oraz w siln\u0105 Europ\u0119 opart\u0105 na jej warto\u015bciach. Jestem przekonana, \u017ce W\u0142ochy i Polska b\u0119d\u0105 nadal wzmacnia\u0107 swoje wi\u0119zi i wsp\u00f3\u0142pracowa\u0107 ze sob\u0105 w Europie oraz na g\u0142\u00f3wnych arenach polityki mi\u0119dzynarodowej<\/p>\n<p data-v-01d4021f=\"\">&#8211;\u00a0czytamy w jej wpisie.<\/p>\n<p data-v-01d4021f=\"\">mly\/\u017ar. wPolityce.pl za X<\/p>\n","protected":false},"excerpt":{"rendered":"Giorgia Meloni podzi\u0119kowa\u0142a prezydentowi Karolowi Nawrockiemu za gratulacje z okazji jej politycznego sukcesu. Premier Giorgia Meloni pracuje na&hellip;\n","protected":false},"author":2,"featured_media":669465,"comment_status":"","ping_status":"","sticky":false,"template":"","format":"standard","meta":{"footnotes":"","_share_on_mastodon":"0"},"categories":[62712],"tags":[121116,690,88380,127822,13347,72917,907,99789,4362,2462,1005,380,423,231,127821,123474,3654],"class_list":["post-669464","post","type-post","status-publish","format-standard","has-post-thumbnail","category-karol-nawrocki","tag-analizy-polityczne","tag-karol-nawrocki","tag-komentarze-polityczne","tag-kulisy-polityki","tag-opozycja","tag-partie-polityczne","tag-polityka","tag-polityka-krajowa","tag-polityka-zagraniczna","tag-polska-polityka","tag-prezydent","tag-rzad","tag-sejm","tag-sondaze","tag-wiadomosci-polityczne","tag-wpolityce-pl","tag-wybory"],"share_on_mastodon":{"url":"https:\/\/pubeurope.com\/@pl\/117219262887135767","error":""},"_links":{"self":[{"href":"https:\/\/www.europesays.com\/pl\/wp-json\/wp\/v2\/posts\/669464","targetHints":{"allow":["GET"]}}],"collection":[{"href":"https:\/\/www.europesays.com\/pl\/wp-json\/wp\/v2\/posts"}],"about":[{"href":"https:\/\/www.europesays.com\/pl\/wp-json\/wp\/v2\/types\/post"}],"author":[{"embeddable":true,"href":"https:\/\/www.europesays.com\/pl\/wp-json\/wp\/v2\/users\/2"}],"replies":[{"embeddable":true,"href":"https:\/\/www.europesays.com\/pl\/wp-json\/wp\/v2\/comments?post=669464"}],"version-history":[{"count":0,"href":"https:\/\/www.europesays.com\/pl\/wp-json\/wp\/v2\/posts\/669464\/revisions"}],"wp:featuredmedia":[{"embeddable":true,"href":"https:\/\/www.europesays.com\/pl\/wp-json\/wp\/v2\/media\/669465"}],"wp:attachment":[{"href":"https:\/\/www.europesays.com\/pl\/wp-json\/wp\/v2\/media?parent=669464"}],"wp:term":[{"taxonomy":"category","embeddable":true,"href":"https:\/\/www.europesays.com\/pl\/wp-json\/wp\/v2\/categories?post=669464"},{"taxonomy":"post_tag","embeddable":true,"href":"https:\/\/www.europesays.com\/pl\/wp-json\/wp\/v2\/tags?post=669464"}],"curies":[{"name":"wp","href":"https:\/\/api.w.org\/{rel}","templated":true}]}}