{"id":669516,"date":"2026-09-05T16:32:15","date_gmt":"2026-09-05T16:32:15","guid":{"rendered":"https:\/\/www.europesays.com\/pl\/669516\/"},"modified":"2026-09-05T16:32:15","modified_gmt":"2026-09-05T16:32:15","slug":"prognoza-pogody-na-jutro-6-09-dla-bialegostoku-zobacz-szczegoly","status":"publish","type":"post","link":"https:\/\/www.europesays.com\/pl\/669516\/","title":{"rendered":"Prognoza pogody na jutro (6.09) dla Bia\u0142egostoku. Zobacz szczeg\u00f3\u0142y"},"content":{"rendered":"<p><img decoding=\"async\" loading=\"eager\" fetchpriority=\"high\" class=\"atomsArticleGalleryImage__mainImg\" src=\"https:\/\/www.europesays.com\/pl\/wp-content\/uploads\/2026\/09\/1788625935_500_il20260623_969927025_medium.jpg\" alt=\"Jesienny deszcz? Sprawd&#x17A;, ile go b&#x119;dzie jutro wed&#x142;ug prognozy pogody w Bia&#x142;ymstoku na niedziel&#x119;, 06.09\" width=\"1920\" height=\"1328\"\/><\/p>\n<p>\n        Jesienny deszcz? Sprawd\u017a, ile go b\u0119dzie jutro wed\u0142ug prognozy pogody w Bia\u0142ymstoku na niedziel\u0119, 06.09<\/p>\n<p>          fot. Grant Faint\/ Getty Images\n        <\/p>\n<p>Pogoda jutro w Bia\u0142ymstoku wed\u0142ug meteorolog\u00f3w. Czego mamy si\u0119 spodziewa\u0107? Jaka b\u0119dzie temperatura? Jak oceniaj\u0105 meteorolodzy, spodziewana temperatura jutro (06.09) w Bia\u0142ymstoku w najcieplejszym momencie dnia w cieniu to ok. 16\u00b0C. Z kolei prognozowana maksymalna pr\u0119dko\u015b\u0107 wiatru ma wynie\u015b\u0107 ok. 14\u00a0km\/h. Sprawd\u017a, jaka b\u0119dzie w niedziel\u0119 pogoda w Bia\u0142ymstoku i b\u0105d\u017a gotowy na kaprysy pogody.<\/p>\n","protected":false},"excerpt":{"rendered":"Jesienny deszcz? Sprawd\u017a, ile go b\u0119dzie jutro wed\u0142ug prognozy pogody w Bia\u0142ymstoku na niedziel\u0119, 06.09 fot. Grant Faint\/&hellip;\n","protected":false},"author":2,"featured_media":669517,"comment_status":"","ping_status":"","sticky":false,"template":"","format":"standard","meta":{"footnotes":"","_share_on_mastodon":"0"},"categories":[51614],"tags":[2151,101806,101807,42,38,40,39,41,1600],"class_list":["post-669516","post","type-post","status-publish","format-standard","has-post-thumbnail","category-bialystok","tag-bialystok","tag-meteo","tag-meteorologia","tag-pl","tag-poland","tag-polish","tag-polska","tag-polski","tag-prognoza-pogody"],"share_on_mastodon":{"url":"https:\/\/pubeurope.com\/@pl\/117219397430855991","error":""},"_links":{"self":[{"href":"https:\/\/www.europesays.com\/pl\/wp-json\/wp\/v2\/posts\/669516","targetHints":{"allow":["GET"]}}],"collection":[{"href":"https:\/\/www.europesays.com\/pl\/wp-json\/wp\/v2\/posts"}],"about":[{"href":"https:\/\/www.europesays.com\/pl\/wp-json\/wp\/v2\/types\/post"}],"author":[{"embeddable":true,"href":"https:\/\/www.europesays.com\/pl\/wp-json\/wp\/v2\/users\/2"}],"replies":[{"embeddable":true,"href":"https:\/\/www.europesays.com\/pl\/wp-json\/wp\/v2\/comments?post=669516"}],"version-history":[{"count":0,"href":"https:\/\/www.europesays.com\/pl\/wp-json\/wp\/v2\/posts\/669516\/revisions"}],"wp:featuredmedia":[{"embeddable":true,"href":"https:\/\/www.europesays.com\/pl\/wp-json\/wp\/v2\/media\/669517"}],"wp:attachment":[{"href":"https:\/\/www.europesays.com\/pl\/wp-json\/wp\/v2\/media?parent=669516"}],"wp:term":[{"taxonomy":"category","embeddable":true,"href":"https:\/\/www.europesays.com\/pl\/wp-json\/wp\/v2\/categories?post=669516"},{"taxonomy":"post_tag","embeddable":true,"href":"https:\/\/www.europesays.com\/pl\/wp-json\/wp\/v2\/tags?post=669516"}],"curies":[{"name":"wp","href":"https:\/\/api.w.org\/{rel}","templated":true}]}}