{"id":669534,"date":"2026-09-05T16:41:12","date_gmt":"2026-09-05T16:41:12","guid":{"rendered":"https:\/\/www.europesays.com\/pl\/669534\/"},"modified":"2026-09-05T16:41:12","modified_gmt":"2026-09-05T16:41:12","slug":"kolejna-odslona-pucharu-swiata-tak-wypadla-polska-mistrzyni","status":"publish","type":"post","link":"https:\/\/www.europesays.com\/pl\/669534\/","title":{"rendered":"Kolejna ods\u0142ona Pucharu \u015awiata. Tak wypad\u0142a polska mistrzyni"},"content":{"rendered":"<p>Zwoli\u0144ska, br\u0105zowa medalistka ubieg\u0142orocznych mistrzostw \u015bwiata w tej konkurencji, odpad\u0142a w p\u00f3\u0142finale.<\/p>\n<p>Dalszy ci\u0105g artyku\u0142u pod materia\u0142em wideo<\/p>\n<p>Dominika Brzeska zosta\u0142a sklasyfikowana na 20. pozycji po tym, jak odpad\u0142a w pierwszej rundzie rywalizacji w czw\u00f3rkach, przegrywaj\u0105c m.in. z bardziej utytu\u0142owan\u0105 kole\u017cank\u0105 z reprezentacji.<\/p>\n<p><a href=\"https:\/\/przegladsportowy.onet.pl\/\" title=\"Strona g\u0142\u00f3wna serwisu\" aria-label=\"Strona g\u0142\u00f3wna serwisu\" data-astro-prefetch=\"tap\" class=\"ods-a-logo-main-desktop\" rel=\"nofollow noopener\" target=\"_blank\"><img src=\"https:\/\/cdn.przegladsportowy.onet.pl\/img\/Logo_desktop_Onet.svg\" class=\"ods-a-logo-main-desktop__image\" alt=\"Logo\" width=\"107\" height=\"60\" fetchpriority=\"high\" decoding=\"sync\" style=\"height:60px\"\/><\/a><\/p>\n<p class=\"ods-m-google-article__text\">Czytaj nas cz\u0119\u015bciej w Google<\/p>\n<p><a href=\"https:\/\/google.com\/preferences\/source?q=przegladsportowy.onet.pl\" target=\"_blank\" rel=\"noopener noreferrer nofollow\" aria-label=\"Dodaj w Google\" title=\"Dodaj w Google\" class=\"ods-a-button ods-a-button__primary ods-a-button__default ods-a-button-l\">Dodaj w Google<\/a><\/p>\n<p>Prigent, wicemistrzyni \u015bwiata z 2025 r., wyprzedzi\u0142a w finale Niemk\u0119 Ricard\u0119 Funk oraz Brytyjk\u0119 Lois Leaver.<\/p>\n<p>Polaczyk odpad\u0142 w pierwszej rundzie fazy pucharowej. Marek Kulczycki odpad\u0142 w eliminacjach i zaj\u0105\u0142 53. miejsce.<\/p>\n<p>Zmagania odbywa\u0142y si\u0119 na torze olimpijskim<\/p>\n<p>Wygra\u0142 Clarke, wicemistrz olimpijski z igrzysk w Pary\u017cu i tegoroczny mistrz \u015bwiata, a obok niego na podium stan\u0119li Francuzi Joris Hello i Mathurin Madore.<\/p>\n<p>Zawody Pucharu \u015awiata odby\u0142y si\u0119 na olimpijskim torze w Vaires-sur-Marne, kt\u00f3ry po igrzyskach w 2024 r. zosta\u0142 przebudowany. (PAP)<\/p>\n<p>\u0179r\u00f3d\u0142o informacji: Polska Agencja Prasowa<\/p>\n<p>Opracowanie:Grzegorz Podolski<\/p>\n<p>Data utworzenia:5 wrze\u015bnia 2026, 17:51<\/p>\n","protected":false},"excerpt":{"rendered":"Zwoli\u0144ska, br\u0105zowa medalistka ubieg\u0142orocznych mistrzostw \u015bwiata w tej konkurencji, odpad\u0142a w p\u00f3\u0142finale. Dalszy ci\u0105g artyku\u0142u pod materia\u0142em wideo&hellip;\n","protected":false},"author":2,"featured_media":669535,"comment_status":"","ping_status":"","sticky":false,"template":"","format":"standard","meta":{"footnotes":"","_share_on_mastodon":"0"},"categories":[12],"tags":[128237,61195,8259,8260,48,46,42,38,40,39,41,47,130],"class_list":["post-669534","post","type-post","status-publish","format-standard","has-post-thumbnail","category-polska","tag-adshield_tst1","tag-bottomfeed_styl","tag-kajakarstwo","tag-klaudia_zwolinska","tag-nat_styl","tag-omp","tag-pl","tag-poland","tag-polish","tag-polska","tag-polski","tag-screening_general","tag-wiadomosci_sportowe"],"share_on_mastodon":{"url":"https:\/\/pubeurope.com\/@pl\/117219433074218903","error":""},"_links":{"self":[{"href":"https:\/\/www.europesays.com\/pl\/wp-json\/wp\/v2\/posts\/669534","targetHints":{"allow":["GET"]}}],"collection":[{"href":"https:\/\/www.europesays.com\/pl\/wp-json\/wp\/v2\/posts"}],"about":[{"href":"https:\/\/www.europesays.com\/pl\/wp-json\/wp\/v2\/types\/post"}],"author":[{"embeddable":true,"href":"https:\/\/www.europesays.com\/pl\/wp-json\/wp\/v2\/users\/2"}],"replies":[{"embeddable":true,"href":"https:\/\/www.europesays.com\/pl\/wp-json\/wp\/v2\/comments?post=669534"}],"version-history":[{"count":0,"href":"https:\/\/www.europesays.com\/pl\/wp-json\/wp\/v2\/posts\/669534\/revisions"}],"wp:featuredmedia":[{"embeddable":true,"href":"https:\/\/www.europesays.com\/pl\/wp-json\/wp\/v2\/media\/669535"}],"wp:attachment":[{"href":"https:\/\/www.europesays.com\/pl\/wp-json\/wp\/v2\/media?parent=669534"}],"wp:term":[{"taxonomy":"category","embeddable":true,"href":"https:\/\/www.europesays.com\/pl\/wp-json\/wp\/v2\/categories?post=669534"},{"taxonomy":"post_tag","embeddable":true,"href":"https:\/\/www.europesays.com\/pl\/wp-json\/wp\/v2\/tags?post=669534"}],"curies":[{"name":"wp","href":"https:\/\/api.w.org\/{rel}","templated":true}]}}