{"id":669536,"date":"2026-09-05T16:42:09","date_gmt":"2026-09-05T16:42:09","guid":{"rendered":"https:\/\/www.europesays.com\/pl\/669536\/"},"modified":"2026-09-05T16:42:09","modified_gmt":"2026-09-05T16:42:09","slug":"czy-polska-jest-bezpieczna-nowy-sondaz-wprost","status":"publish","type":"post","link":"https:\/\/www.europesays.com\/pl\/669536\/","title":{"rendered":"Czy Polska jest bezpieczna? Nowy sonda\u017c \u2013 Wprost"},"content":{"rendered":"\n<p>&#13;<br \/>\nWojna za\u00a0wschodni\u0105 granic\u0105, rosyjskie prowokacje i\u00a0kolejne doniesienia o\u00a0dzia\u0142aniach hybrydowych nie\u00a0odebra\u0142y Polakom poczucia bezpiecze\u0144stwa. Z\u00a0sonda\u017cu United Surveys by\u00a0IBRiS dla\u00a0Wirtualnej Polski wynika, \u017ce\u00a073,4 proc. respondent\u00f3w uwa\u017ca Polsk\u0119 za\u00a0bezpieczny kraj. &#13;\n<\/p>\n<p>&#13;<br \/>\nOdpowied\u017a \u201eraczej tak\u201d wskaza\u0142o 53,1 proc. ankietowanych, a\u00a0\u201ezdecydowanie tak\u201d \u2013\u00a020,3 proc. &#13;\n<\/p>\n<p>&#13;<br \/>\nPrzeciwnego zdania jest \u0142\u0105cznie 20,4 proc. badanych. Polski zdecydowanie nie\u00a0uwa\u017ca za\u00a0bezpieczn\u0105 10,5 proc. respondent\u00f3w, natomiast odpowied\u017a \u201eraczej nie\u201d wybra\u0142o 9,9 proc. Zdania nie\u00a0ma\u00a06,2 proc. uczestnik\u00f3w sonda\u017cu. &#13;\n<\/p>\n<p>Poczucie bezpiecze\u0144stwa ponad podzia\u0142ami<\/p>\n<p>&#13;<br \/>\nNajwi\u0119kszy spok\u00f3j deklaruj\u0105 wyborcy ugrupowa\u0144 tworz\u0105cych koalicj\u0119 rz\u0105dz\u0105c\u0105. Polsk\u0119 za\u00a0bezpieczny kraj uwa\u017ca 83 proc. z\u00a0nich \u2013\u00a028 proc. odpowiedzia\u0142o \u201ezdecydowanie tak\u201d, a\u00a055 proc. \u201eraczej tak\u201d. Zagro\u017cenie odczuwa 11 proc., natomiast 6\u00a0proc. nie\u00a0ma\u00a0zdania. &#13;\n<\/p>\n<p>&#13;<br \/>\nPoczucie bezpiecze\u0144stwa dominuje r\u00f3wnie\u017c w\u00a0elektoracie opozycji, do\u00a0kt\u00f3rego zaliczono wyborc\u00f3w PiS, obu <a href=\"https:\/\/www.wprost.pl\/kraj\/12432000\/winnicki-konfederacja-moze-zostac-przystawka-pis-nawet-majac-premiera.html\" title=\"Winnicki o\u00a0przysz\u0142ym rz\u0105dzie prawicy. Ostrzega Konfederacj\u0119\" target=\"_blank\" rel=\"nofollow noopener\">Konfederacji<\/a> oraz\u00a0partii Razem. Pozytywnej odpowiedzi udzieli\u0142o 69 proc. os\u00f3b z\u00a0tej grupy. Braku bezpiecze\u0144stwa do\u015bwiadcza 22 proc., a\u00a09 proc. nie\u00a0potrafi\u0142o odpowiedzie\u0107 jednoznacznie. &#13;\n<\/p>\n<p>&#13;<br \/>\nTak\u017ce w\u015br\u00f3d pozosta\u0142ych i\u00a0niezdecydowanych wyborc\u00f3w 69 proc. uwa\u017ca Polsk\u0119 za\u00a0bezpieczn\u0105. Przeciwnego zdania jest jednak 29 proc. badanych z\u00a0tej grupy, co\u00a0stanowi najwy\u017cszy wynik spo\u015br\u00f3d analizowanych elektorat\u00f3w. &#13;\n<\/p>\n<p>&#13;<br \/>\nBadanie przeprowadzono od\u00a021 do\u00a023 sierpnia 2026 roku metod\u0105 mieszan\u0105, obejmuj\u0105c\u0105 wywiady internetowe CAWI oraz\u00a0telefoniczne CATI. W\u00a0sonda\u017cu wzi\u0119\u0142a udzia\u0142 og\u00f3lnopolska pr\u00f3ba tysi\u0105ca os\u00f3b. &#13;\n<\/p>\n<p>&#13;<br \/>\n   Czytaj te\u017c:<br \/><a href=\"https:\/\/www.wprost.pl\/kraj\/12432120\/roman-giertych-obronca-przemyslawa-krala-tak-widza-to-polacy.html\" rel=\"follow nofollow noopener\" data-schema=\"WPROST\" data-image=\"https:\/\/img.wprost.pl\/_thumb\/e5\/de\/3055c1e82a76709a85b1d3b04e77.jpeg\" target=\"_blank\">Polacy ocenili wsp\u00f3\u0142prac\u0119 Giertycha z\u00a0Kralem. Mocny wynik<\/a>   Czytaj te\u017c:<br \/><a href=\"https:\/\/www.wprost.pl\/polityka\/12433320\/nowy-sondaz-cbos-donald-tusk-i-jego-rzad-z-lepszymi-ocenami-polakow.html\" rel=\"follow nofollow noopener\" data-schema=\"WPROST\" data-image=\"https:\/\/img.wprost.pl\/_thumb\/55\/4e\/268edc8a8209d4f75cdd61227db5.jpeg\" target=\"_blank\">Polacy zmienili zdanie o\u00a0rz\u0105dzie Tuska. Nowy sonda\u017c przynosi wyra\u017an\u0105 zmian\u0119<\/a>&#13;<\/p>\n","protected":false},"excerpt":{"rendered":"&#13; Wojna za\u00a0wschodni\u0105 granic\u0105, rosyjskie prowokacje i\u00a0kolejne doniesienia o\u00a0dzia\u0142aniach hybrydowych nie\u00a0odebra\u0142y Polakom poczucia bezpiecze\u0144stwa. Z\u00a0sonda\u017cu United Surveys by\u00a0IBRiS&hellip;\n","protected":false},"author":2,"featured_media":669537,"comment_status":"","ping_status":"","sticky":false,"template":"","format":"standard","meta":{"footnotes":"","_share_on_mastodon":"0"},"categories":[12],"tags":[425,70440,105923,49,42,38,40,39,41,366,231,43315],"class_list":["post-669536","post","type-post","status-publish","format-standard","has-post-thumbnail","category-polska","tag-bezpieczenstwo","tag-bezpieczenstwo-polski","tag-czy-polska-jest-bezpieczna","tag-kraj","tag-pl","tag-poland","tag-polish","tag-polska","tag-polski","tag-sondaz","tag-sondaze","tag-wprost"],"share_on_mastodon":{"url":"https:\/\/pubeurope.com\/@pl\/117219436048238400","error":""},"_links":{"self":[{"href":"https:\/\/www.europesays.com\/pl\/wp-json\/wp\/v2\/posts\/669536","targetHints":{"allow":["GET"]}}],"collection":[{"href":"https:\/\/www.europesays.com\/pl\/wp-json\/wp\/v2\/posts"}],"about":[{"href":"https:\/\/www.europesays.com\/pl\/wp-json\/wp\/v2\/types\/post"}],"author":[{"embeddable":true,"href":"https:\/\/www.europesays.com\/pl\/wp-json\/wp\/v2\/users\/2"}],"replies":[{"embeddable":true,"href":"https:\/\/www.europesays.com\/pl\/wp-json\/wp\/v2\/comments?post=669536"}],"version-history":[{"count":0,"href":"https:\/\/www.europesays.com\/pl\/wp-json\/wp\/v2\/posts\/669536\/revisions"}],"wp:featuredmedia":[{"embeddable":true,"href":"https:\/\/www.europesays.com\/pl\/wp-json\/wp\/v2\/media\/669537"}],"wp:attachment":[{"href":"https:\/\/www.europesays.com\/pl\/wp-json\/wp\/v2\/media?parent=669536"}],"wp:term":[{"taxonomy":"category","embeddable":true,"href":"https:\/\/www.europesays.com\/pl\/wp-json\/wp\/v2\/categories?post=669536"},{"taxonomy":"post_tag","embeddable":true,"href":"https:\/\/www.europesays.com\/pl\/wp-json\/wp\/v2\/tags?post=669536"}],"curies":[{"name":"wp","href":"https:\/\/api.w.org\/{rel}","templated":true}]}}