{"id":669570,"date":"2026-09-05T17:06:23","date_gmt":"2026-09-05T17:06:23","guid":{"rendered":"https:\/\/www.europesays.com\/pl\/669570\/"},"modified":"2026-09-05T17:06:23","modified_gmt":"2026-09-05T17:06:23","slug":"poznan-19-letni-ukrainiec-zaatakowal-rodaka-nozem-wczesniej-mial-mu-grozic-smiercia-kresy","status":"publish","type":"post","link":"https:\/\/www.europesays.com\/pl\/669570\/","title":{"rendered":"Pozna\u0144: 19-letni Ukrainiec zaatakowa\u0142 rodaka no\u017cem. Wcze\u015bniej mia\u0142 mu grozi\u0107 \u015bmierci\u0105 \u00bb Kresy"},"content":{"rendered":"<p>18-letni obywatel Ukrainy zosta\u0142 raniony no\u017cem w udo przy ul. \u015aw. Czes\u0142awa w Poznaniu. Podejrzany o atak 19-letni rodak zosta\u0142 zatrzymany, a podczas przeszukania jego mieszkania znaleziono n\u00f3\u017c i marihuan\u0119. S\u0105d zastosowa\u0142 wobec m\u0119\u017cczyzny trzymiesi\u0119czny areszt.<\/p>\n<p>W \u015brod\u0119 26 sierpnia przy ul. \u015aw. Czes\u0142awa w Poznaniu policjanci otrzymali zg\u0142oszenie o rannym m\u0142odym m\u0119\u017cczy\u017anie znajduj\u0105cym si\u0119 na chodniku. Funkcjonariuszki z Komisariatu Policji Pozna\u0144-Wilda ustali\u0142y, \u017ce 18-letni obywatel Ukrainy dozna\u0142 rany uda w wyniku ataku no\u017cem.<\/p>\n<p>Pokrzywdzony wskaza\u0142 policjantkom miejsce, w kt\u00f3rym dosz\u0142o do zdarzenia. Na miejsce wezwano zesp\u00f3\u0142 ratownictwa medycznego, kt\u00f3ry udzieli\u0142 m\u0119\u017cczy\u017anie pomocy, po czym 18-latek zosta\u0142 przewieziony do szpitala.<\/p>\n<p>Informacj\u0119 o zdarzeniu oraz p\u00f3\u017aniejszych ustaleniach przekaza\u0142a Policja Wielkopolska. Funkcjonariusze szybko ustalili miejsce zamieszkania podejrzanego. 19-letni obywatel Ukrainy zosta\u0142 zatrzymany kilka chwil p\u00f3\u017aniej.<\/p>\n<p>Czytaj te\u017c:<\/p>\n<p><a title=\"Zatrzymanie sprawcy, fot. Policja W\u0142odawa\" href=\"https:\/\/kresy.pl\/wydarzenia\/pijany-ukrainiec-rozbil-porsche-mial-dozywotni-zakaz-i-trzy-listy-goncze\/\" rel=\"bookmark nofollow noopener\" target=\"_blank\">Pijany Ukrainiec rozbi\u0142 Porsche. Mia\u0142 do\u017cywotni zakaz i trzy listy go\u0144cze<\/a><\/p>\n<p><a title=\"Granica polsko-ukrai\u0144ska w Medyce, fot. bieszczadzki.strazgraniczna.pl\" href=\"https:\/\/kresy.pl\/wydarzenia\/medyka-ukrainka-poszukiwana-dwoma-listami-gonczymi-zatrzymana-na-granicy\/\" rel=\"bookmark nofollow noopener\" target=\"_blank\">Medyka: Ukrainka poszukiwana dwoma listami go\u0144czymi zatrzymana na granicy<\/a><\/p>\n<p>N\u00f3\u017c i marihuana w mieszkaniu<\/p>\n<p>Podczas przeszukania mieszkania 19-latka policjanci znale\u017ali n\u00f3\u017c ukryty pod materacem oraz marihuan\u0119. Ustalono r\u00f3wnie\u017c, \u017ce podejrzany i pokrzywdzony wcze\u015bniej si\u0119 znali.<\/p>\n<p>W toku post\u0119powania \u015bledczy ustalili, \u017ce przed atakiem 19-latek mia\u0142 grozi\u0107 swojemu rodakowi pozbawieniem \u017cycia.<\/p>\n<p>Podejrzany us\u0142ysza\u0142 zarzut dotycz\u0105cy uszkodzenia cia\u0142a, kt\u00f3re mog\u0142o narazi\u0107 pokrzywdzonego na bezpo\u015brednie niebezpiecze\u0144stwo utraty \u017cycia albo ci\u0119\u017ckiego uszczerbku na zdrowiu. Odpowie r\u00f3wnie\u017c za posiadanie narkotyk\u00f3w.<\/p>\n<p>Trzy miesi\u0105ce aresztu<\/p>\n<p>Na wniosek prokuratora s\u0105d zastosowa\u0142 wobec 19-latka tymczasowy areszt na okres trzech miesi\u0119cy.<\/p>\n<p>Za zarzucane mu przest\u0119pstwa grozi kara do 3 lat pozbawienia wolno\u015bci. Ostatecznie o odpowiedzialno\u015bci karnej podejrzanego zdecyduje s\u0105d.<\/p>\n<p>\t\t\t<a href=\"https:\/\/kresy.pl\/przekaz-darowizne\/\" rel=\"nofollow noopener\" target=\"_blank\"><img decoding=\"async\" src=\"https:\/\/www.europesays.com\/pl\/wp-content\/uploads\/2026\/09\/1788627982_810_oxfordBanner.png\" alt=\"Jeste\u015bmy najbardziej rzetelnymi mediami w Polsce\"\/><\/a><\/p>\n<p>\t\t\t<a href=\"https:\/\/kresy.pl\/przekaz-darowizne\/\" rel=\"nofollow noopener\" target=\"_blank\"><img decoding=\"async\" src=\"https:\/\/www.europesays.com\/pl\/wp-content\/uploads\/2026\/09\/1788627983_550_oxfordBanner-mobile.png\" alt=\"Jeste\u015bmy najbardziej rzetelnymi mediami w Polsce\"\/><\/a><\/p>\n<p>Kresy.pl\/<a href=\"https:\/\/wielkopolska.policja.gov.pl\/wlk\/aktualnosci\/279170%2CPoznan-Noz-narkotyki-i-grozby-19-latek-trafil-do-aresztu.html\" rel=\"nofollow noopener\" target=\"_blank\">policja.gov.pl<\/a><\/p>\n","protected":false},"excerpt":{"rendered":"18-letni obywatel Ukrainy zosta\u0142 raniony no\u017cem w udo przy ul. \u015aw. Czes\u0142awa w Poznaniu. Podejrzany o atak 19-letni&hellip;\n","protected":false},"author":2,"featured_media":669571,"comment_status":"","ping_status":"","sticky":false,"template":"","format":"standard","meta":{"footnotes":"","_share_on_mastodon":"0"},"categories":[51609],"tags":[42,38,414,40,39,41,1817,6503],"class_list":["post-669570","post","type-post","status-publish","format-standard","has-post-thumbnail","category-poznan","tag-pl","tag-poland","tag-policja","tag-polish","tag-polska","tag-polski","tag-poznan","tag-ukraincy-w-polsce"],"share_on_mastodon":{"url":"https:\/\/pubeurope.com\/@pl\/117219531278581981","error":""},"_links":{"self":[{"href":"https:\/\/www.europesays.com\/pl\/wp-json\/wp\/v2\/posts\/669570","targetHints":{"allow":["GET"]}}],"collection":[{"href":"https:\/\/www.europesays.com\/pl\/wp-json\/wp\/v2\/posts"}],"about":[{"href":"https:\/\/www.europesays.com\/pl\/wp-json\/wp\/v2\/types\/post"}],"author":[{"embeddable":true,"href":"https:\/\/www.europesays.com\/pl\/wp-json\/wp\/v2\/users\/2"}],"replies":[{"embeddable":true,"href":"https:\/\/www.europesays.com\/pl\/wp-json\/wp\/v2\/comments?post=669570"}],"version-history":[{"count":0,"href":"https:\/\/www.europesays.com\/pl\/wp-json\/wp\/v2\/posts\/669570\/revisions"}],"wp:featuredmedia":[{"embeddable":true,"href":"https:\/\/www.europesays.com\/pl\/wp-json\/wp\/v2\/media\/669571"}],"wp:attachment":[{"href":"https:\/\/www.europesays.com\/pl\/wp-json\/wp\/v2\/media?parent=669570"}],"wp:term":[{"taxonomy":"category","embeddable":true,"href":"https:\/\/www.europesays.com\/pl\/wp-json\/wp\/v2\/categories?post=669570"},{"taxonomy":"post_tag","embeddable":true,"href":"https:\/\/www.europesays.com\/pl\/wp-json\/wp\/v2\/tags?post=669570"}],"curies":[{"name":"wp","href":"https:\/\/api.w.org\/{rel}","templated":true}]}}