{"id":669600,"date":"2026-09-05T17:23:14","date_gmt":"2026-09-05T17:23:14","guid":{"rendered":"https:\/\/www.europesays.com\/pl\/669600\/"},"modified":"2026-09-05T17:23:14","modified_gmt":"2026-09-05T17:23:14","slug":"tusk-atakuje-nawrockiego-zonda-kral-sypie-ziobre-w-sprawie-lapowki-berek-idzie-po-swieczkowskiego","status":"publish","type":"post","link":"https:\/\/www.europesays.com\/pl\/669600\/","title":{"rendered":"Tusk atakuje Nawrockiego Zond\u0105. Kral sypie Ziobr\u0119 w sprawie \u0142ap\u00f3wki. Berek idzie po \u015awi\u0119czkowskiego"},"content":{"rendered":"<p>Tw\u00f3rcy s\u0142uchowiska politycznego \u201eStan Wyj\u0105tkowy\u201d od tygodni przekonuj\u0105, \u017ce afera Zondacrypto mo\u017ce rozsadzi\u0107 prawic\u0119. Teraz Przemys\u0142aw Kral opowiada o 2 mln z\u0142 dla \u015brodowiska Zbigniewa Ziobry, obietnicy ukr\u0119cenia \u0142ba jego sprawom oraz u\u0142askawieniu, kt\u00f3re kto\u015b mia\u0142 mu za\u0142atwi\u0107 po zwyci\u0119stwie Karola Nawrockiego. Przy okazji Donald Tusk wykorzystuje chaos i rusza po Trybuna\u0142 Konstytucyjny.<\/p>\n<p>Ka\u017cda du\u017ca afera ma moment, w kt\u00f3rym przestaje by\u0107 lu\u017anym zbiorem nazwisk, spotka\u0144 i przelew\u00f3w, a staje si\u0119 opowie\u015bci\u0105 o pa\u0144stwie. Dla Zondacrypto nadszed\u0142 on w pi\u0105tek. Donald Tusk wszed\u0142 na sejmow\u0105 m\u00f3wnic\u0119 z protoko\u0142ami przes\u0142ucha\u0144 i po\u0142\u0105czy\u0142 rozrzucone elementy w jeden, wyj\u0105tkowo ponury obraz.<\/p>\n<p><a href=\"https:\/\/www.onet.pl\/\" title=\"Strona G\u0142\u00f3wna\" aria-label=\"Strona G\u0142\u00f3wna\" data-astro-prefetch=\"tap\" class=\"ods-a-logo-main-desktop\" rel=\"nofollow noopener\" target=\"_blank\"><img src=\"https:\/\/cdn.wiadomosci.onet.pl\/img\/Logo_desktop_Onet.svg\" class=\"ods-a-logo-main-desktop__image\" alt=\"Logo\" width=\"107\" height=\"60\" fetchpriority=\"high\" decoding=\"sync\" style=\"height:60px\"\/><\/a><\/p>\n<p class=\"ods-m-google-article__text\">Czytaj nas cz\u0119\u015bciej w Google<\/p>\n<p><a href=\"https:\/\/google.com\/preferences\/source?q=wiadomosci.onet.pl\" target=\"_blank\" rel=\"noopener noreferrer nofollow\" aria-label=\"Dodaj w Google\" title=\"Dodaj w Google\" class=\"ods-a-button ods-a-button__primary ods-a-button__default ods-a-button-l\">Dodaj w Google<\/a><\/p>\n<p>Wed\u0142ug zezna\u0144 cytowanych przez premiera Przemys\u0142aw Kral mia\u0142 um\u00f3wi\u0107 si\u0119 ze Zbigniewem Ziobr\u0105 na 2 mln z\u0142 w zamian za rozwi\u0105zanie swoich problem\u00f3w z prawem. By\u0142y minister mia\u0142 zna\u0107 akta jego spraw i obiecywa\u0107, \u017ce po powrocie do Ministerstwa Sprawiedliwo\u015bci \u201eukr\u0119ci \u0142eb\u201d prowadzonym sprawom. Pieni\u0105dze mia\u0142y trafi\u0107 do fundacji Ziobry, a szczeg\u00f3\u0142y mia\u0142a ustala\u0107 Patrycja Kotecka. Ziobro przekonuje, \u017ce chodzi\u0142o o legalne, bezinteresowne darowizny. <\/p>\n<p>Ot, cz\u0142owiek z powa\u017cnymi k\u0142opotami daje niemal p\u00f3\u0142 miliona by\u0142emu prokuratorowi generalnemu i niczego w zamian nie oczekuje. To z pewno\u015bci\u0105 trzyma si\u0119 kupy. <\/p>\n<p>Na tym historia si\u0119 nie ko\u0144czy. Kral mia\u0142 us\u0142ysze\u0107 od tajemniczego \u201epana X\u201d, \u017ce po zwyci\u0119stwie Karola Nawrockiego b\u0119dzie mo\u017cna za\u0142atwi\u0107 mu prezydenckie u\u0142askawienie. Zap\u0142at\u0105 mia\u0142y by\u0107 pieni\u0105dze na reklamy, kongres CPAC w Rzeszowie i imprez\u0119 w USA. Nawrocki odpowiada, \u017ce jego podpisem nikt handlowa\u0107 nie mo\u017ce. Zapewne. Dlaczego zatem ludzie kr\u0105\u017c\u0105cy wok\u00f3\u0142 prawicy s\u0105dzili, \u017ce mog\u0105 obiecywa\u0107 bezkarno\u015b\u0107 w imieniu przysz\u0142ego prezydenta?<\/p>\n<p>Zondacrypto pokazuje ca\u0142y mechanizm: pieni\u0105dze otwieraj\u0105 drzwi do polityki, a znajomo\u015bci rodz\u0105 obietnice ochrony. Kral zacz\u0105\u0142 m\u00f3wi\u0107 i ten mechanizm p\u0119ka razem z jedno\u015bci\u0105 prawicy.<\/p>\n<p>Morawiecki atakuje Kaczy\u0144skiego za zwi\u0105zki jego ludzi z Zond\u0105. A Nowogrodzka przekonuje, \u017ce aresztowany szef PKOl Rados\u0142aw Piesiewicz to cz\u0142owiek by\u0142ego premiera, cho\u0107 my go znamy jako zdeklarowanego sasinowca. <\/p>\n<p>Tusk wykorzystuje ten moment, by otworzy\u0107 drugi front. Gdy PiS liczy straty po zeznaniach Krala, premier wywa\u017ca drzwi do Trybuna\u0142u Konstytucyjnego i przeprowadza przez Sejm kandydatur\u0119 swego wsp\u00f3\u0142pracownika Macieja Berka. Jeszcze niedawno rz\u0105dz\u0105cy obiecywali odpolitycznienie TK. Teraz wysy\u0142aj\u0105 tam cz\u0142owieka prosto z rz\u0105du, bo t\u0142umacz\u0105, \u017ce sytuacja jest wyj\u0105tkowa. Nawrocki rozwa\u017ca odmow\u0119 odebrania \u015blubowania \u2014 na razie szuka pretekstu. Wie, \u017ce za\u015blubiny Berka mog\u0105 doprowadzi\u0107 do odbicia Trybuna\u0142u z r\u0105k ludzi PiS.<\/p>\n","protected":false},"excerpt":{"rendered":"Tw\u00f3rcy s\u0142uchowiska politycznego \u201eStan Wyj\u0105tkowy\u201d od tygodni przekonuj\u0105, \u017ce afera Zondacrypto mo\u017ce rozsadzi\u0107 prawic\u0119. Teraz Przemys\u0142aw Kral opowiada&hellip;\n","protected":false},"author":2,"featured_media":669601,"comment_status":"","ping_status":"","sticky":false,"template":"","format":"standard","meta":{"footnotes":"","_share_on_mastodon":"0"},"categories":[62713],"tags":[61195,1345,49,48,46,47],"class_list":["post-669600","post","type-post","status-publish","format-standard","has-post-thumbnail","category-donald-tusk","tag-bottomfeed_styl","tag-donald-tusk","tag-kraj","tag-nat_styl","tag-omp","tag-screening_general"],"share_on_mastodon":{"url":"https:\/\/pubeurope.com\/@pl\/117219597959548325","error":""},"_links":{"self":[{"href":"https:\/\/www.europesays.com\/pl\/wp-json\/wp\/v2\/posts\/669600","targetHints":{"allow":["GET"]}}],"collection":[{"href":"https:\/\/www.europesays.com\/pl\/wp-json\/wp\/v2\/posts"}],"about":[{"href":"https:\/\/www.europesays.com\/pl\/wp-json\/wp\/v2\/types\/post"}],"author":[{"embeddable":true,"href":"https:\/\/www.europesays.com\/pl\/wp-json\/wp\/v2\/users\/2"}],"replies":[{"embeddable":true,"href":"https:\/\/www.europesays.com\/pl\/wp-json\/wp\/v2\/comments?post=669600"}],"version-history":[{"count":0,"href":"https:\/\/www.europesays.com\/pl\/wp-json\/wp\/v2\/posts\/669600\/revisions"}],"wp:featuredmedia":[{"embeddable":true,"href":"https:\/\/www.europesays.com\/pl\/wp-json\/wp\/v2\/media\/669601"}],"wp:attachment":[{"href":"https:\/\/www.europesays.com\/pl\/wp-json\/wp\/v2\/media?parent=669600"}],"wp:term":[{"taxonomy":"category","embeddable":true,"href":"https:\/\/www.europesays.com\/pl\/wp-json\/wp\/v2\/categories?post=669600"},{"taxonomy":"post_tag","embeddable":true,"href":"https:\/\/www.europesays.com\/pl\/wp-json\/wp\/v2\/tags?post=669600"}],"curies":[{"name":"wp","href":"https:\/\/api.w.org\/{rel}","templated":true}]}}