{"id":669602,"date":"2026-09-05T17:24:16","date_gmt":"2026-09-05T17:24:16","guid":{"rendered":"https:\/\/www.europesays.com\/pl\/669602\/"},"modified":"2026-09-05T17:24:16","modified_gmt":"2026-09-05T17:24:16","slug":"z-dziadow-do-lorda-jima-nawrocki-oglosil-przyszloroczna","status":"publish","type":"post","link":"https:\/\/www.europesays.com\/pl\/669602\/","title":{"rendered":"Z \u201eDziad\u00f3w\u201d do \u201eLorda Jima\u201d. Nawrocki og\u0142osi\u0142 przysz\u0142oroczn\u0105&#8230;"},"content":{"rendered":"<p>Prezydent podkre\u015bli\u0142 podczas wyst\u0105pienia na Skwerze Adama Mickiewicza w Warszawie, \u017ce dziedzictwo kulturowe, literatura i j\u0119zyk polski pomagaj\u0105 trwa\u0107 przez wieki wsp\u00f3lnocie narodowej. &#8211; Literatura ma t\u0119 moc, \u017ce przenosi polsko\u015b\u0107 przez pokolenia, przenosi polsko\u015b\u0107 pomimo XIX-wiecznych zabor\u00f3w, czy XX-wiecznych okupacji. Literatura ma moc przenoszenia polsko\u015bci ponad granicami ca\u0142ej Europy i ca\u0142ego \u015bwiata &#8211; powiedzia\u0142 Karol Nawrocki.<\/p>\n<p>Doda\u0142, \u017ce &#8222;nar\u00f3d musi mie\u0107 umiej\u0119tno\u015b\u0107 wyra\u017cania swoich emocji, swoich trw\u00f3g, swoich pragnie\u0144&#8221;. &#8211; A wi\u0119c, by trwa\u0142a narodowa wsp\u00f3lnota przez kolejne wieki musi by\u0107 polski j\u0119zyk, w kt\u00f3rym wielcy wieszczowie, wielcy poeci tworz\u0105 swoje dzie\u0142a, a inni je czytaj\u0105 &#8211; powiedzia\u0142 prezydent.<\/p>\n<p>Zwr\u00f3ci\u0142 uwag\u0119, \u017ce &#8222;literatura tworzy narodowe imaginarium, w kt\u00f3rym jest miejsce z jednej strony dla przesz\u0142o\u015bci, z drugiej strony dla tera\u017aniejszo\u015bci i troski o nasz\u0105 wsp\u00f3ln\u0105 przysz\u0142o\u015b\u0107&#8221;.<\/p>\n<p>Zaznaczy\u0142, \u017ce akcja Narodowego Czytania ju\u017c od 15 lat sprawia, \u017ce jeste\u015bmy narodow\u0105 wsp\u00f3lnot\u0105.<\/p>\n<p>Nawrocki podkre\u015bli\u0142 te\u017c, \u017ce nie ma polskiej literatury bez Adama Mickiewicza. &#8211; To fundamentalna, kluczowa posta\u0107 dla zrozumienia polskiej duszy i polskiej narodowej to\u017csamo\u015bci &#8211; powiedzia\u0142 prezydent.<\/p>\n<p>Doda\u0142, \u017ce Mickiewicz jako jedyny autor, m\u00f3g\u0142 w jednym dziele, jakim s\u0105 &#8222;Dziady&#8221; po\u0142\u0105czy\u0107 &#8222;g\u0142\u0119bok\u0105 ludow\u0105 tradycj\u0119, metafizyk\u0119, psychologi\u0119, kt\u00f3ra pozostaje w XXI wieku wci\u0105\u017c aktualna, z tym co w\u00f3wczas dla Polak\u00f3w i dzisiaj dla nas jest tak\u017ce wa\u017cne, a wi\u0119c z pewnym mesjanistycznym, politycznym, narodowym pragnieniem wolno\u015bci i z tym wielkim duchem wolno\u015bci narodu polskiego&#8221;.<\/p>\n<p>Prezydent podkre\u015bli\u0142, \u017ce w akcj\u0119 czytania &#8222;Dziad\u00f3w&#8221; w\u0142\u0105czyli si\u0119 arty\u015bci r\u00f3wnie\u017c z Bia\u0142orusin i Litwy. Nawrocki podzi\u0119kowa\u0142 prezydentowi Litwy Gitanasowi Nausedzie za to, \u017ce przyj\u0105\u0142 zaproszenie do wsp\u00f3lnego odczytania fragment\u00f3w &#8222;Dziad\u00f3w&#8221;.<\/p>\n<p>Nawrocki og\u0142osi\u0142, \u017ce w przysz\u0142ym roku lektur\u0105 czytana w ramach Narodowego czytania b\u0119dzie &#8222;Lord Jim&#8221; Josepha Conrada (J\u00f3zefa Konrada Korzeniowskiego). Zaznaczy\u0142, \u017ce Conrad co prawda nie pisa\u0142 w j\u0119zyku polskim, &#8222;ale tworzy\u0142 arcypolskich bohater\u00f3w i zawsze wspiera\u0142 polsk\u0105 niepodleg\u0142o\u015b\u0107&#8221;. &#8211; W zwi\u0105zku z tym, \u017ce tak wiele ducha polskiego da\u0142 do literatury mi\u0119dzynarodowej, w przysz\u0142ym roku uczcimy J\u00f3zefa Konrada Korzeniowskiego i b\u0119dziemy czyta\u0107 &#8222;Lorda Jima&#8221;. Bardzo si\u0119 z tego ciesz\u0119 &#8211; powiedzia\u0142 prezydent.<\/p>\n<p>Pierwsza dama Marta Nawrocka podkre\u015bli\u0142a, \u017ce w ramach akcji Narodowego Czytania &#8222;Dziady&#8221; s\u0105 w ca\u0142ej Polsce oraz w ponad 40 krajach na ca\u0142ym \u015bwiecie. &#8211; Dzi\u0119ki polskiej literaturze jeste\u015bmy dzisiaj wszyscy blisko &#8211; powiedzia\u0142a.<\/p>\n<p>Podkre\u015bli\u0142a, \u017ce &#8222;Dziady&#8221; to &#8222;lektura lektur&#8221;, kt\u00f3ra \u0142\u0105czy g\u0142\u0119bok\u0105 ludow\u0105 moralno\u015b\u0107 z obrazem Polski pod zaborami.<\/p>\n<p>Dramat Mickiewicza czytali: Valdas Bagdonas, Aleksander Buchowiecki, Dariusz Jakubowski, Krzysztof Kumor, Krzysztof Ku\u015bmider, Ignacy Martusewicz, Andrzej Mastalarz, Ma\u0142gorzata Nowi\u0144ska, Tomasz Obi\u0144ski, Marcin Przybylski, Aleksiej Saprykin, Bazhena Shamovich, Adam Strug, Agnieszka Warchulska oraz Piotr Zapert.<\/p>\n<p>Po raz pierwszy Narodowe Czytanie odby\u0142o si\u0119 w 2012 roku. W\u00f3wczas lektur\u0105 by\u0142 &#8222;Pan Tadeusz&#8221; Adama Mickiewicza.<\/p>\n","protected":false},"excerpt":{"rendered":"Prezydent podkre\u015bli\u0142 podczas wyst\u0105pienia na Skwerze Adama Mickiewicza w Warszawie, \u017ce dziedzictwo kulturowe, literatura i j\u0119zyk polski pomagaj\u0105&hellip;\n","protected":false},"author":2,"featured_media":669603,"comment_status":"","ping_status":"","sticky":false,"template":"","format":"standard","meta":{"footnotes":"","_share_on_mastodon":"0"},"categories":[62712],"tags":[21690,690,261,8590,2169,1005,45810,21691,9378,21692],"class_list":["post-669602","post","type-post","status-publish","format-standard","has-post-thumbnail","category-karol-nawrocki","tag-gosc-niedzielny","tag-karol-nawrocki","tag-kultura","tag-literatura","tag-pap","tag-prezydent","tag-prezydent-rp","tag-publicystyka-katolicka","tag-tygodnik-katolicki","tag-wiadomosci-z-zycia-kosciola-polski-i-swiata"],"share_on_mastodon":{"url":"https:\/\/pubeurope.com\/@pl\/117219600791508021","error":""},"_links":{"self":[{"href":"https:\/\/www.europesays.com\/pl\/wp-json\/wp\/v2\/posts\/669602","targetHints":{"allow":["GET"]}}],"collection":[{"href":"https:\/\/www.europesays.com\/pl\/wp-json\/wp\/v2\/posts"}],"about":[{"href":"https:\/\/www.europesays.com\/pl\/wp-json\/wp\/v2\/types\/post"}],"author":[{"embeddable":true,"href":"https:\/\/www.europesays.com\/pl\/wp-json\/wp\/v2\/users\/2"}],"replies":[{"embeddable":true,"href":"https:\/\/www.europesays.com\/pl\/wp-json\/wp\/v2\/comments?post=669602"}],"version-history":[{"count":0,"href":"https:\/\/www.europesays.com\/pl\/wp-json\/wp\/v2\/posts\/669602\/revisions"}],"wp:featuredmedia":[{"embeddable":true,"href":"https:\/\/www.europesays.com\/pl\/wp-json\/wp\/v2\/media\/669603"}],"wp:attachment":[{"href":"https:\/\/www.europesays.com\/pl\/wp-json\/wp\/v2\/media?parent=669602"}],"wp:term":[{"taxonomy":"category","embeddable":true,"href":"https:\/\/www.europesays.com\/pl\/wp-json\/wp\/v2\/categories?post=669602"},{"taxonomy":"post_tag","embeddable":true,"href":"https:\/\/www.europesays.com\/pl\/wp-json\/wp\/v2\/tags?post=669602"}],"curies":[{"name":"wp","href":"https:\/\/api.w.org\/{rel}","templated":true}]}}