{"id":669606,"date":"2026-09-05T17:31:48","date_gmt":"2026-09-05T17:31:48","guid":{"rendered":"https:\/\/www.europesays.com\/pl\/669606\/"},"modified":"2026-09-05T17:31:48","modified_gmt":"2026-09-05T17:31:48","slug":"bartlomiej-wdowik-znow-w-jagiellonii-sport-wiadomosci-bialystok-online-portal-miejski-bialystok-bialystok","status":"publish","type":"post","link":"https:\/\/www.europesays.com\/pl\/669606\/","title":{"rendered":"Bart\u0142omiej Wdowik zn\u00f3w w Jagiellonii, Sport, Wiadomo\u015bci Bia\u0142ystok Online Portal Miejski Bia\u0142ystok (Bialystok)"},"content":{"rendered":"\n<p>            <img decoding=\"async\" class=\"art-figimg\" src=\"https:\/\/www.europesays.com\/pl\/wp-content\/uploads\/2026\/09\/150658-e.jpg\" width=\"375\" height=\"250\" alt=\"Bart\u0142omiej Wdowik zn\u00f3w w Jagiellonii\" loading=\"lazy\" fetchpriority=\"high\"\/><br \/>\n            Fot: Jagiellonia Bia\u0142ystok<\/p>\n<p class=\"art-lid\">Jagiellonia Bia\u0142ystok dokona\u0142a kolejnego wa\u017cnego ruchu transferowego. Do zespo\u0142u wr\u00f3ci\u0142 Bart\u0142omiej Wdowik, kt\u00f3ry zosta\u0142 ponownie wypo\u017cyczony z portugalskiej Bragi. Dla 25-letniego obro\u0144cy b\u0119dzie to ju\u017c trzeci okres w karierze, w kt\u00f3rym za\u0142o\u017cy koszulk\u0119 Dumy Podlasia.<\/p>\n<p class=\"art-cont\">Portugalski etap nie spe\u0142ni\u0142 oczekiwa\u0144<\/p>\n<p>Wdowik jest dobrze znany kibicom Jagiellonii. To w\u0142a\u015bnie w Bia\u0142ymstoku rozegra\u0142 on najlepszy jak dot\u0105d okres swojej kariery. W sezonie 2023\/2024 nale\u017ca\u0142 do wyr\u00f3\u017cniaj\u0105cych si\u0119 zawodnik\u00f3w zespo\u0142u, kt\u00f3ry si\u0119gn\u0105\u0142 po mistrzostwo Polski. Jego dobre wyst\u0119py zaowocowa\u0142y transferem do Bragi.<\/p>\n<p>Przenosiny do Portugalii mia\u0142y by\u0107 dla Wdowika kolejnym krokiem w rozwoju, ale rzeczywisto\u015b\u0107 okaza\u0142a si\u0119 trudniejsza. Polak nie wywalczy\u0142 sobie sta\u0142ego miejsca w podstawowym sk\u0142adzie Bragi, dlatego klub zdecydowa\u0142 si\u0119 na jego wypo\u017cyczenia.<\/p>\n<p>Ju\u017c w poprzednim sezonie obro\u0144ca ponownie wyst\u0119powa\u0142 w Bia\u0142ymstoku i by\u0142 regularnie wykorzystywany przez sztab szkoleniowy. \u0141\u0105cznie 25-latek rozegra\u0142 43 mecze, w kt\u00f3rych zanotowa\u0142 4 asysty.<\/p>\n<p>Po zako\u0144czeniu wypo\u017cyczenia Wdowik wr\u00f3ci\u0142 do Bragi, ale jego sytuacja nie uleg\u0142a poprawie. Brak wyst\u0119p\u00f3w i obecno\u015bci w kadrze meczowej sprawi\u0142, \u017ce kolejne wypo\u017cyczenie sta\u0142o si\u0119 dla niego najlepszym rozwi\u0105zaniem. Pi\u0142karz ponownie wybra\u0142 Jagielloni\u0119.<\/p>\n<p>&#8211; Jestem zadowolony i szcz\u0119\u015bliwy z powrotu. Zawirowa\u0144 wok\u00f3\u0142 mojego powrotu by\u0142o du\u017co, rozmowy toczy\u0142y si\u0119 dosy\u0107 d\u0142ugo. One trwa\u0142y ju\u017c w zesz\u0142ym sezonie, kiedy by\u0142em tutaj w ramach poprzedniego wypo\u017cyczenia. Podczas okna czeka\u0142em, rozmowy trwa\u0142y i ciesz\u0119 si\u0119, \u017ce na koniec okienka uda\u0142o si\u0119 dogada\u0107. M\u00f3wi\u0142em swoim managerom, \u017ce chc\u0119 trafi\u0107 do Jagiellonii, co ostatecznie si\u0119 uda\u0142o. Ciesz\u0119 si\u0119, \u017ce transfer uda\u0142o si\u0119 sfinalizowa\u0107 przed up\u0142ywem terminu rejestracji do gry w Lidze Europy. Dzisiaj jest na to ostatni dzie\u0144. Jestem podekscytowany wizj\u0105 gry w Lidze Europy. Jagiellonia ju\u017c dwukrotnie gra\u0142a w Lidze Konferencji, teraz czeka nas jeszcze wi\u0119ksze wyzwanie &#8211; powiedzia\u0142 po powrocie do Dumy Podlasia boczny defensor.<\/p>\n<p>Montoia i Polak maj\u0105 nowego rywala<\/p>\n<p>Powr\u00f3t Wdowika mo\u017ce rozwi\u0105za\u0107 problem Jagiellonii na lewej stronie defensywy. To w\u0142a\u015bnie ta pozycja by\u0142a wskazywana jako jeden z element\u00f3w wymagaj\u0105cych poprawy. Obro\u0144ca zna system gry zespo\u0142u, szatni\u0119 oraz realia polskiej ligi, dlatego nie powinien potrzebowa\u0107 wiele czasu na aklimatyzacj\u0119.<\/p>\n<p>W poprzednich pobytach w Jagiellonii Wdowik wyst\u0105pi\u0142 \u0142\u0105cznie w 162 spotkaniach. Zdoby\u0142 w nich 14 bramek i do\u0142o\u017cy\u0142 17 asyst.<br \/>&#13;<br \/>\nTeraz przed zawodnikiem kolejne zadanie. Musi odbudowa\u0107 swoj\u0105 pozycj\u0119, pom\u00f3c Jagiellonii w walce o ligowe cele i wykorzysta\u0107 szans\u0119, jak\u0105 daje gra w Lidze Europy. Dla klubu to natomiast transfer pi\u0142karza sprawdzonego, a zarazem dobrze znaj\u0105cego \u015brodowisko, w kt\u00f3rym wcze\u015bniej prezentowa\u0142 najlepsz\u0105 form\u0119.<\/p>\n<p>Jagiellonia wypo\u017cyczy\u0142a Wdowika do ko\u0144ca sezonu 2026\/2027.<\/p>\n<p class=\"art-autimg\">\n<p>                            <img decoding=\"async\" class=\"art-autimgi\" src=\"https:\/\/www.europesays.com\/pl\/wp-content\/uploads\/2026\/09\/1788629507_142_avatar_1x.jpg\" alt=\"Rafa\u0142 \u017buk\" width=\"64\" height=\"64\" loading=\"lazy\"\/><\/p>\n<p class=\"art-autname\">Rafa\u0142 \u017buk<\/p>\n<p>rafal.zuk@bialystokonline.pl<\/p>\n<p>Przeczytaj tak\u017ce<\/p>\n<p>&#13;<br \/>\n&#13;<br \/>\n&#13;<br \/>\n<img loading=\"lazy\" decoding=\"async\" src=\"https:\/\/www.europesays.com\/pl\/wp-content\/uploads\/2026\/09\/1788629508_137_adlog.gif\" width=\"0\" height=\"0\" alt=\"\" style=\"width: 0px; height: 0px;\"\/><\/p>\n<p>Popularne dzisiaj<\/p>\n","protected":false},"excerpt":{"rendered":"Fot: Jagiellonia Bia\u0142ystok Jagiellonia Bia\u0142ystok dokona\u0142a kolejnego wa\u017cnego ruchu transferowego. Do zespo\u0142u wr\u00f3ci\u0142 Bart\u0142omiej Wdowik, kt\u00f3ry zosta\u0142 ponownie&hellip;\n","protected":false},"author":2,"featured_media":669607,"comment_status":"","ping_status":"","sticky":false,"template":"","format":"standard","meta":{"footnotes":"","_share_on_mastodon":"0"},"categories":[51614],"tags":[129845,129846,2151,51731,113,51730,3754,51738,51735,4041,1096,1089,399,5809,17334,51736,2921,3840,51734,8736,1232,120,7116,17265,19285,42,5083,38,40,39,41,6309,1756,8815,38950,123,800,4278,1323,51737,13676,2879,253],"class_list":["post-669606","post","type-post","status-publish","format-standard","has-post-thumbnail","category-bialystok","tag-bartlomiej-wdowik-znow-w-jagiellonii","tag-bartlomiej-wdowiksport","tag-bialystok","tag-bialystokonline","tag-biznes","tag-bstok","tag-dom","tag-drobne","tag-firm","tag-firmy","tag-hotele","tag-imprezy","tag-informacje","tag-jagiellonia","tag-katalog","tag-kina","tag-koncert","tag-lokale","tag-miejski","tag-mieszkanie","tag-motoryzacja","tag-nauka","tag-ogloszenia","tag-on-line","tag-online","tag-pl","tag-podlasie","tag-poland","tag-polish","tag-polska","tag-polski","tag-portal","tag-praca","tag-repertuar","tag-rozklad","tag-rozrywka","tag-teatr","tag-turystyka","tag-uroda","tag-urzedy","tag-wypozyczenie","tag-zakupy","tag-zdrowie"],"share_on_mastodon":{"url":"","error":"Validation failed: Text character limit of 500 exceeded"},"_links":{"self":[{"href":"https:\/\/www.europesays.com\/pl\/wp-json\/wp\/v2\/posts\/669606","targetHints":{"allow":["GET"]}}],"collection":[{"href":"https:\/\/www.europesays.com\/pl\/wp-json\/wp\/v2\/posts"}],"about":[{"href":"https:\/\/www.europesays.com\/pl\/wp-json\/wp\/v2\/types\/post"}],"author":[{"embeddable":true,"href":"https:\/\/www.europesays.com\/pl\/wp-json\/wp\/v2\/users\/2"}],"replies":[{"embeddable":true,"href":"https:\/\/www.europesays.com\/pl\/wp-json\/wp\/v2\/comments?post=669606"}],"version-history":[{"count":0,"href":"https:\/\/www.europesays.com\/pl\/wp-json\/wp\/v2\/posts\/669606\/revisions"}],"wp:featuredmedia":[{"embeddable":true,"href":"https:\/\/www.europesays.com\/pl\/wp-json\/wp\/v2\/media\/669607"}],"wp:attachment":[{"href":"https:\/\/www.europesays.com\/pl\/wp-json\/wp\/v2\/media?parent=669606"}],"wp:term":[{"taxonomy":"category","embeddable":true,"href":"https:\/\/www.europesays.com\/pl\/wp-json\/wp\/v2\/categories?post=669606"},{"taxonomy":"post_tag","embeddable":true,"href":"https:\/\/www.europesays.com\/pl\/wp-json\/wp\/v2\/tags?post=669606"}],"curies":[{"name":"wp","href":"https:\/\/api.w.org\/{rel}","templated":true}]}}