{"id":669652,"date":"2026-09-05T18:03:18","date_gmt":"2026-09-05T18:03:18","guid":{"rendered":"https:\/\/www.europesays.com\/pl\/669652\/"},"modified":"2026-09-05T18:03:18","modified_gmt":"2026-09-05T18:03:18","slug":"rywal-pod-lupa-jagiellonia-bialystok","status":"publish","type":"post","link":"https:\/\/www.europesays.com\/pl\/669652\/","title":{"rendered":"Rywal pod lup\u0105: Jagiellonia Bia\u0142ystok"},"content":{"rendered":"<p>STATYSTYKI POJEDYNK\u00d3W ZE \u015aL\u0104SKIEM<\/p>\n<p>Do tej pory obie ekipy 50 razy stawa\u0142y naprzeciwko siebie w ligowych meczach mistrzowskich. Jak mo\u017cemy zauwa\u017cy\u0107 nieco wi\u0119cej zwyci\u0119stw maj\u0105 Wroc\u0142awianie, ale og\u00f3lny bilans jest niezwykle wyr\u00f3wnany. W Bia\u0142ymstoku nie gra si\u0119 \u0142atwo dru\u017cynom przyjezdnym, szczeg\u00f3lnie gdy ciep\u0142e lato przemija i temperatury w Polsce zaczynaj\u0105 spada\u0107, gdy\u017c jak wiemy Podlasie jest znane z nieco ni\u017cszych temperatur w odniesieniu do \u015bredniej krajowej. Po raz ostatni mecz pomi\u0119dzy \u015al\u0105skiem Wroc\u0142aw a Jagielloni\u0105 Bia\u0142ystok zosta\u0142 rozegrany 477 dni temu, a dok\u0142adnie 16 maja 2025 roku na Tarczy\u0144ski Arena. Podzia\u0142em punkt\u00f3w zako\u0144czy\u0142a si\u0119 rywalizacja w 33. kolejce sezonu 2024\/2025. Po pora\u017cce w Zabrzu Wojskowi byli ju\u017c pewni spadku z Ekstraklasy a Pszcz\u00f3\u0142ki walczy\u0142y o jak najlepsz\u0105 lokat\u0119 na koniec sezonu. Zdobywc\u0105 bramki dla WKS-u okaza\u0142 si\u0119 Yehor Macenko, a wynik spotkania ustali\u0142 Jesus Imaz doprowadzaj\u0105c do wyr\u00f3wnania.<\/p>\n<p><a href=\"https:\/\/cdn.slask.net\/photos\/2026\/9\/23d68767-d1b1-47df-9de2-e852bd47a279\" rel=\"dofollow noopener\" target=\"_blank\"><img decoding=\"async\" src=\"https:\/\/www.europesays.com\/pl\/wp-content\/uploads\/2026\/09\/23d68767-d1b1-47df-9de2-e852bd47a279.webp\" alt=\"\" class=\"article-image-full\" caption=\"\" draggable=\"false\" contenteditable=\"true\"\/><\/a><\/p>\n<p>JAGIELLONIA BIA\u0141YSTOK \u2013 POPRZEDNI SEZON<\/p>\n<p>Trzecie miejsce, ust\u0119puj\u0105c drugiemu G\u00f3rnikowi Zabrze tylko gorszym bilansem bezpo\u015brednich pojedynk\u00f3w to bardzo dobry rezultat. Duma Podlasia zakwalifikowa\u0142a si\u0119 bezpo\u015brednio do eliminacji Ligi Europy, kt\u00f3re zako\u0144czy\u0142a sukcesem, kwalifikuj\u0105c si\u0119 do rundy ligowej. W ubieg\u0142ym sezonie do Mistrza Kraju, Lecha Pozna\u0144, podopieczni Adriana Siemie\u0144ca stracili tylko cztery punkty. Na ich zdobycz punktow\u0105, z\u0142o\u017cy\u0142o si\u0119 15 zwyci\u0119skich batalii, 11 rywalizacji w kt\u00f3rych nie wy\u0142oniono lepszego zespo\u0142u oraz tylko osiem spotka\u0144 po kt\u00f3rych \u017b\u00f3\u0142to-Czerwoni schodzili do szatni po ko\u0144cowym gwizdku bez punkt\u00f3w.<\/p>\n<p><a href=\"https:\/\/cdn.slask.net\/photos\/2026\/9\/9d36a42c-40b2-4642-8386-16c1da85e240\" rel=\"dofollow noopener\" target=\"_blank\"><img decoding=\"async\" src=\"https:\/\/www.europesays.com\/pl\/wp-content\/uploads\/2026\/09\/9d36a42c-40b2-4642-8386-16c1da85e240.webp\" alt=\"\" class=\"article-image-full\" caption=\"\" draggable=\"false\" contenteditable=\"true\"\/><\/a><\/p>\n<p>STADION \u2013 DANE LICZBOWE<\/p>\n<p><a href=\"https:\/\/cdn.slask.net\/photos\/2026\/9\/79c84a26-6dfa-427e-8225-c01df1f2e25d\" rel=\"dofollow noopener\" target=\"_blank\"><img decoding=\"async\" src=\"https:\/\/www.europesays.com\/pl\/wp-content\/uploads\/2026\/09\/79c84a26-6dfa-427e-8225-c01df1f2e25d.webp\" alt=\"\" class=\"article-image-full\" caption=\"\" draggable=\"false\" contenteditable=\"true\"\/><\/a><\/p>\n<p>JAGIELLONIA BIA\u0141YSTOK \u2013 SK\u0141AD<\/p>\n<p lang=\"pl\" dir=\"ltr\">Czas nadrobi\u0107 zaleg\u0142o\u015bci. Po zwyci\u0119stwo Jaga! <a href=\"https:\/\/x.com\/hashtag\/LPOJAG?src=hash&amp;ref_src=twsrc%5Etfw\" rel=\"nofollow\">#LPOJAG<\/a> <br \/>________________________<br \/>Wspieraj\u0105 nas <a href=\"https:\/\/x.com\/wojpodlaskie?ref_src=twsrc%5Etfw\" rel=\"nofollow\">@wojpodlaskie<\/a>, <a href=\"https:\/\/x.com\/WBialystok?ref_src=twsrc%5Etfw\" rel=\"nofollow\">@WBialystok<\/a> <a href=\"https:\/\/t.co\/BV9tsOyTZJ\" rel=\"nofollow\">pic.twitter.com\/BV9tsOyTZJ<\/a><\/p>\n<p>\u2014 Jagiellonia Bia\u0142ystok (@Jagiellonia1920) <a href=\"https:\/\/x.com\/Jagiellonia1920\/status\/2095561457366716757?ref_src=twsrc%5Etfw\" rel=\"nofollow\">3 wrze\u015bnia 2026<\/a><\/p>\n<p>JAGIELLONIA BIA\u0141YSTOK \u2013 GWIAZDA ZESPO\u0141U<\/p>\n<p>W mie\u015bcie po\u0142o\u017conym nad rzek\u0105 Bia\u0142\u0105 najwa\u017cniejszym zawodnikiem ofensywnym, kt\u00f3rego obecnie kojrzymy z Jagielloni\u0105 jest Jesus Imaz. To niekwestionowany lider zespo\u0142u i zawodnik, kt\u00f3ry ju\u017c obecnie jest uznawany za jednego z najlepszych obcokrajowc\u00f3w w historii, kt\u00f3rzy grali w Ekstraklasie. Wychowanek klubu UD Lleida jest bardzo wszechstronnym pi\u0142karzem, z doskona\u0142ym przegl\u0105dem pola, przewidywaniem sytuacji boiskowych i doskona\u0142ym czytaniem gry. Bardzo dobrze porusza si\u0119 mi\u0119dzy liniami, cz\u0119sto gra jako typowa 10-ka, ale potrafi odnale\u017a\u0107 si\u0119 tak\u017ce w roli fa\u0142szywego napastnika. Jesus to przyk\u0142ad takiego zawodnika, kt\u00f3ry korzysta ze swojego boiskowego do\u015bwiadczenia, porusza si\u0119 w odpowiednie przestrzenie i legitymuje si\u0119 dobr\u0105 skuteczno\u015bci\u0105. Profesor na boisku, serce dru\u017cyny i jej przyw\u00f3dca z prawdziwego zdarzenia sta\u0142 si\u0119 najlepszym strzelcem w historii klubu. \u015amiem twierdzi\u0107, \u017ce takiego gracza chcia\u0142by mie\u0107 w swojej dru\u017cynie ka\u017cdy trener klubu w Polsce.<\/p>\n<p><a href=\"https:\/\/cdn.slask.net\/photos\/2026\/9\/249c296f-0988-46f5-8c37-3148d6993e93\" rel=\"dofollow noopener\" target=\"_blank\"><img decoding=\"async\" src=\"https:\/\/www.europesays.com\/pl\/wp-content\/uploads\/2026\/09\/249c296f-0988-46f5-8c37-3148d6993e93.webp\" alt=\"\" class=\"article-image-full\" caption=\"\" draggable=\"false\" contenteditable=\"true\"\/><\/a><\/p>\n<p>JAGIELLONIA BIA\u0141YSTOK \u2013 MOCNE STRONY<\/p>\n<p>G\u0142\u0119bia sk\u0142adu. Obecno\u015b\u0107 w czo\u0142\u00f3wce ligowych rozgrywek popularnych Pszcz\u00f3\u0142ek od kilku sezon\u00f3w oraz bardzo udane wyst\u0119py w Lidze Konferencji sprawi\u0142y, i\u017c sk\u0142ad zespo\u0142u z Podlasia musia\u0142 zosta\u0107 tak skonstruowany, by zapewni\u0107 trenerowi komfort pracy w postaci szerokiej kadry, gdy\u017c opr\u00f3cz zmaga\u0144 ligowych \u017b\u00f3\u0142to-Czerwoni reprezentuj\u0105 Polsk\u0119 w rozgrywkach Ligi Europy. Obecnie w Bia\u0142ymstoku sztab trenerski nie mo\u017ce narzeka\u0107 na poziom swojej szatni, a fakt posiadania w ekipie po dw\u00f3ch lub nawet trzech zawodnik\u00f3w mog\u0105cych gra\u0107 na okre\u015blonej pozycji to sytuacja godna pozazdroszczenia. Cho\u0107 okienko transferowe w Polsce jeszcze si\u0119 nie sko\u0144czy\u0142o to pami\u0119tajmy, i\u017c nawet w przypadku jego zamkni\u0119cia, do Jagiellonii nadal mog\u0105 trafi\u0107 zawodnicy bez podpisanego kontraktu, a to stwarza dalsze mo\u017cliwo\u015bci w kwestii pozyskania zawodnik\u00f3w.<\/p>\n<p>JAGIELLONIA BIA\u0141YSTOK \u2013 S\u0141ABE STRONY<\/p>\n<p>Krycie przy sta\u0142ych fragmentach gry. Bia\u0142ostocczanie stosuj\u0105 obron\u0119 mieszan\u0105 przy rozegraniach przeciwnika ze stoj\u0105cej pi\u0142ki. Podopieczni trenera Siemie\u0144ca broni\u0105 stref\u0105 a dodatkowo poszczeg\u00f3lni zawodnicy broni\u0105 indywidualnie. W takim zestawieniu czasami brakuje zawodnika, kt\u00f3ry stanie przed bramkarzem i b\u0119dzie stara\u0142 si\u0119 tak broni\u0107 by uniemo\u017cliwi\u0107 rywalowi ch\u0119\u0107 przeszkodzenia golkiperowi Dumy Podlasia. \u00a0<\/p>\n<p><a href=\"https:\/\/cdn.slask.net\/photos\/2026\/9\/a2a1faca-c967-4e4f-8a25-913d6add508c\" rel=\"dofollow noopener\" target=\"_blank\"><img decoding=\"async\" src=\"https:\/\/www.europesays.com\/pl\/wp-content\/uploads\/2026\/09\/a2a1faca-c967-4e4f-8a25-913d6add508c.webp\" alt=\"\" class=\"article-image-full\" draggable=\"false\" contenteditable=\"true\"\/><\/a><\/p>\n<p>KTO NIE ZAGRA W SOBOTNIM STARCIU<\/p>\n<p>W niedzielny wiecz\u00f3r najprawdopodobniej zabraknie w szerokiej kadrze Jesusa Imaza, a wi\u0119c najlepszego strzelca w historii klubu, kt\u00f3ry zmaga si\u0119 z urazem i zabrak\u0142o go w 23 osobowej kadrze meczowej podczas rywalizacji w Poznianiu. Podobnie sytuacja ma si\u0119 z Dusanem Stojinoviciem, kt\u00f3ry zmaga si\u0119 z kontuzj\u0105 mi\u0119sniow\u0105 od 20 kwietnia 2025 roku i jego wyst\u0119p w pojedynku ze \u015al\u0105skiem jest nierealny. \u00a0<\/p>\n<p>TRANSFERY JAGIELLONII<\/p>\n<p>Przyszli:<\/p>\n<p>Micha\u0142 Perchel (Puszcza Niepo\u0142omice)<\/p>\n<p>Rodrigo Conceicao (CD Tondela)<\/p>\n<p>Hampus Finndell (Djurgarden IF)<\/p>\n<p>Anders Klynge (FK Bodo\/Glimt)<\/p>\n<p>Nik Prelec (Oxford United FC)<\/p>\n<p>Jeremy Agbonifo (RC Lens) &#8211; wypo\u017cyczenie<\/p>\n<p>Aleksandar Cirkovi\u0107 (Ferencvaros TC) \u2013 wypo\u017cyczenie<\/p>\n<p>Bart\u0142omiej Wdowik (SC Braga) \u2013 wypo\u017cyczenie<\/p>\n<p>Ousmane Sow (Brondby IF) \u2013 wypo\u017cyczenie<\/p>\n<p>Cezary Polak (Mied\u017a Legnica) \u2013 powr\u00f3t z wypo\u017cyczenia<\/p>\n<p>Maksim Kononow (Jagiellonia II Bia\u0142ystok)<\/p>\n<p>Pawe\u0142 Pakie\u0142a (Jagiellonia II Bia\u0142ystok)<\/p>\n<p>Olaf Pankiewicz (Jagiellonia II Bia\u0142ystok)<\/p>\n<p>Szymon Pankiewicz (Jagiellonia II Bia\u0142ystok)<\/p>\n<p>Jakub Rabiczko (Jagiellonia II Bia\u0142ystok)<\/p>\n<p lang=\"pl\" dir=\"ltr\">Jagiellonia Bia\u0142ystok ma nowego zawodnika. Do \u017b\u00f3\u0142to-Czerwonych na zasadzie wypo\u017cyczenia z portugalskiej Bragi trafi\u0142 Bart\u0142omiej Wdowik. Obro\u0144ca sp\u0119dzi w naszym klubie reszt\u0119 sezonu 2026\/2027 i b\u0119dzie wyst\u0119powa\u0142 w koszulce z numerem 20.<\/p>\n<p>Czytaj\u27a1 <a href=\"https:\/\/t.co\/Ooq1FTPs9m\" rel=\"nofollow\">https:\/\/t.co\/Ooq1FTPs9m<\/a> <a href=\"https:\/\/t.co\/RR8N5T0ocu\" rel=\"nofollow\">pic.twitter.com\/RR8N5T0ocu<\/a><\/p>\n<p>\u2014 Jagiellonia Bia\u0142ystok (@Jagiellonia1920) <a href=\"https:\/\/x.com\/Jagiellonia1920\/status\/2095264254655918110?ref_src=twsrc%5Etfw\" rel=\"nofollow\">2 wrze\u015bnia 2026<\/a><\/p>\n<p>\u00a0Odeszli:<\/p>\n<p>Afimico Pululu (Al-Hazem SC)<\/p>\n<p>Bartosz Mazurek (Red Bull Salzburg)<\/p>\n<p>Mi\u0142osz Piekutowski (RC Strasbourg)<\/p>\n<p>Wojciech \u0141aski (Rekord Bielsko-Bia\u0142a)<\/p>\n<p>Toki Hirosawa (Podbeskidzie Bielsko-Bia\u0142a)<\/p>\n<p>Leon Flach (VfL Osnabruck) \u2013 wypo\u017cyczenie<\/p>\n<p>Aziel Jackson (Minnesota United FC) \u2013 wypo\u017cyczenie<\/p>\n<p>Alan Rybak (Chrobry G\u0142og\u00f3w) \u2013 wypo\u017cyczenie<\/p>\n<p>Nahuel Leiva (Maccabi Haifa) \u2013 koniec wypo\u017cyczenia<\/p>\n<p>Andy Pelmard (Clermont Foot 63) \u2013 koniec wypo\u017cyczenia<\/p>\n<p>Alejandro Pozo (UD Almeria) \u2013 koniec wypo\u017cyczenia<\/p>\n<p>\u00a0<\/p>\n<p>PODSUMOWANIE<\/p>\n<p>Po transferze by\u0142ego zawodnika Lecha Pozna\u0144, Karola Linettego i pozytywnym wyst\u0119pie zawodnika w meczu z Portowcami zwi\u0119kszono wyra\u017anie mo\u017cliwo\u015bci rotacji zawodnik\u00f3w w \u015brodkowej strefie, gdy\u017c jak doskonale wiemy, z gry na d\u0142u\u017cszy okres wypad\u0142 Micha\u0142 Mokrzycki. Pami\u0119taj\u0105c, \u017ce by\u0142 to dopiero pierwszy jego mecz we Wroc\u0142awiu oraz wiedz\u0105c, i\u017c gracz potrzebuje troch\u0119 czasu na lepsze zrozumienie z pozosta\u0142ymi pi\u0142karzami \u015al\u0105ska, mo\u017cemy by\u0107 zadowoleni, gdy\u017c z trybun da\u0142o si\u0119 zauwa\u017cy\u0107, \u017ce Karolowi pi\u0142ka nie przeszkadza, \u017ce nie b\u0119dzie si\u0119 ba\u0142 wzi\u0105\u0107 odpowiedzialno\u015bci i ma umiej\u0119tno\u015bci na tyle wysokie, \u017ce b\u0119dzie kim\u015b wa\u017cnym w jedenastce Wroc\u0142awian. Obecno\u015b\u0107 tak dojrza\u0142ego gracza to by\u0107 mo\u017ce kluczowy element do tego by Piotr Samiec-Talar mia\u0142 obok siebie gracza, kt\u00f3ry potrafi przyspieszy\u0107 gr\u0119 i zagra\u0107 na jeden kontakt, a jak wiemy z tym do tej pory bywa\u0142o r\u00f3\u017cnie. Przed Tr\u00f3jkolorowymi zapowiada si\u0119 ci\u0119\u017cki mecz na Podlasiu, z dru\u017cyn\u0105, kt\u00f3ra bardzo dobrze gra w pi\u0142k\u0119, szczeg\u00f3lnie w \u015brodkowej strefie boiska. Czy podra\u017cnieni pora\u017ck\u0105 z Lechem Bia\u0142ostocczanie oka\u017c\u0105 si\u0119 dla Wojskowych najbardziej wymagaj\u0105cym rywalem w\u015br\u00f3d reszty ligowc\u00f3w? Jeste\u015bmy pewni, \u017ce w tym spotkaniu wygra ten zesp\u00f3\u0142, kt\u00f3ry zdominuje \u015brodek pola, i wiele wskazuje na to, \u017ce \u015al\u0105sk wcale nie jest na straconej pozycji.<\/p>\n<p><script async src=\"https:\/\/platform.twitter.com\/widgets.js\" charset=\"utf-8\"><\/script><\/p>\n","protected":false},"excerpt":{"rendered":"STATYSTYKI POJEDYNK\u00d3W ZE \u015aL\u0104SKIEM Do tej pory obie ekipy 50 razy stawa\u0142y naprzeciwko siebie w ligowych meczach mistrzowskich.&hellip;\n","protected":false},"author":2,"featured_media":669653,"comment_status":"","ping_status":"","sticky":false,"template":"","format":"standard","meta":{"footnotes":"","_share_on_mastodon":"0"},"categories":[51614],"tags":[2151,42,38,40,39,41],"class_list":["post-669652","post","type-post","status-publish","format-standard","has-post-thumbnail","category-bialystok","tag-bialystok","tag-pl","tag-poland","tag-polish","tag-polska","tag-polski"],"share_on_mastodon":{"url":"https:\/\/pubeurope.com\/@pl\/117219755696962530","error":""},"_links":{"self":[{"href":"https:\/\/www.europesays.com\/pl\/wp-json\/wp\/v2\/posts\/669652","targetHints":{"allow":["GET"]}}],"collection":[{"href":"https:\/\/www.europesays.com\/pl\/wp-json\/wp\/v2\/posts"}],"about":[{"href":"https:\/\/www.europesays.com\/pl\/wp-json\/wp\/v2\/types\/post"}],"author":[{"embeddable":true,"href":"https:\/\/www.europesays.com\/pl\/wp-json\/wp\/v2\/users\/2"}],"replies":[{"embeddable":true,"href":"https:\/\/www.europesays.com\/pl\/wp-json\/wp\/v2\/comments?post=669652"}],"version-history":[{"count":0,"href":"https:\/\/www.europesays.com\/pl\/wp-json\/wp\/v2\/posts\/669652\/revisions"}],"wp:featuredmedia":[{"embeddable":true,"href":"https:\/\/www.europesays.com\/pl\/wp-json\/wp\/v2\/media\/669653"}],"wp:attachment":[{"href":"https:\/\/www.europesays.com\/pl\/wp-json\/wp\/v2\/media?parent=669652"}],"wp:term":[{"taxonomy":"category","embeddable":true,"href":"https:\/\/www.europesays.com\/pl\/wp-json\/wp\/v2\/categories?post=669652"},{"taxonomy":"post_tag","embeddable":true,"href":"https:\/\/www.europesays.com\/pl\/wp-json\/wp\/v2\/tags?post=669652"}],"curies":[{"name":"wp","href":"https:\/\/api.w.org\/{rel}","templated":true}]}}