{"id":669656,"date":"2026-09-05T18:07:09","date_gmt":"2026-09-05T18:07:09","guid":{"rendered":"https:\/\/www.europesays.com\/pl\/669656\/"},"modified":"2026-09-05T18:07:09","modified_gmt":"2026-09-05T18:07:09","slug":"wyrzucone-na-smietnik-pieniadze-odnalezione-detektyw-mieszkancy-odzyskali-pelna-kwote","status":"publish","type":"post","link":"https:\/\/www.europesays.com\/pl\/669656\/","title":{"rendered":"Wyrzucone na \u015bmietnik pieni\u0105dze odnalezione. Detektyw: \u201eMieszka\u0144cy odzyskali pe\u0142n\u0105 kwot\u0119\u201d"},"content":{"rendered":"<p>\n                        Jak poinformowa\u0142a dziennikarzy detektyw Ma\u0142gorzata Marczulewska uda\u0142o si\u0119 odzyska\u0107 pe\u0142n\u0105 kwot\u0119 pieni\u0119dzy, kt\u00f3ra zagin\u0119\u0142a w Warzymicach. Mowa o ponad 42 tysi\u0105cach Euro wyrzuconych przy wiacie \u015bmietnikowej w kredensie. Poszukiwania trwa\u0142y czterech dni, a dzi\u0119ki monitoringowi uda\u0142o si\u0119 namierzy\u0107 okoliczno\u015bci oraz osoby, kt\u00f3re sprawi\u0142y, \u017ce kwota znikn\u0119\u0142a z komody. \u2013 Dzi\u0119kuj\u0119 komendzie w Mierzynie za wspania\u0142\u0105 wsp\u00f3\u0142prac\u0119, kt\u00f3ra poskutkowa\u0142a sukcesem \u2013 m\u00f3wi detektywka.\n                    <\/p>\n<p>Spraw\u0105 zaginionych pieni\u0119dzy w Warzymicach zajmowa\u0142y si\u0119 media w ca\u0142ej Polsce, a o niecodziennym zdarzeniu jako pierwszy poinformowa\u0142 portal wSzczecinie.pl<\/p>\n<p>Ma\u0142\u017ce\u0144stwo z Warzymic podczas remontu mieszkania postanowi\u0142o pozby\u0107 si\u0119 cz\u0119\u015bci starych mebli. Przez nieuwag\u0119 w jednej z szuflad zosta\u0142y pieni\u0105dze \u2013 42 tysi\u0105ce Euro w got\u00f3wce. W\u0142a\u015bciciele zorientowali si\u0119 po kilkunastu godzinach, ale na miejscu nie by\u0142o ju\u017c ani komody, ani pieni\u0119dzy. Na miejscu pracowa\u0142a policja w Mierzynie oraz detektyw Ma\u0142gorzata Marczulewska.<\/p>\n<p>Po czterech dniach pr\u00f3b ustalenia miejsca pozostawienia pieni\u0119dzy w sobot\u0119 poinformowano o znalezieniu.<\/p>\n<p>&#8211; Odebra\u0142am telefon o 6:12, \u017ce pieni\u0105dze uda\u0142o si\u0119 znale\u017a\u0107. Nie mog\u0142am uwierzy\u0107 w to szcz\u0119\u015bcie \u2013 m\u00f3wi nam poszkodowana. \u2013 To jest co\u015b niezwyk\u0142ego, \u017ce tyle os\u00f3b nam pomog\u0142o i nas wspiera\u0142o w tym bardzo trudnym momencie. Dzi\u0119kuj\u0119 policji, pani detektyw oraz mediom, bo ja naprawd\u0119 cztery noce nie spa\u0142em \u2013 m\u00f3wi poszkodowany.<\/p>\n<p>Czego w\u0142a\u015bcicieli nauczy\u0142a ta sytuacja?<\/p>\n<p>&#8211; Zawsze sprawdza\u0107 dwa razy, mniej po\u015bpiechu \u2013 m\u00f3wi szczerze.<\/p>\n<p>Spraw\u0119 prowadzi\u0142a detektyw Ma\u0142gorzata Marczulewska. Chwali ona wsp\u00f3\u0142prac\u0119 z komisariatem policji w Mierzynie.<\/p>\n<p>&#8211; Sukces by\u0142 mo\u017cliwy, bo Pa\u0144stwo przytomnie od razu zg\u0142osili sw\u00f3j problem na policj\u0119 i do detektyw\u00f3w. Czasami takie sprawy s\u0105 zg\u0142aszane po kilku dniach, gdzie szanse na jakiekolwiek dzia\u0142ania s\u0105 minimalne, monitoring si\u0119 nadpisuje, a s\u0105siedzi nie pami\u0119taj\u0105 szczeg\u00f3\u0142\u00f3w. To by\u0142y bardzo intensywne cztery dni pracy, godziny ogl\u0105danych nagra\u0144 i rozmowy z niemal wszystkimi s\u0105siadami z okolicy. Ca\u0142a kwota pieni\u0119dzy zosta\u0142a odzyskana \u2013 m\u00f3wi detektyw Marczulewska.<\/p>\n<p>Kto zabra\u0142 pieni\u0105dze?<\/p>\n<p>&#8211; Nie mog\u0119 udziela\u0107 \u017cadnych informacji dotycz\u0105cych zdarzenia, by nie wchodzi\u0107 w kompetencje policji \u2013 m\u00f3wi detektyw Marczulewska.<\/p>\n<p>Za przyw\u0142aszczenie znacznej kwoty pieni\u0119dzy grozi odpowiedzialno\u015b\u0107 karna. Ani detektyw, ani poszkodowani nie potwierdzili nam, czy prawdziwa jest informacja jakoby przyw\u0142aszczenie nast\u0105pi\u0142o ze strony s\u0105siada \/ s\u0105siadki poszkodowanych.<\/p>\n","protected":false},"excerpt":{"rendered":"Jak poinformowa\u0142a dziennikarzy detektyw Ma\u0142gorzata Marczulewska uda\u0142o si\u0119 odzyska\u0107 pe\u0142n\u0105 kwot\u0119 pieni\u0119dzy, kt\u00f3ra zagin\u0119\u0142a w Warzymicach. Mowa o&hellip;\n","protected":false},"author":2,"featured_media":669657,"comment_status":"","ping_status":"","sticky":false,"template":"","format":"standard","meta":{"footnotes":"","_share_on_mastodon":"0"},"categories":[51611],"tags":[291,1089,3839,3511,261,3840,42,38,40,907,39,41,123,2307,26,1092],"class_list":["post-669656","post","type-post","status-publish","format-standard","has-post-thumbnail","category-szczecin","tag-historia","tag-imprezy","tag-interwencje","tag-inwestycje","tag-kultura","tag-lokale","tag-pl","tag-poland","tag-polish","tag-polityka","tag-polska","tag-polski","tag-rozrywka","tag-szczecin","tag-wiadomosci","tag-wydarzenia"],"share_on_mastodon":{"url":"https:\/\/pubeurope.com\/@pl\/117219770272296599","error":""},"_links":{"self":[{"href":"https:\/\/www.europesays.com\/pl\/wp-json\/wp\/v2\/posts\/669656","targetHints":{"allow":["GET"]}}],"collection":[{"href":"https:\/\/www.europesays.com\/pl\/wp-json\/wp\/v2\/posts"}],"about":[{"href":"https:\/\/www.europesays.com\/pl\/wp-json\/wp\/v2\/types\/post"}],"author":[{"embeddable":true,"href":"https:\/\/www.europesays.com\/pl\/wp-json\/wp\/v2\/users\/2"}],"replies":[{"embeddable":true,"href":"https:\/\/www.europesays.com\/pl\/wp-json\/wp\/v2\/comments?post=669656"}],"version-history":[{"count":0,"href":"https:\/\/www.europesays.com\/pl\/wp-json\/wp\/v2\/posts\/669656\/revisions"}],"wp:featuredmedia":[{"embeddable":true,"href":"https:\/\/www.europesays.com\/pl\/wp-json\/wp\/v2\/media\/669657"}],"wp:attachment":[{"href":"https:\/\/www.europesays.com\/pl\/wp-json\/wp\/v2\/media?parent=669656"}],"wp:term":[{"taxonomy":"category","embeddable":true,"href":"https:\/\/www.europesays.com\/pl\/wp-json\/wp\/v2\/categories?post=669656"},{"taxonomy":"post_tag","embeddable":true,"href":"https:\/\/www.europesays.com\/pl\/wp-json\/wp\/v2\/tags?post=669656"}],"curies":[{"name":"wp","href":"https:\/\/api.w.org\/{rel}","templated":true}]}}