{"id":669674,"date":"2026-09-05T18:20:08","date_gmt":"2026-09-05T18:20:08","guid":{"rendered":"https:\/\/www.europesays.com\/pl\/669674\/"},"modified":"2026-09-05T18:20:08","modified_gmt":"2026-09-05T18:20:08","slug":"media-oyedele-skreslony-francuzi-chca-sie-go-pozbyc","status":"publish","type":"post","link":"https:\/\/www.europesays.com\/pl\/669674\/","title":{"rendered":"Media: Oyedele skre\u015blony. Francuzi chc\u0105 si\u0119 go pozby\u0107"},"content":{"rendered":"<p>Maxi Oyedele jest na wylocie z Racingu Strasbourg. Francuski klub mia\u0142 go wystawi\u0107 na sprzeda\u017c.<\/p>\n<p>Dwukrotny reprezentant Polski zosta\u0142 pi\u0142karzem Strasbourga latem ubieg\u0142ego roku. Legia zarobi\u0142a na jego sprzeda\u017cy 6 mln euro.<\/p>\n<p>Dalsza cz\u0119\u015b\u0107 tekstu pod wideo<\/p>\n<p>Oyedele ju\u017c na pocz\u0105tku pobytu we Francji dozna\u0142 kontuzji, kt\u00f3ra na wiele miesi\u0119cy wykluczy\u0142a go z gry. 21-latek wr\u00f3ci\u0142 na boisko dopiero w lutym. W sumie w zesz\u0142ym sezonie zaliczy\u0142 czterna\u015bcie mecz\u00f3w. W ko\u0144c\u00f3wce sezonu pojawia\u0142 si\u0119 nawet w podstawowym sk\u0142adzie.<\/p>\n<p>Mo\u017cna by\u0142o mie\u0107 nadziej\u0119, \u017ce zdrowy Oyedele poprawi swoje notowania w klubie w trakcie okresu przygotowawczego. Nowy trener, Hugo Oliveira, nie jest jednak sympatykiem jego talentu.<\/p>\n<p>W bie\u017c\u0105cych rozgrywkach Oyedele poszed\u0142 w odstawk\u0119. W obu dotychczasowych meczach Strasbourga &#8211; z Marsyli\u0105 i Lens &#8211; nie by\u0142o go nawet na \u0142awce rezerwowych. To znak, \u017ce nie znajduje si\u0119 w planach Portugalczyka.<\/p>\n<p>Portal Weszlo.com poda\u0142, \u017ce francuski klub wys\u0142a\u0142 na rynek sygna\u0142, \u017ce Oyedele jest do wzi\u0119cia. Jego sytuacj\u0119 komplikuje fakt, \u017ce w wielu ligach okno transferowe ju\u017c si\u0119 zamkn\u0119\u0142o. Wci\u0105\u017c m\u00f3g\u0142by jednak trafi\u0107 do Grecji czy&#8230; Ekstraklasy.<\/p>\n<p>Kontrakt Oyedele ze Strasbourgiem obowi\u0105zuje do po\u0142owy 2030 roku. Portal Transfermarkt wycenia go na 5 mln euro.<\/p>\n","protected":false},"excerpt":{"rendered":"Maxi Oyedele jest na wylocie z Racingu Strasbourg. Francuski klub mia\u0142 go wystawi\u0107 na sprzeda\u017c. Dwukrotny reprezentant Polski&hellip;\n","protected":false},"author":2,"featured_media":669675,"comment_status":"","ping_status":"","sticky":false,"template":"","format":"standard","meta":{"footnotes":"","_share_on_mastodon":"0"},"categories":[24],"tags":[42,38,40,39,41,127,126],"class_list":["post-669674","post","type-post","status-publish","format-standard","has-post-thumbnail","category-sport","tag-pl","tag-poland","tag-polish","tag-polska","tag-polski","tag-sport","tag-sports"],"share_on_mastodon":{"url":"https:\/\/pubeurope.com\/@pl\/117219821288968122","error":""},"_links":{"self":[{"href":"https:\/\/www.europesays.com\/pl\/wp-json\/wp\/v2\/posts\/669674","targetHints":{"allow":["GET"]}}],"collection":[{"href":"https:\/\/www.europesays.com\/pl\/wp-json\/wp\/v2\/posts"}],"about":[{"href":"https:\/\/www.europesays.com\/pl\/wp-json\/wp\/v2\/types\/post"}],"author":[{"embeddable":true,"href":"https:\/\/www.europesays.com\/pl\/wp-json\/wp\/v2\/users\/2"}],"replies":[{"embeddable":true,"href":"https:\/\/www.europesays.com\/pl\/wp-json\/wp\/v2\/comments?post=669674"}],"version-history":[{"count":0,"href":"https:\/\/www.europesays.com\/pl\/wp-json\/wp\/v2\/posts\/669674\/revisions"}],"wp:featuredmedia":[{"embeddable":true,"href":"https:\/\/www.europesays.com\/pl\/wp-json\/wp\/v2\/media\/669675"}],"wp:attachment":[{"href":"https:\/\/www.europesays.com\/pl\/wp-json\/wp\/v2\/media?parent=669674"}],"wp:term":[{"taxonomy":"category","embeddable":true,"href":"https:\/\/www.europesays.com\/pl\/wp-json\/wp\/v2\/categories?post=669674"},{"taxonomy":"post_tag","embeddable":true,"href":"https:\/\/www.europesays.com\/pl\/wp-json\/wp\/v2\/tags?post=669674"}],"curies":[{"name":"wp","href":"https:\/\/api.w.org\/{rel}","templated":true}]}}