{"id":669688,"date":"2026-09-05T18:27:49","date_gmt":"2026-09-05T18:27:49","guid":{"rendered":"https:\/\/www.europesays.com\/pl\/669688\/"},"modified":"2026-09-05T18:27:49","modified_gmt":"2026-09-05T18:27:49","slug":"tusk-bez-ogrodek-do-kaczynskiego-zabrnales-w-bagno","status":"publish","type":"post","link":"https:\/\/www.europesays.com\/pl\/669688\/","title":{"rendered":"Tusk bez ogr\u00f3dek do Kaczy\u0144skiego. &#8222;Zabrn\u0105\u0142e\u015b w bagno&#8221;"},"content":{"rendered":"<p>Premier Donald Tusk zabra\u0142 g\u0142os przed sejmowym g\u0142osowaniem w sprawie odrzucenia prezydenckiego weta do ustawy o kryptowalutach. <a href=\"https:\/\/wiadomosci.onet.pl\/kraj\/afera-zondacrypto-donald-tusk-w-sejmie-cytuje-fragmenty-zeznan\/4jvwybc\" id=\"130a19a3-2695-4cc8-93f9-22b7e076411d\" rel=\"nofollow noopener\" target=\"_blank\">W swoim przem\u00f3wieniu szef rz\u0105du cytowa\u0142 zeznania kluczowego \u015bwiadka w sprawie afery Zondacrypto.<\/a><\/p>\n<p>\u2014 Po tym, co do tej pory ju\u017c wiemy, czego dowiadujemy si\u0119 w trakcie \u015bledztwa, nie mam \u017cadnych w\u0105tpliwo\u015bci, \u017ce g\u0142osowanie przeciwko tej ustawie [&#8230;] jest samob\u00f3jstwem politycznym. To dla was kwestia &#8222;by\u0107 albo nie by\u0107&#8221;. Wszystko wskazuje na to, \u017ce trzymaj\u0105 was za gard\u0142o bardzo \u017ali ludzie \u2014 m\u00f3wi\u0142 Tusk, zwracaj\u0105c si\u0119 do polityk\u00f3w PiS i Konfederacji.<\/p>\n<p><a href=\"https:\/\/www.onet.pl\/\" title=\"Strona G\u0142\u00f3wna\" aria-label=\"Strona G\u0142\u00f3wna\" data-astro-prefetch=\"tap\" class=\"ods-a-logo-main-desktop\" rel=\"nofollow noopener\" target=\"_blank\"><img src=\"https:\/\/cdn.wiadomosci.onet.pl\/img\/Logo_desktop_Onet.svg\" class=\"ods-a-logo-main-desktop__image\" alt=\"Logo\" width=\"107\" height=\"60\" fetchpriority=\"high\" decoding=\"sync\" style=\"height:60px\"\/><\/a><\/p>\n<p class=\"ods-m-google-article__text\">Czytaj nas cz\u0119\u015bciej w Google<\/p>\n<p><a href=\"https:\/\/google.com\/preferences\/source?q=wiadomosci.onet.pl\" target=\"_blank\" rel=\"noopener noreferrer nofollow\" aria-label=\"Dodaj w Google\" title=\"Dodaj w Google\" class=\"ods-a-button ods-a-button__primary ods-a-button__default ods-a-button-l\">Dodaj w Google<\/a><\/p>\n<p>\u2014 Zbyszek obieca\u0142, \u017ce jak wr\u00f3ci do MS, to ukr\u0119ci \u0142eb wszystkim tym sprawom \u2014 cytowa\u0142 premier. Donald Tusk ujawni\u0142, \u017ce w dalszej cz\u0119\u015bci zeznaj\u0105cy powiedzia\u0142, \u017ce &#8222;rekompensata zostanie wyp\u0142acona ministrowi Ziobrze za po\u015brednictwem fundacji, kt\u00f3r\u0105 zak\u0142ada\u0142 jego brat, a by\u0142a to fundacja Suwerennej Polski&#8221;. \u2014 Mia\u0142a by\u0107 to kwota 2 mln z\u0142 \u2014 zaznaczy\u0142 premier.<\/p>\n<p class=\"ods-o-frame-in-text__paragraph\"><a href=\"https:\/\/wiadomosci.onet.pl\/kraj\/afera-zondacrypto-o-co-chodzi-kim-jest-przemyslaw-kral-wyjasniamy\/pxh2d46?tpcc=202608_bloczek_newsroom\" id=\"96e1bd46-4293-4c4f-a31b-54c89b4a4b05\" rel=\"nofollow noopener\" target=\"_blank\">Tysi\u0105ce poszkodowanych, miliony strat. Wszystko o aferze Zondacrypto<\/a><\/p>\n<p><img class=\"ods-a-photo ods-a-photo--background\" src=\"https:\/\/www.europesays.com\/pl\/wp-content\/uploads\/2026\/09\/1788632869_612_qKuk9lBaHR0cHM6Ly9vY2RuLmV1L3B1bHNjbXMvTURBXy8wMTUwMTFjZTA1ZmRmYTE1YzJiMmJiNTBlOGU2YmM0OS5qcGeRlQLNA.jpeg\" height=\"254\" width=\"450\" alt=\"Przemys\u0142aw Kral\" loading=\"lazy\" fetchpriority=\"low\" decoding=\"async\"\/><\/p>\n<p>Nast\u0119pnie zwr\u00f3ci\u0142 si\u0119 bezpo\u015brednio do prezesa PiS Jaros\u0142awa Kaczy\u0144skiego. \u2014 Prezesie Kaczy\u0144ski, gardzi\u0142e\u015b kiedy\u015b takimi lud\u017ami, zabrn\u0105\u0142e\u015b w bagno \u2014 powiedzia\u0142 szef rz\u0105du.<\/p>\n<p>Afera Zondacrypto. &#8222;Jarku, sta\u0142e\u015b si\u0119 jednym z nich&#8221;<\/p>\n<p>Prezes Rady Ministr\u00f3w po zako\u0144czonym wyst\u0105pieniu zamie\u015bci\u0142 w mediach spo\u0142eczno\u015bciowych wpis, w kt\u00f3rym ponownie uderzy\u0142 w Jaros\u0142awa Kaczy\u0144skiego.<\/p>\n<p>&#8222;Jarku, kiedy\u015b gardzi\u0142e\u015b takimi lud\u017ami. Dzi\u015b sta\u0142e\u015b si\u0119 jednym z nich&#8221; \u2014 napisa\u0142 na platformie X, dodaj\u0105c hashtag &#8222;KryptoAferaPiS&#8221;.<\/p>\n","protected":false},"excerpt":{"rendered":"Premier Donald Tusk zabra\u0142 g\u0142os przed sejmowym g\u0142osowaniem w sprawie odrzucenia prezydenckiego weta do ustawy o kryptowalutach. W&hellip;\n","protected":false},"author":2,"featured_media":669689,"comment_status":"","ping_status":"","sticky":false,"template":"","format":"standard","meta":{"footnotes":"","_share_on_mastodon":"0"},"categories":[62713],"tags":[61195,1345,212,422,49,48,46,47,17994],"class_list":["post-669688","post","type-post","status-publish","format-standard","has-post-thumbnail","category-donald-tusk","tag-bottomfeed_styl","tag-donald-tusk","tag-donald_tusk","tag-jaroslaw_kaczynski","tag-kraj","tag-nat_styl","tag-omp","tag-screening_general","tag-zondacrypto"],"share_on_mastodon":{"url":"https:\/\/pubeurope.com\/@pl\/117219853682681035","error":""},"_links":{"self":[{"href":"https:\/\/www.europesays.com\/pl\/wp-json\/wp\/v2\/posts\/669688","targetHints":{"allow":["GET"]}}],"collection":[{"href":"https:\/\/www.europesays.com\/pl\/wp-json\/wp\/v2\/posts"}],"about":[{"href":"https:\/\/www.europesays.com\/pl\/wp-json\/wp\/v2\/types\/post"}],"author":[{"embeddable":true,"href":"https:\/\/www.europesays.com\/pl\/wp-json\/wp\/v2\/users\/2"}],"replies":[{"embeddable":true,"href":"https:\/\/www.europesays.com\/pl\/wp-json\/wp\/v2\/comments?post=669688"}],"version-history":[{"count":0,"href":"https:\/\/www.europesays.com\/pl\/wp-json\/wp\/v2\/posts\/669688\/revisions"}],"wp:featuredmedia":[{"embeddable":true,"href":"https:\/\/www.europesays.com\/pl\/wp-json\/wp\/v2\/media\/669689"}],"wp:attachment":[{"href":"https:\/\/www.europesays.com\/pl\/wp-json\/wp\/v2\/media?parent=669688"}],"wp:term":[{"taxonomy":"category","embeddable":true,"href":"https:\/\/www.europesays.com\/pl\/wp-json\/wp\/v2\/categories?post=669688"},{"taxonomy":"post_tag","embeddable":true,"href":"https:\/\/www.europesays.com\/pl\/wp-json\/wp\/v2\/tags?post=669688"}],"curies":[{"name":"wp","href":"https:\/\/api.w.org\/{rel}","templated":true}]}}