{"id":669708,"date":"2026-09-05T18:44:12","date_gmt":"2026-09-05T18:44:12","guid":{"rendered":"https:\/\/www.europesays.com\/pl\/669708\/"},"modified":"2026-09-05T18:44:12","modified_gmt":"2026-09-05T18:44:12","slug":"oficjalnie-slask-wroclaw-zastapil-michala-rosiaka-chorwat-z-polskim-obywatelstwem","status":"publish","type":"post","link":"https:\/\/www.europesays.com\/pl\/669708\/","title":{"rendered":"OFICJALNIE: \u015al\u0105sk Wroc\u0142aw zast\u0105pi\u0142 Micha\u0142a Rosiaka. Chorwat z polskim obywatelstwem"},"content":{"rendered":"\n<p class=\"lead\"> \u015al\u0105sk Wroc\u0142aw by\u0142 got\u00f3w na odej\u015bcie Micha\u0142a Rosiaka. Wychowanka Arsenalu na prawym wahadle zast\u0119puje sprowadzony z Krywbasu Krzywy R\u00f3g Jan Jur\u010dec. <\/p>\n<p>\u015al\u0105sk Wroc\u0142aw ma nowego prawego wahad\u0142owego. Zosta\u0142 nim 25-letni Jan Jur\u010dec z\u00a0Krywbasu Krzywy R\u00f3g. Obro\u0144ca w 43 spotkaniach w Ukrainie\u00a0zdoby\u0142 dwie bramki oraz zaliczy\u0142 sze\u015b\u0107 ostatnich poda\u0144. Wcze\u015bniej gra\u0142 dla austriackiego\u00a0SCR Altach, a pierwsze pi\u0142karskie kroki stawia\u0142 w NK Lokomotiva Zagreb i\u00a0NK Kustosija. W ojczy\u017anie\u00a0zanotowa\u0142 12 trafie\u0144 i siedem asyst w 69 meczach.<\/p>\n<p>M\u0142odzie\u017cowy reprezentant Chorwacji, kt\u00f3ry polskie obywatelstwo zawdzi\u0119cza matce, do Wroc\u0142awia przenosi si\u0119 za 250 tysi\u0119cy euro. Z WKS-em zwi\u0105za\u0142 si\u0119 kontraktem do 30 czerwca 2029 roku.<\/p>\n<p>Serwis Germanijak.hr okre\u015bla Chorwata\u00a0\u201ejednym z czo\u0142owych prawych obro\u0144c\u00f3w\u201d ligi ukrai\u0144skiej. Po odej\u015bciu Micha\u0142a Rosiaka do Twente za milion euro\u00a0Jur\u010dec b\u0119dzie rywalizowa\u0107 o miejsce w sk\u0142adzie z\u00a0Alexem Timossim Anderssonem.   <\/p>\n<p> Popularne <\/p>\n<\/p>\n<p>&#8211;\u00a0Dla klubu wa\u017cne by\u0142o r\u00f3wnie\u017c to, \u017ce Jan ma polskie obywatelstwo. W ten spos\u00f3b nie zaburzamy struktury narodowo\u015bciowej. To zawodnik, kt\u00f3ry ma do\u015bwiadczenie tak\u017ce w grze na innych pozycjach, r\u00f3wnie\u017c na pozycji skrzyd\u0142owego oraz lewego wahad\u0142owego. Liczymy, \u017ce do\u015bwiadczenie zdobyte w r\u00f3\u017cnych ligach zaprocentuje w Ekstraklasie &#8211; powiedzia\u0142 dyrektor sportowy Wroc\u0142awian, Rafa\u0142 Grodzicki.<\/p>\n<p>Dla beniaminka Ekstraklasy to dziesi\u0105te wzmocnienie w letnim oknie. Wcze\u015bniej na Oporowsk\u0105 trafili\u00a0Irodotos Christodoulou,\u00a0Alex Timossi Andersson, Karol Linetty,\u00a0Malaly Demb\u00e9l\u00e9,\u00a0Eniss Shabani,\u00a0Grzegorz Tomasiewicz,\u00a0Karol Niemczycki,\u00a0Dominik Szala oraz Ieltsin Cam\u00f5es.<\/p>\n","protected":false},"excerpt":{"rendered":"\u015al\u0105sk Wroc\u0142aw by\u0142 got\u00f3w na odej\u015bcie Micha\u0142a Rosiaka. Wychowanka Arsenalu na prawym wahadle zast\u0119puje sprowadzony z Krywbasu Krzywy&hellip;\n","protected":false},"author":2,"featured_media":669709,"comment_status":"","ping_status":"","sticky":false,"template":"","format":"standard","meta":{"footnotes":"","_share_on_mastodon":"0"},"categories":[51607],"tags":[42,38,40,39,41,1853],"class_list":["post-669708","post","type-post","status-publish","format-standard","has-post-thumbnail","category-wroclaw","tag-pl","tag-poland","tag-polish","tag-polska","tag-polski","tag-wroclaw"],"share_on_mastodon":{"url":"https:\/\/pubeurope.com\/@pl\/117219915548582940","error":""},"_links":{"self":[{"href":"https:\/\/www.europesays.com\/pl\/wp-json\/wp\/v2\/posts\/669708","targetHints":{"allow":["GET"]}}],"collection":[{"href":"https:\/\/www.europesays.com\/pl\/wp-json\/wp\/v2\/posts"}],"about":[{"href":"https:\/\/www.europesays.com\/pl\/wp-json\/wp\/v2\/types\/post"}],"author":[{"embeddable":true,"href":"https:\/\/www.europesays.com\/pl\/wp-json\/wp\/v2\/users\/2"}],"replies":[{"embeddable":true,"href":"https:\/\/www.europesays.com\/pl\/wp-json\/wp\/v2\/comments?post=669708"}],"version-history":[{"count":0,"href":"https:\/\/www.europesays.com\/pl\/wp-json\/wp\/v2\/posts\/669708\/revisions"}],"wp:featuredmedia":[{"embeddable":true,"href":"https:\/\/www.europesays.com\/pl\/wp-json\/wp\/v2\/media\/669709"}],"wp:attachment":[{"href":"https:\/\/www.europesays.com\/pl\/wp-json\/wp\/v2\/media?parent=669708"}],"wp:term":[{"taxonomy":"category","embeddable":true,"href":"https:\/\/www.europesays.com\/pl\/wp-json\/wp\/v2\/categories?post=669708"},{"taxonomy":"post_tag","embeddable":true,"href":"https:\/\/www.europesays.com\/pl\/wp-json\/wp\/v2\/tags?post=669708"}],"curies":[{"name":"wp","href":"https:\/\/api.w.org\/{rel}","templated":true}]}}