{"id":669732,"date":"2026-09-05T18:56:13","date_gmt":"2026-09-05T18:56:13","guid":{"rendered":"https:\/\/www.europesays.com\/pl\/669732\/"},"modified":"2026-09-05T18:56:13","modified_gmt":"2026-09-05T18:56:13","slug":"atletico-moglo-wyprzedzic-real-zostalo-znokautowane-w-minute","status":"publish","type":"post","link":"https:\/\/www.europesays.com\/pl\/669732\/","title":{"rendered":"Atletico mog\u0142o wyprzedzi\u0107 Real. Zosta\u0142o znokautowane w minut\u0119"},"content":{"rendered":"\n<p class=\"contentpart contentpart--default contentpart--text\" data-position=\"0\">Przed przerw\u0105 nic nie zapowiada\u0142o czarnego scenariusza. <a href=\"https:\/\/sportowefakty.wp.pl\/pilka-nozna\/atletico-madryt\" rel=\"nofollow noopener\" target=\"_blank\">Atletico Madryt<\/a>\u00a0mia\u0142o swoje okazje, a <a href=\"https:\/\/sportowefakty.wp.pl\/pilka-nozna\/kang-lee\" rel=\"nofollow noopener\" target=\"_blank\">Kang-in Lee<\/a>\u00a0i <a href=\"https:\/\/sportowefakty.wp.pl\/pilka-nozna\/pablo-barrios\" rel=\"nofollow noopener\" target=\"_blank\">Pablo Barrios<\/a>\u00a0trafiali w s\u0142upek. Wszystko zmieni\u0142o si\u0119 jednak tu\u017c po powrocie pi\u0142karzy z szatni. Dru\u017cyna <a href=\"https:\/\/sportowefakty.wp.pl\/pilka-nozna\/diego-simeone\" rel=\"nofollow noopener\" target=\"_blank\">Diego Simeone<\/a>\u00a0kompletnie przespa\u0142a pocz\u0105tek drugiej cz\u0119\u015bci i b\u0142yskawicznie zosta\u0142a za to ukarana. Tym samym Rojiblancos nie wykorzystali okazji na wyprzedzenie w tabeli <a href=\"https:\/\/sportowefakty.wp.pl\/pilka-nozna\/real-madryt\" rel=\"nofollow noopener\" target=\"_blank\">Realu Madryt<\/a>.<\/p>\n<p>Minuta, kt\u00f3ra pogr\u0105\u017cy\u0142a Atletico<\/p>\n<p>  <img decoding=\"async\" src=\"https:\/\/v.wpimg.pl\/X3dwLnN2d1IFFTpdYUl6R0ZNbgcnEHQREVV2TGEGbUtRT2MdOlZ2RBQUKABgQjQcDRotCStBd1IAAWMeIlM7VgwYIAorQAdEFFk_GCkQJQ\" alt=\"\" width=\"45\" height=\"58\" loading=\"lazy\"\/>  <\/p>\n<p class=\"contentpart contentpart--default contentpart--text\" data-position=\"2\">Najpierw do bramki trafi\u0142 <a href=\"https:\/\/sportowefakty.wp.pl\/pilka-nozna\/nico-williams\" rel=\"nofollow noopener\" target=\"_blank\">Nico Williams<\/a>\u00a0po podaniu swojego brata Inakiego. Sytuacj\u0119 analizowa\u0142 jeszcze VAR, sprawdzaj\u0105c, czy wcze\u015bniej pi\u0142ka nie opu\u015bci\u0142a boiska, ale ostatecznie gol zosta\u0142 uznany.<\/p>\n<p class=\"contentpart contentpart--default contentpart--text\" data-position=\"3\">ZOBACZ WIDEO: Egipcjanin zadebiutowa\u0142 w FC Barcelonie. Dumna by\u0142a ca\u0142a rodzina<\/p>\n<p class=\"contentpart contentpart--default contentpart--text\" data-position=\"5\">Atletico nie zd\u0105\u017cy\u0142o otrz\u0105sn\u0105\u0107 si\u0119 po pierwszym ciosie, a ju\u017c otrzyma\u0142o kolejny. Niespe\u0142na minut\u0119 p\u00f3\u017aniej <a href=\"https:\/\/sportowefakty.wp.pl\/pilka-nozna\/inaki-williams\" rel=\"nofollow noopener\" target=\"_blank\">Inaki Williams<\/a>\u00a0ponownie wyst\u0105pi\u0142 w roli asystenta, tym razem obs\u0142uguj\u0105c Roberta Navarro. Go\u015bcie po wznowieniu gry zd\u0105\u017cyli wymieni\u0107 zaledwie kilka poda\u0144 i przegrywali ju\u017c 0:2.<\/p>\n<p class=\"contentpart contentpart--default contentpart--text\" data-position=\"6\">Szczeg\u00f3lnie wymowna by\u0142a reakcja <a href=\"https:\/\/sportowefakty.wp.pl\/pilka-nozna\/jan-oblak\" rel=\"nofollow noopener\" target=\"_blank\">Jana Oblaka<\/a>. Kapitan Atletico w pierwszej po\u0142owie praktycznie nie mia\u0142 pracy, a chwil\u0119 po rozpocz\u0119ciu drugiej cz\u0119\u015bci musia\u0142 dwukrotnie wyci\u0105ga\u0107 pi\u0142k\u0119 z siatki.<\/p>\n<p>  <img decoding=\"async\" src=\"https:\/\/v.wpimg.pl\/X3dwLnN2d1IFFTpdYUl6R0ZNbgcnEHQREVV2TGEGbUtRT2MdOlZ2RBQUKABgQjQcDRotCStBd1IAAWMeIlM7VgwYIAorQAdEFFk_GCkQJQ\" alt=\"\" width=\"45\" height=\"58\" loading=\"lazy\"\/>  <\/p>\n<p>Julian Alvarez pr\u00f3bowa\u0142 ratowa\u0107 sytuacj\u0119<\/p>\n<p class=\"contentpart contentpart--default contentpart--text\" data-position=\"8\">Simeone zareagowa\u0142 po godzinie gry, wprowadzaj\u0105c na boisko Juliana Alvareza. Argenty\u0144czyk, kt\u00f3rego przysz\u0142o\u015b\u0107 by\u0142a jednym z najg\u0142o\u015bniejszych temat\u00f3w letniego okna transferowego, wyra\u017anie o\u017cywi\u0142 ofensyw\u0119 Atletico.<\/p>\n<p class=\"contentpart contentpart--default contentpart--text\" data-position=\"9\">To w\u0142a\u015bnie po jego akcjach go\u015bcie stworzyli najwi\u0119ksze zagro\u017cenie w drugiej po\u0142owie. Na posterunku pozostawa\u0142 jednak <a href=\"https:\/\/sportowefakty.wp.pl\/pilka-nozna\/unai-simon\" rel=\"nofollow noopener\" target=\"_blank\">Unai Simon<\/a>, a Atletico nie zdo\u0142a\u0142o zdoby\u0107 nawet bramki kontaktowej.<\/p>\n<p>Athletic dobi\u0142 rywala<\/p>\n<p class=\"contentpart contentpart--default contentpart--text\" data-position=\"11\">Gospodarze po obj\u0119ciu dwubramkowego prowadzenia nie zamierzali podejmowa\u0107 niepotrzebnego ryzyka. Zesp\u00f3\u0142 prowadzony przez <a href=\"https:\/\/sportowefakty.wp.pl\/pilka-nozna\/edin-terzic\" rel=\"nofollow noopener\" target=\"_blank\">Edina Terzica<\/a>\u00a0stara\u0142 si\u0119 d\u0142ugo utrzymywa\u0107 przy pi\u0142ce i kontrolowa\u0107 przebieg spotkania.<\/p>\n<p>  <img decoding=\"async\" src=\"https:\/\/v.wpimg.pl\/X3dwLnN2d1IFFTpdYUl6R0ZNbgcnEHQREVV2TGEGbUtRT2MdOlZ2RBQUKABgQjQcDRotCStBd1IAAWMeIlM7VgwYIAorQAdEFFk_GCkQJQ\" alt=\"\" width=\"45\" height=\"58\" loading=\"lazy\"\/>  <\/p>\n<p class=\"contentpart contentpart--default contentpart--text\" data-position=\"12\">W 89. minucie <a href=\"https:\/\/sportowefakty.wp.pl\/pilka-nozna\/athletic-bilbao\" rel=\"nofollow noopener\" target=\"_blank\">Athletic Bilbao<\/a>\u00a0przypiecz\u0119towa\u0142 zwyci\u0119stwo. Po kontrataku pi\u0142ka trafi\u0142a przed pole karne do <a href=\"https:\/\/sportowefakty.wp.pl\/pilka-nozna\/oihan-sancet\" rel=\"nofollow noopener\" target=\"_blank\">Oihana Sanceta<\/a>, kt\u00f3ry ustali\u0142 wynik na 3:0.<\/p>\n<p class=\"contentpart contentpart--default contentpart--text\" data-position=\"13\">Dla Atletico to pierwszy powa\u017cny cios w nowym sezonie i kiepski prognostyk przed rozpocz\u0119ciem rywalizacji w Lidze Mistrz\u00f3w. Ju\u017c w najbli\u017cszym tygodniu dru\u017cyn\u0119 Simeone czeka wyjazd na Anfield.<\/p>\n<p>Atletico mog\u0142o wyprzedzi\u0107 Real<\/p>\n<p class=\"contentpart contentpart--default contentpart--text\" data-position=\"15\">Pora\u017cka na San Mames jest dla Atletico tym bardziej bolesna, \u017ce zesp\u00f3\u0142 Simeone mia\u0142 okazj\u0119 wyprzedzi\u0107 w tabeli Real Madryt. Zwyci\u0119stwo w Bilbao pozwoli\u0142oby Rojiblancos znale\u017a\u0107 si\u0119 przed lokalnym rywalem, kt\u00f3ry w tej kolejce straci\u0142 punkty z <a href=\"https:\/\/sportowefakty.wp.pl\/pilka-nozna\/real-betis\" rel=\"nofollow noopener\" target=\"_blank\">Realem Betis<\/a>. Atletico nie wykorzysta\u0142o jednak potkni\u0119cia Kr\u00f3lewskich i nadal pozostaje za nimi w tabeli La Liga.<\/p>\n<p>  <img decoding=\"async\" src=\"https:\/\/v.wpimg.pl\/X3dwLnN2d1IFFTpdYUl6R0ZNbgcnEHQREVV2TGEGbUtRT2MdOlZ2RBQUKABgQjQcDRotCStBd1IAAWMeIlM7VgwYIAorQAdEFFk_GCkQJQ\" alt=\"\" width=\"45\" height=\"58\" loading=\"lazy\"\/>  <\/p>\n<p class=\"contentpart contentpart--default contentpart--text\" data-position=\"16\">Athletic Bilbao &#8211; Atletico Madryt 3:0 (0:0)<br \/>1:0 Nico Williams 46&#8242;<br \/>2:0 Robert Navarro 48&#8242;<br \/>3:0 Oihan Sancet 90&#8242;<\/p>\n","protected":false},"excerpt":{"rendered":"Przed przerw\u0105 nic nie zapowiada\u0142o czarnego scenariusza. Atletico Madryt\u00a0mia\u0142o swoje okazje, a Kang-in Lee\u00a0i Pablo Barrios\u00a0trafiali w s\u0142upek.&hellip;\n","protected":false},"author":2,"featured_media":669733,"comment_status":"","ping_status":"","sticky":false,"template":"","format":"standard","meta":{"footnotes":"","_share_on_mastodon":"0"},"categories":[5],"tags":[7145,999,32,33,1242,36,37,27,267,538,34,35,694,28,31,25,269,540,278,42,38,40,39,41,8557,692,29,30,26],"class_list":["post-669732","post","type-post","status-publish","format-standard","has-post-thumbnail","category-naglowki","tag-athletic-bilbao","tag-atletico-madryt","tag-breaking-news","tag-breakingnews","tag-diego-simeone","tag-featured-news","tag-featurednews","tag-headlines","tag-hiszpania","tag-la-liga","tag-latest-news","tag-latestnews","tag-madryt","tag-naglowki","tag-najwazniejsze-artykuly","tag-news","tag-pilka-nozna","tag-pilka-nozna-w-hiszpanii","tag-pilka-w-europie","tag-pl","tag-poland","tag-polish","tag-polska","tag-polski","tag-real-betis","tag-real-madryt","tag-top-stories","tag-topstories","tag-wiadomosci"],"share_on_mastodon":{"url":"https:\/\/pubeurope.com\/@pl\/117219963803188738","error":""},"_links":{"self":[{"href":"https:\/\/www.europesays.com\/pl\/wp-json\/wp\/v2\/posts\/669732","targetHints":{"allow":["GET"]}}],"collection":[{"href":"https:\/\/www.europesays.com\/pl\/wp-json\/wp\/v2\/posts"}],"about":[{"href":"https:\/\/www.europesays.com\/pl\/wp-json\/wp\/v2\/types\/post"}],"author":[{"embeddable":true,"href":"https:\/\/www.europesays.com\/pl\/wp-json\/wp\/v2\/users\/2"}],"replies":[{"embeddable":true,"href":"https:\/\/www.europesays.com\/pl\/wp-json\/wp\/v2\/comments?post=669732"}],"version-history":[{"count":0,"href":"https:\/\/www.europesays.com\/pl\/wp-json\/wp\/v2\/posts\/669732\/revisions"}],"wp:featuredmedia":[{"embeddable":true,"href":"https:\/\/www.europesays.com\/pl\/wp-json\/wp\/v2\/media\/669733"}],"wp:attachment":[{"href":"https:\/\/www.europesays.com\/pl\/wp-json\/wp\/v2\/media?parent=669732"}],"wp:term":[{"taxonomy":"category","embeddable":true,"href":"https:\/\/www.europesays.com\/pl\/wp-json\/wp\/v2\/categories?post=669732"},{"taxonomy":"post_tag","embeddable":true,"href":"https:\/\/www.europesays.com\/pl\/wp-json\/wp\/v2\/tags?post=669732"}],"curies":[{"name":"wp","href":"https:\/\/api.w.org\/{rel}","templated":true}]}}