{"id":669752,"date":"2026-09-05T19:13:09","date_gmt":"2026-09-05T19:13:09","guid":{"rendered":"https:\/\/www.europesays.com\/pl\/669752\/"},"modified":"2026-09-05T19:13:09","modified_gmt":"2026-09-05T19:13:09","slug":"czas-na-kolejna-liste-przebojow-ludowych-to-jubileuszowa-odslona","status":"publish","type":"post","link":"https:\/\/www.europesays.com\/pl\/669752\/","title":{"rendered":"Czas na kolejn\u0105 List\u0119 Przeboj\u00f3w Ludowych! To jubileuszowa ods\u0142ona"},"content":{"rendered":"\n<p>                <a target=\"_blank\" href=\"http:\/\/www.wykop.pl\/dodaj\/link\/?url=https%3A%2F%2Fwww.radiowroclaw.pl%2Farticles%2Fview%2F163686%2FCzas-na-kolejna-Liste-Przebojow-Ludowych-To-jubileuszowa-odsl&amp;title=Czas+na+kolejn%C4%85+List%C4%99+Przeboj%C3%B3w+Ludowych%21+To+jubileuszowa+ods%C5%82ona&amp;desc=Startuje+Lista+Przeboj%C3%B3w+Ludowych+w+jubileuszowej+ods%C5%82onie.+Z+okazji+80-tych+urodzin+Radia+Wroc%C5%82aw+wydamy+p%C5%82yt%C4%99%2C+na+kt%C3%B3rej+znajd%C4%85+si%C4%99+piosenki+zespo%C5%82%C3%B3w+ludowych%2C+kt%C3%B3re+wygra%C5%82y+w+programie.\" rel=\"nofollow noopener\"><img decoding=\"async\" alt=\"Dodaj do Wykop.pl\" src=\"http:\/\/www.radiowroclaw.pl\/nlayout\/layout\/wykop-social.svg\"\/><\/a><\/p>\n<p>    <img decoding=\"async\" src=\"https:\/\/www.europesays.com\/pl\/wp-content\/uploads\/2026\/09\/ldp2L4je5g.jpg\" class=\"w-100\" alt=\"Czas na kolejn\u0105 List\u0119 Przeboj\u00f3w Ludowych! To jubileuszowa ods\u0142ona - Ludowe zespo\u0142y zn\u00f3w mog\u0105 powalczy\u0107 na antenie Radia Wroc\u0142aw.\"\/>Ludowe zespo\u0142y zn\u00f3w mog\u0105 powalczy\u0107 na antenie Radia Wroc\u0142aw.<\/p>\n<p>Fot. Joanna Mazurek<\/p>\n<p>Startuje Lista Przeboj\u00f3w Ludowych w jubileuszowej ods\u0142onie. Z okazji 80-tych urodzin Radia Wroc\u0142aw wydamy p\u0142yt\u0119, na kt\u00f3rej znajd\u0105 si\u0119 piosenki zespo\u0142\u00f3w ludowych, kt\u00f3re wygra\u0142y w programie.<\/p>\n<p style=\"text-align: justify;\">Startuje Jesienna Edycja Listy Przeboj\u00f3w Ludowych w jubileuszowej ods\u0142onie. Z okazji 80 urodzin Radia Wroc\u0142aw s\u0142uchacze mog\u0105 g\u0142osowa\u0107 na zespo\u0142y, kt\u00f3rych piosenki znajd\u0105 si\u0119 na p\u0142ycie. A wybiera\u0107 b\u0119dziemy spo\u015br\u00f3d 60 laureat\u00f3w, kt\u00f3rzy od 2004 roku wygrywali w programie. B\u0119dzie te\u017c 5 dzikich kart dla piosenek, kt\u00f3re s\u0105 ludowymi hitami. G\u0142osowanie to bardzo emocjonuj\u0105cy czas dla zespo\u0142\u00f3w &#8211; wspomina pani Anna Miler z zespo\u0142u Skokowianki<\/p>\n<p>&#13;<br \/>\n\t\t\t\t\t\t\t\t\t\tAby ods\u0142ucha\u0107 za\u0142\u0105czonego d\u017awi\u0119ku zaktualizuj przegl\u0105dark\u0119 lub\/i wtyczk\u0119 Adobe Flash Player.&#13;\n\t\t\t\t\t\t\t\t\t<\/p>\n<p style=\"text-align: justify;\">Lista laureat\u00f3w jest na stronie <a href=\"http:\/\/www.radiowroclaw.pl\/ludowe.radiowroclaw.pl\" rel=\"nofollow noopener\" target=\"_blank\">ludowe.radiowroclaw.pl<\/a>. G\u0142osowanie rozpoczyna si\u0119 w niedziel\u0119 o godz. 7.00 i potrwa do 21 listopada.<\/p>\n<p>        <a name=\"Comments\"\/><br \/>\n    \ufeff<\/p>\n<p>\t\t\t\t<a name=\"Comments\"\/><\/p>\n<p>\t\t\t\t\tDodaj\u0105c komentarz do artyku\u0142u akceptujesz<br \/>\n\t\t\t\t\t<a class=\"fw-bold\" href=\"http:\/\/www.radiowroclaw.pl\/articles\/view\/97405\" title=\"regulamin strony\" rel=\"nofollow noopener\" target=\"_blank\">regulamin strony<\/a>.<br \/>\n\t\t\t\t\tRadio Wroc\u0142aw nie odpowiada za tre\u015b\u0107 komentarzy.<\/p>\n","protected":false},"excerpt":{"rendered":"Ludowe zespo\u0142y zn\u00f3w mog\u0105 powalczy\u0107 na antenie Radia Wroc\u0142aw. Fot. Joanna Mazurek Startuje Lista Przeboj\u00f3w Ludowych w jubileuszowej&hellip;\n","protected":false},"author":2,"featured_media":669753,"comment_status":"","ping_status":"","sticky":false,"template":"","format":"standard","meta":{"footnotes":"","_share_on_mastodon":"0"},"categories":[51607],"tags":[10822,129863,58028,111715,74850,34720,54048,42,38,40,39,41,74849,43260,1853],"class_list":["post-669752","post","type-post","status-publish","format-standard","has-post-thumbnail","category-wroclaw","tag-czas","tag-jubileuszowa","tag-kolejna","tag-liste","tag-ludowych","tag-na","tag-odslona","tag-pl","tag-poland","tag-polish","tag-polska","tag-polski","tag-przebojow","tag-to","tag-wroclaw"],"share_on_mastodon":{"url":"","error":""},"_links":{"self":[{"href":"https:\/\/www.europesays.com\/pl\/wp-json\/wp\/v2\/posts\/669752","targetHints":{"allow":["GET"]}}],"collection":[{"href":"https:\/\/www.europesays.com\/pl\/wp-json\/wp\/v2\/posts"}],"about":[{"href":"https:\/\/www.europesays.com\/pl\/wp-json\/wp\/v2\/types\/post"}],"author":[{"embeddable":true,"href":"https:\/\/www.europesays.com\/pl\/wp-json\/wp\/v2\/users\/2"}],"replies":[{"embeddable":true,"href":"https:\/\/www.europesays.com\/pl\/wp-json\/wp\/v2\/comments?post=669752"}],"version-history":[{"count":0,"href":"https:\/\/www.europesays.com\/pl\/wp-json\/wp\/v2\/posts\/669752\/revisions"}],"wp:featuredmedia":[{"embeddable":true,"href":"https:\/\/www.europesays.com\/pl\/wp-json\/wp\/v2\/media\/669753"}],"wp:attachment":[{"href":"https:\/\/www.europesays.com\/pl\/wp-json\/wp\/v2\/media?parent=669752"}],"wp:term":[{"taxonomy":"category","embeddable":true,"href":"https:\/\/www.europesays.com\/pl\/wp-json\/wp\/v2\/categories?post=669752"},{"taxonomy":"post_tag","embeddable":true,"href":"https:\/\/www.europesays.com\/pl\/wp-json\/wp\/v2\/tags?post=669752"}],"curies":[{"name":"wp","href":"https:\/\/api.w.org\/{rel}","templated":true}]}}