{"id":669764,"date":"2026-09-05T19:19:19","date_gmt":"2026-09-05T19:19:19","guid":{"rendered":"https:\/\/www.europesays.com\/pl\/669764\/"},"modified":"2026-09-05T19:19:19","modified_gmt":"2026-09-05T19:19:19","slug":"fatalne-wiesci-ws-arkadiusza-milika-juventus-naprawde-to-zrobil","status":"publish","type":"post","link":"https:\/\/www.europesays.com\/pl\/669764\/","title":{"rendered":"Fatalne wie\u015bci ws. Arkadiusza Milika! Juventus naprawd\u0119 to zrobi\u0142"},"content":{"rendered":"<p class=\"art_paragraph\"><a href=\"https:\/\/www.sport.pl\/arkadiusz-milik#anchorLink\" rel=\"nofollow noopener\" target=\"_blank\">Arkadiusz Milik<\/a> od ponad dw\u00f3ch lat prze\u017cywa prawdziwy koszmar. Odk\u0105d na pocz\u0105tku czerwca 2024 r. w meczu <a href=\"https:\/\/www.sport.pl\/polska#anchorLink\" rel=\"nofollow noopener\" target=\"_blank\">Polska<\/a> &#8211; Ukraina przed Euro 2024 dozna\u0142 kontuzji kolana, wci\u0105\u017c nie wr\u00f3ci\u0142 do powa\u017cnego grania. Polski napastnik d\u0142ugo przechodzi\u0142 rehabilitacj\u0119, a mi\u0119dzyczasie dochodzi\u0142y kolejne urazy. W zwi\u0105zku z tym przez dwa sezony rozegra\u0142 raptem dwa oficjalne spotkania w barwach Juventusu. Niestety wygl\u0105da na to, \u017ce w\u0142oski klub w\u0142a\u015bnie przesta\u0142 wi\u0105za\u0107 z nim jakiekolwiek nadzieje.<\/p>\n<p>\n    Zobacz wideo Giganci chcieli u siebie Marka Citko: Pyta\u0142y o mnie Liverpool, Arsenal, Inter i Milan\n  <\/p>\n<p> Juventus skre\u015bli\u0142 Milika. Brutalna decyzja klubu<\/p>\n<p class=\"art_paragraph\">\u015awiadczy o tym zaskakuj\u0105ca wiadomo\u015b\u0107, jaka w sobot\u0119 obieg\u0142a w\u0142oskie media. Ot\u00f3\u017c &#8211; jak donosi tamtejszy Eurosport &#8211; Milik nie zosta\u0142 zg\u0142oszony na ten sezon do rozgrywek Serie A! Taki sam los spotka\u0142 zreszt\u0105 nie tylko jego. W kadrze brakuje r\u00f3wnie\u017c francuskiego pomocnika\u00a0Khephrena Thurama. S\u0119k w tym, \u017ce ten zmaga si\u0119 z kontuzj\u0105 kolana, przez kt\u00f3r\u0105 ma pauzowa\u0107 przez ca\u0142y sezon.<\/p>\n<p class=\"art_paragraph\">Milik natomiast teoretycznie jest gotowy do gry. Mogli\u015bmy go zreszt\u0105 ogl\u0105da\u0107 na boisku w barwach Juventusu w przedsezonowych sparingach. W starciach z <a href=\"https:\/\/www.sport.pl\/chelsea#anchorLink\" rel=\"nofollow noopener\" target=\"_blank\">Chelsea<\/a> i Nice rozegra\u0142 45 minut, a z <a href=\"https:\/\/www.sport.pl\/fc-basel#anchorLink\" rel=\"nofollow noopener\" target=\"_blank\">FC Basel<\/a> &#8211; 33. Z kolei przeciwko Palermo popisa\u0142 si\u0119 przepi\u0119kn\u0105 bramk\u0105. To jednak najwyra\u017aniej nie wystarczy\u0142o, by postawi\u0142 na niego trener Luciano Spalletti.<\/p>\n<p class=\"art_paragraph\">Zobacz te\u017c: <a href=\"https:\/\/www.sport.pl\/pilka\/7,65082,33006879,flick-podjal-decyzje-ws-nastepcy-lewandowskiego-nasza-najlepsza.html\" class=\"art_link\" rel=\"dofollow noopener\" target=\"_blank\">Flick podj\u0105\u0142 decyzj\u0119 ws. nast\u0119pcy Lewandowskiego. &#8222;Nasza najlepsza opcja&#8221; <\/a><\/p>\n<p> Ostatnie deska ratunku dla Milika. Oto co musi si\u0119 sta\u0107, by zagra\u0142 w Serie A<\/p>\n<p class=\"art_paragraph\">Decyzja nie zamyka jednak ca\u0142kowicie Milikowi szans na gr\u0119. Jak zaznaczy\u0142 wspomniany Eurosport, w trakcie sezonu poza okienkiem transferowym ka\u017cdy klub mo\u017ce dokona\u0107 maksymalnie dw\u00f3ch zmian w 25-osobowej kadrze. A zatem teoretycznie Polak mo\u017ce w pewnym momencie do niej jeszcze wskoczy\u0107.<\/p>\n<p class=\"art_paragraph\">Wydaje si\u0119 jednak, \u017ce jest to wyra\u017any sygna\u0142, i\u017c <a href=\"https:\/\/www.sport.pl\/juventus#anchorLink\" rel=\"nofollow noopener\" target=\"_blank\">Juventus<\/a> przesta\u0142 liczy\u0107 na pomoc Milika. Jego kontrakt z tury\u0144skim klubem wygasa wraz z ko\u0144cem obecnego sezonu. Oczywi\u015bcie wcze\u015bniej Polak m\u00f3g\u0142by odej\u015b\u0107. Trzeba jednak przypomnie\u0107, \u017ce letnie okienko transferowe w najmocniejszych ligach Europy ju\u017c si\u0119 zamkn\u0119\u0142o.<\/p>\n","protected":false},"excerpt":{"rendered":"Arkadiusz Milik od ponad dw\u00f3ch lat prze\u017cywa prawdziwy koszmar. Odk\u0105d na pocz\u0105tku czerwca 2024 r. w meczu Polska&hellip;\n","protected":false},"author":2,"featured_media":669765,"comment_status":"","ping_status":"","sticky":false,"template":"","format":"standard","meta":{"footnotes":"","_share_on_mastodon":"0"},"categories":[24],"tags":[42,38,40,39,41,127,126],"class_list":["post-669764","post","type-post","status-publish","format-standard","has-post-thumbnail","category-sport","tag-pl","tag-poland","tag-polish","tag-polska","tag-polski","tag-sport","tag-sports"],"share_on_mastodon":{"url":"","error":""},"_links":{"self":[{"href":"https:\/\/www.europesays.com\/pl\/wp-json\/wp\/v2\/posts\/669764","targetHints":{"allow":["GET"]}}],"collection":[{"href":"https:\/\/www.europesays.com\/pl\/wp-json\/wp\/v2\/posts"}],"about":[{"href":"https:\/\/www.europesays.com\/pl\/wp-json\/wp\/v2\/types\/post"}],"author":[{"embeddable":true,"href":"https:\/\/www.europesays.com\/pl\/wp-json\/wp\/v2\/users\/2"}],"replies":[{"embeddable":true,"href":"https:\/\/www.europesays.com\/pl\/wp-json\/wp\/v2\/comments?post=669764"}],"version-history":[{"count":0,"href":"https:\/\/www.europesays.com\/pl\/wp-json\/wp\/v2\/posts\/669764\/revisions"}],"wp:featuredmedia":[{"embeddable":true,"href":"https:\/\/www.europesays.com\/pl\/wp-json\/wp\/v2\/media\/669765"}],"wp:attachment":[{"href":"https:\/\/www.europesays.com\/pl\/wp-json\/wp\/v2\/media?parent=669764"}],"wp:term":[{"taxonomy":"category","embeddable":true,"href":"https:\/\/www.europesays.com\/pl\/wp-json\/wp\/v2\/categories?post=669764"},{"taxonomy":"post_tag","embeddable":true,"href":"https:\/\/www.europesays.com\/pl\/wp-json\/wp\/v2\/tags?post=669764"}],"curies":[{"name":"wp","href":"https:\/\/api.w.org\/{rel}","templated":true}]}}