{"id":669786,"date":"2026-09-05T19:38:09","date_gmt":"2026-09-05T19:38:09","guid":{"rendered":"https:\/\/www.europesays.com\/pl\/669786\/"},"modified":"2026-09-05T19:38:09","modified_gmt":"2026-09-05T19:38:09","slug":"nie-zyje-adrian-szymaniak-szczecinianin-walczyl-z-glejakiem","status":"publish","type":"post","link":"https:\/\/www.europesays.com\/pl\/669786\/","title":{"rendered":"Nie \u017cyje Adrian Szymaniak. Szczecinianin walczy\u0142 z glejakiem"},"content":{"rendered":"<p>\n                        Adrian Szymaniak, szczecinianin i gwiazda popularnego reality-show \u201e\u015alub od pierwszego wejrzenia\u201d nie \u017cyje. 39-letni m\u0119\u017cczyzna przez ostatni rok dzielnie walczy\u0142 ze z\u0142o\u015bliwym nowotworem m\u00f3zgu.\n                    <\/p>\n<p>Walk\u0119 Adriana \u015bledzi\u0142a ca\u0142a Polska. Niemal r\u00f3wno rok temu poinformowa\u0142 on w mediach spo\u0142eczno\u015bciowych o tym, \u017ce zmaga si\u0119 z nowotworem m\u00f3zgu. M\u0142ody m\u0119\u017cczyzna czu\u0142 si\u0119 \u017ale, mia\u0142 zawroty g\u0142owy i omamy wzrokowe. Diagnoza by\u0142a druzgoc\u0105ca. Od razu wystartowa\u0142a zbi\u00f3rka \u015brodk\u00f3w na leczenie Adriana.<\/p>\n<p>M\u0119\u017cczyzna mia\u0142 w Szczecinie wielu przyjaci\u00f3\u0142, kt\u00f3rzy wspierali go w walce z chorob\u0105. Ostatnie lata mieszka\u0142 w Krakowie, a nast\u0119pnie w Bydgoszczy, gdzie poddawany by\u0142 leczeniu.<\/p>\n<p>O walce z chorob\u0105 opowiada\u0142 w listopadzie w naszym programie \u201eHej Szczecin! Jest pi\u0105tek\u201d<\/p>\n<p>&#8211; Do udzia\u0142u w programie nam\u00f3wi\u0142 mnie m\u00f3j przyjaciel Maciek. Pozna\u0142em tam mi\u0142o\u015b\u0107 mojego \u017cycia. Zawsze wracam do Szczecina. Dzi\u0119kuje za ca\u0142e wsparcie, za mi\u0142e s\u0142owa od moich ziomk\u00f3w dla ziomka ze Szczecina \u2013 m\u00f3wi\u0142 Adrian.<\/p>\n<p>Choroba mocno odbi\u0142a si\u0119 na kondycji Adriana. Ostatni raz g\u0142os w social mediach zabra\u0142 w lipcu tego roku. 5 wrze\u015bnia rodzina poinformowa\u0142a o \u015bmierci m\u0119\u017cczyzny.<\/p>\n<p>&#8211; Z\u00a0ogromnym b\u00f3lem informujemy, \u017ce\u00a0Adrian odszed\u0142.\u00a0W\u00a0tych niezwykle trudnych chwilach najwa\u017cniejsze s\u0105 dla nas cisza, blisko\u015b\u0107 i\u00a0mo\u017cliwo\u015b\u0107 po\u017cegnania Go w\u00a0gronie najbli\u017cszych. Uroczysto\u015b\u0107 pogrzebowa Adriana b\u0119dzie mia\u0142a charakter wy\u0142\u0105cznie rodzinny i\u00a0prywatny.\u00a0Zwracamy si\u0119 zatem z jednoznaczn\u0105 pro\u015bb\u0105 o uszanowanie naszej decyzji i nieobecno\u015b\u0107 przedstawicieli medi\u00f3w podczas ceremonii. Nie wyra\u017camy r\u00f3wnie\u017c zgody na wykonywanie zdj\u0119\u0107, nagrywanie uroczysto\u015bci ani publikowanie jakichkolwiek materia\u0142\u00f3w z ceremonii przez osoby postronne \u2013 napisa\u0142a ma\u0142\u017conka Adriana.<\/p>\n<p>Polska pozna\u0142a mieszka\u0144ca Szczecina przez popularnej reality-show nadawane w telewizji TVN \u201e\u015alub od pierwszego wejrzenia\u201d. Adrian stworzy\u0142 w nim relacj\u0119 z Anit\u0105 i byli jedn\u0105 z nielicznych par, kt\u00f3rych relacja przetrwa\u0142a po zako\u0144czeniu programu.<\/p>\n<p>Adrian Szymaniak mia\u0142 39 lat. Osieroci\u0142 dw\u00f3jk\u0119 dzieci.<\/p>\n","protected":false},"excerpt":{"rendered":"Adrian Szymaniak, szczecinianin i gwiazda popularnego reality-show \u201e\u015alub od pierwszego wejrzenia\u201d nie \u017cyje. 39-letni m\u0119\u017cczyzna przez ostatni rok&hellip;\n","protected":false},"author":2,"featured_media":669787,"comment_status":"","ping_status":"","sticky":false,"template":"","format":"standard","meta":{"footnotes":"","_share_on_mastodon":"0"},"categories":[51611],"tags":[291,1089,3839,3511,261,3840,42,38,40,907,39,41,123,2307,26,1092],"class_list":["post-669786","post","type-post","status-publish","format-standard","has-post-thumbnail","category-szczecin","tag-historia","tag-imprezy","tag-interwencje","tag-inwestycje","tag-kultura","tag-lokale","tag-pl","tag-poland","tag-polish","tag-polityka","tag-polska","tag-polski","tag-rozrywka","tag-szczecin","tag-wiadomosci","tag-wydarzenia"],"share_on_mastodon":{"url":"https:\/\/pubeurope.com\/@pl\/117220127966217470","error":""},"_links":{"self":[{"href":"https:\/\/www.europesays.com\/pl\/wp-json\/wp\/v2\/posts\/669786","targetHints":{"allow":["GET"]}}],"collection":[{"href":"https:\/\/www.europesays.com\/pl\/wp-json\/wp\/v2\/posts"}],"about":[{"href":"https:\/\/www.europesays.com\/pl\/wp-json\/wp\/v2\/types\/post"}],"author":[{"embeddable":true,"href":"https:\/\/www.europesays.com\/pl\/wp-json\/wp\/v2\/users\/2"}],"replies":[{"embeddable":true,"href":"https:\/\/www.europesays.com\/pl\/wp-json\/wp\/v2\/comments?post=669786"}],"version-history":[{"count":0,"href":"https:\/\/www.europesays.com\/pl\/wp-json\/wp\/v2\/posts\/669786\/revisions"}],"wp:featuredmedia":[{"embeddable":true,"href":"https:\/\/www.europesays.com\/pl\/wp-json\/wp\/v2\/media\/669787"}],"wp:attachment":[{"href":"https:\/\/www.europesays.com\/pl\/wp-json\/wp\/v2\/media?parent=669786"}],"wp:term":[{"taxonomy":"category","embeddable":true,"href":"https:\/\/www.europesays.com\/pl\/wp-json\/wp\/v2\/categories?post=669786"},{"taxonomy":"post_tag","embeddable":true,"href":"https:\/\/www.europesays.com\/pl\/wp-json\/wp\/v2\/tags?post=669786"}],"curies":[{"name":"wp","href":"https:\/\/api.w.org\/{rel}","templated":true}]}}