{"id":669794,"date":"2026-09-05T19:42:11","date_gmt":"2026-09-05T19:42:11","guid":{"rendered":"https:\/\/www.europesays.com\/pl\/669794\/"},"modified":"2026-09-05T19:42:11","modified_gmt":"2026-09-05T19:42:11","slug":"oficjalnie-chorwat-w-slasku-wroclaw","status":"publish","type":"post","link":"https:\/\/www.europesays.com\/pl\/669794\/","title":{"rendered":"Oficjalnie: Chorwat w \u015al\u0105sku Wroc\u0142aw"},"content":{"rendered":"\n<p class=\"contentpart contentpart--default contentpart--text\" data-position=\"0\"><a href=\"https:\/\/sportowefakty.wp.pl\/pilka-nozna\/1271671\/transfer-ze-slaska-do-holandii-znamy-szczegoly-transakcji-polskiego-talentu\" rel=\"nofollow noopener\" target=\"_blank\">Transfer Micha\u0142a Rosiaka z FC Twente<\/a> sprawi\u0142, \u017ce \u015al\u0105sk Wroc\u0142aw musia\u0142 uzupe\u0142ni\u0107 braki na prawej stronie defensywy. Wyb\u00f3r pad\u0142 na zawodnika z Chorwacji, ale z polskim obywatelstwem (jego matka jest Polk\u0105).<\/p>\n<p class=\"contentpart contentpart--default contentpart--text\" data-position=\"1\">Nowym pi\u0142karzem beniaminka Ekstraklasy zosta\u0142 25-letni Jan Jurcec. Pomy\u015blnie przeszed\u0142 testy medyczne i podpisa\u0142 kontrakt do 30 czerwca 2029 roku.<\/p>\n<p>  <img decoding=\"async\" src=\"https:\/\/v.wpimg.pl\/X3dwLnN2d1IFFTpdYUl6R0ZNbgcnEHQREVV2TGEGbUtRT2MdOlZ2RBQUKABgQjQcDRotCStBd1IAAWMeIlM7VgwYIAorQAdEFFk_GCkQJQ\" alt=\"\" width=\"45\" height=\"58\" loading=\"lazy\"\/>  <\/p>\n<p class=\"contentpart contentpart--default contentpart--text\" data-position=\"2\">&#8211; Jan Jurcec to istotne wzmocnienie naszej kadry. Po transferze Micha\u0142a Rosiaka formacja defensywna wymaga\u0142a poszerzenia i postanowili\u015bmy zareagowa\u0107. Dla klubu wa\u017cne by\u0142o r\u00f3wnie\u017c to, \u017ce Jan ma polskie obywatelstwo. W ten spos\u00f3b nie zaburzamy struktury narodowo\u015bciowej. To zawodnik, kt\u00f3ry ma do\u015bwiadczenie tak\u017ce w grze na innych pozycjach, r\u00f3wnie\u017c na pozycji skrzyd\u0142owego oraz lewego wahad\u0142owego. Liczymy, \u017ce do\u015bwiadczenie zdobyte w r\u00f3\u017cnych ligach zaprocentuje w Ekstraklasie &#8211; m\u00f3wi dyrektor sportowy \u015al\u0105ska Rafa\u0142 Grodzicki.<\/p>\n<p class=\"contentpart contentpart--default contentpart--text\" data-position=\"3\">ZOBACZ WIDEO: #dziejesiewsporcie: Wiek to tylko liczba! Tak\u0105 bramk\u0119 zdoby\u0142 40-latek<\/p>\n<p class=\"contentpart contentpart--default contentpart--text\" data-position=\"5\">Jurcec ostatnio wyst\u0119powa\u0142 w ukrai\u0144skim\u00a0Krywbasie Krzywy R\u00f3g. Co istotne &#8211; jest w rytmie meczowym (rozegra\u0142 pi\u0119\u0107 mecz\u00f3w w sezonie 2026\/27).<\/p>\n<p class=\"contentpart contentpart--default contentpart--text\" data-position=\"6\">Jest te\u017c by\u0142ym m\u0142odzie\u017cowym reprezentantem Chorwacji.<\/p>\n<p class=\"contentpart contentpart--default contentpart--text\" data-position=\"7\">Jak czytamy na oficjalnej stronie \u015al\u0105ska:\u00a0to pi\u0142karz wielozadaniowy. Gra przede wszystkim na boku obrony, ale w trakcie swojej kariery wyst\u0119powa\u0142 r\u00f3wnie\u017c w roli napastnika.<\/p>\n<p>  <img decoding=\"async\" src=\"https:\/\/v.wpimg.pl\/X3dwLnN2d1IFFTpdYUl6R0ZNbgcnEHQREVV2TGEGbUtRT2MdOlZ2RBQUKABgQjQcDRotCStBd1IAAWMeIlM7VgwYIAorQAdEFFk_GCkQJQ\" alt=\"\" width=\"45\" height=\"58\" loading=\"lazy\"\/>  <\/p>\n<p class=\"contentpart contentpart--default contentpart--text\" data-position=\"8\">&#8211; To dla mnie du\u017ce wyzwanie, ale te\u017c wielka rado\u015b\u0107, \u017ce do\u0142\u0105czam do \u015al\u0105ska Wroc\u0142aw. Przyjemno\u015bci\u0105 b\u0119dzie wyst\u0119powanie na pi\u0119knym stadionie. Chc\u0119 szybko sta\u0107 si\u0119 wa\u017cn\u0105 postaci\u0105 zespo\u0142u i jestem gotowy na wyzwania, kt\u00f3re przede mn\u0105 &#8211; podkre\u015bla nowy pi\u0142karz beniaminka Ekstraklasy.<\/p>\n","protected":false},"excerpt":{"rendered":"Transfer Micha\u0142a Rosiaka z FC Twente sprawi\u0142, \u017ce \u015al\u0105sk Wroc\u0142aw musia\u0142 uzupe\u0142ni\u0107 braki na prawej stronie defensywy. Wyb\u00f3r&hellip;\n","protected":false},"author":2,"featured_media":669795,"comment_status":"","ping_status":"","sticky":false,"template":"","format":"standard","meta":{"footnotes":"","_share_on_mastodon":"0"},"categories":[51607],"tags":[129782,269,1724,42,38,40,39,41,697,1853],"class_list":["post-669794","post","type-post","status-publish","format-standard","has-post-thumbnail","category-wroclaw","tag-jan-jurcec","tag-pilka-nozna","tag-pko-ekstraklasa","tag-pl","tag-poland","tag-polish","tag-polska","tag-polski","tag-slask-wroclaw","tag-wroclaw"],"share_on_mastodon":{"url":"https:\/\/pubeurope.com\/@pl\/117220144594737183","error":""},"_links":{"self":[{"href":"https:\/\/www.europesays.com\/pl\/wp-json\/wp\/v2\/posts\/669794","targetHints":{"allow":["GET"]}}],"collection":[{"href":"https:\/\/www.europesays.com\/pl\/wp-json\/wp\/v2\/posts"}],"about":[{"href":"https:\/\/www.europesays.com\/pl\/wp-json\/wp\/v2\/types\/post"}],"author":[{"embeddable":true,"href":"https:\/\/www.europesays.com\/pl\/wp-json\/wp\/v2\/users\/2"}],"replies":[{"embeddable":true,"href":"https:\/\/www.europesays.com\/pl\/wp-json\/wp\/v2\/comments?post=669794"}],"version-history":[{"count":0,"href":"https:\/\/www.europesays.com\/pl\/wp-json\/wp\/v2\/posts\/669794\/revisions"}],"wp:featuredmedia":[{"embeddable":true,"href":"https:\/\/www.europesays.com\/pl\/wp-json\/wp\/v2\/media\/669795"}],"wp:attachment":[{"href":"https:\/\/www.europesays.com\/pl\/wp-json\/wp\/v2\/media?parent=669794"}],"wp:term":[{"taxonomy":"category","embeddable":true,"href":"https:\/\/www.europesays.com\/pl\/wp-json\/wp\/v2\/categories?post=669794"},{"taxonomy":"post_tag","embeddable":true,"href":"https:\/\/www.europesays.com\/pl\/wp-json\/wp\/v2\/tags?post=669794"}],"curies":[{"name":"wp","href":"https:\/\/api.w.org\/{rel}","templated":true}]}}