{"id":669806,"date":"2026-09-05T19:48:13","date_gmt":"2026-09-05T19:48:13","guid":{"rendered":"https:\/\/www.europesays.com\/pl\/669806\/"},"modified":"2026-09-05T19:48:13","modified_gmt":"2026-09-05T19:48:13","slug":"wielka-gonitwa-interu-mediolan-stracil-dwa-gole-ale-jak-odpowiedzial","status":"publish","type":"post","link":"https:\/\/www.europesays.com\/pl\/669806\/","title":{"rendered":"Wielka gonitwa Interu Mediolan. Straci\u0142 dwa gole, ale jak odpowiedzia\u0142!"},"content":{"rendered":"\n<p class=\"contentpart contentpart--default contentpart--text\" data-position=\"0\">Sezon w lidze w\u0142oskiej nabiera rozp\u0119du, a w 3. kolejce od razu dosz\u0142o do spotkania mistrza z wicemistrzem kraju. <a href=\"https:\/\/sportowefakty.wp.pl\/pilka-nozna\/inter-mediolan\" rel=\"nofollow noopener\" target=\"_blank\">Inter Mediolan<\/a>\u00a0podejmowa\u0142 <a href=\"https:\/\/sportowefakty.wp.pl\/pilka-nozna\/ssc-napoli\" rel=\"nofollow noopener\" target=\"_blank\">SSC Napoli<\/a>\u00a0na przetarcie obu klub\u00f3w przed rywalizacj\u0105 w <a href=\"https:\/\/sportowefakty.wp.pl\/pilka-nozna\/liga-mistrzow\" rel=\"nofollow noopener\" target=\"_blank\">Lidze Mistrz\u00f3w<\/a>. Klub <a href=\"https:\/\/sportowefakty.wp.pl\/pilka-nozna\/piotr-zielinski\" rel=\"nofollow noopener\" target=\"_blank\">Piotra Zieli\u0144skiego<\/a>\u00a0walczy\u0142 o trzecie zwyci\u0119stwo w rozgrywkach po pokonaniu Monzy oraz Cagliari. Poprzeczka w sobot\u0119 mia\u0142a by\u0107 zawieszona wy\u017cej. Napoli przyjecha\u0142o do <a href=\"https:\/\/sportowefakty.wp.pl\/wlochy\/mediolan\" rel=\"nofollow noopener\" target=\"_blank\">Mediolanu<\/a>\u00a0z dobrze znanym w tym mie\u015bcie trenerem <a href=\"https:\/\/sportowefakty.wp.pl\/pilka-nozna\/massimiliano-allegri\" rel=\"nofollow noopener\" target=\"_blank\">Massimiliano Allegrim<\/a>.<\/p>\n<p class=\"contentpart contentpart--default contentpart--text\" data-position=\"1\">Wszystko to, co najwa\u017cniejsze w tym meczu, wydarzy\u0142o si\u0119 w drugiej po\u0142owie. Pierwsza by\u0142a tylko preludium.<\/p>\n<p>  <img decoding=\"async\" src=\"https:\/\/v.wpimg.pl\/X3dwLnN2d1IFFTpdYUl6R0ZNbgcnEHQREVV2TGEGbUtRT2MdOlZ2RBQUKABgQjQcDRotCStBd1IAAWMeIlM7VgwYIAorQAdEFFk_GCkQJQ\" alt=\"\" width=\"45\" height=\"58\" loading=\"lazy\"\/>  <\/p>\n<p class=\"contentpart contentpart--default contentpart--text\" data-position=\"2\">ZOBACZ WIDEO: #dziejesiewsporcie. Co za bramka. Poezja na boisku!<\/p>\n<p class=\"contentpart contentpart--default contentpart--text\" data-position=\"4\">W 50. minucie <a href=\"https:\/\/sportowefakty.wp.pl\/pilka-nozna\/matteo-politano\" rel=\"nofollow noopener\" target=\"_blank\">Matteo Politano<\/a>\u00a0dobi\u0142 w\u0142asne uderzenie, kt\u00f3re trafi\u0142o w nog\u0119 defensora Interu, zdobywaj\u0105c prowadzenie dla Napoli. Gracze Nerazzurrich nie obejrzeli si\u0119 po stracie pierwszego gola, a ju\u017c by\u0142o trafienie na 2:0 w 53. minucie. <a href=\"https:\/\/sportowefakty.wp.pl\/pilka-nozna\/rasmus-hojlund\" rel=\"nofollow noopener\" target=\"_blank\">Rasmus Hojlund<\/a>\u00a0przymierzy\u0142 precyzyjnym strza\u0142em po podaniu kapitana zespo\u0142u <a href=\"https:\/\/sportowefakty.wp.pl\/pilka-nozna\/giovanni-di-lorenzo\" rel=\"nofollow noopener\" target=\"_blank\">Giovanniego Di Lorenzo<\/a>. Sytuacja Napoli\u00a0zrobi\u0142a si\u0119 bardzo dobra.<\/p>\n<p class=\"contentpart contentpart--default contentpart--text\" data-position=\"5\">Inter \u017cwawo wr\u00f3ci\u0142 do gry o punkty. Zrobi\u0142 to w 56. minucie, dzi\u0119ki strza\u0142owi Lautaro Martineza. <a href=\"https:\/\/sportowefakty.wp.pl\/argentyna\" rel=\"nofollow noopener\" target=\"_blank\">Argenty\u0144czyk<\/a>\u00a0odpowiedzia\u0142 swoim trafieniem na 1:2 i da\u0142 odrobin\u0119 rado\u015bci gospodarzom.<\/p>\n<p class=\"contentpart contentpart--default contentpart--text\" data-position=\"6\">Tym samym dru\u017cyna z Mediolanu by\u0142a w kontakcie z przeciwnikiem, a w 73. minucie <a href=\"https:\/\/sportowefakty.wp.pl\/pilka-nozna\/marcus-thuram\" rel=\"nofollow noopener\" target=\"_blank\">Marcus Thuram<\/a>\u00a0odda\u0142 uderzenie g\u0142ow\u0105 w s\u0142upek.\u00a0Ostrze\u017cenie od zmiennika z <a href=\"https:\/\/sportowefakty.wp.pl\/francja\" rel=\"nofollow noopener\" target=\"_blank\">Francji<\/a>\u00a0by\u0142o tylko jedno, poniewa\u017c w 82. minucie to on doprowadzi\u0142 on do remisu 2:2. W ten spos\u00f3b po\u015bcig rozdra\u017cnionego Interu zako\u0144czy\u0142 si\u0119 powodzeniem. Marcus Thuram przymierzy\u0142 strza\u0142em g\u0142ow\u0105 po wrzutce z lewego skrzyd\u0142a.<\/p>\n<p>  <img decoding=\"async\" src=\"https:\/\/v.wpimg.pl\/X3dwLnN2d1IFFTpdYUl6R0ZNbgcnEHQREVV2TGEGbUtRT2MdOlZ2RBQUKABgQjQcDRotCStBd1IAAWMeIlM7VgwYIAorQAdEFFk_GCkQJQ\" alt=\"\" width=\"45\" height=\"58\" loading=\"lazy\"\/>  <\/p>\n<p class=\"contentpart contentpart--default contentpart--text\" data-position=\"7\">Pozosta\u0142o obu zespo\u0142om troch\u0119 czasu na do\u0142o\u017cenie trzeciego gola i rozstrzygni\u0119cie meczu. Na pocz\u0105tku doliczonego czasu Lautaro Martinez skompletowa\u0142 dublet i w spektakularny spos\u00f3b odwr\u00f3ci\u0142 wynik 0:2 na 3:2. Kr\u00f3l strzelc\u00f3w ligi w\u0142oskiej by\u0142 w dobrym miejscu i czasie do zapewnienia kompletu punkt\u00f3w mistrzom W\u0142och.<\/p>\n<p class=\"contentpart contentpart--default contentpart--text\" data-position=\"8\">Kadrowicz <a href=\"https:\/\/sportowefakty.wp.pl\/pilka-nozna\/jan-urban\" rel=\"nofollow noopener\" target=\"_blank\">Jana Urbana<\/a> by\u0142 w podstawowym sk\u0142adzie <a href=\"https:\/\/sportowefakty.wp.pl\/pilka-nozna\/cristian-chivu\" rel=\"nofollow noopener\" target=\"_blank\">Cristiana Chivu<\/a> na mecz z poprzednim klubem. Wcze\u015bnie pokaza\u0142 si\u0119 w ofensywie, ale nie stworzy\u0142 sytuacji podbramkowej atakiem z udzia\u0142em Francesco Pio Esposito. Ju\u017c po przerwie Piotr Zieli\u0144ski mia\u0142 wielk\u0105 szans\u0119 na strzelenie drugiego gola w sezonie, ale nie pokona\u0142 Alexa Mereta. Na boisku by\u0142 przez 72 minuty, zanim jego zmiennikiem zosta\u0142 <a href=\"https:\/\/sportowefakty.wp.pl\/pilka-nozna\/hakan-calhanoglu\" rel=\"nofollow noopener\" target=\"_blank\">Hakan Calhanoglu<\/a>.<\/p>\n<p class=\"contentpart contentpart--default contentpart--text\" data-position=\"9\">W pierwszym, sobotnim meczu <a href=\"https:\/\/sportowefakty.wp.pl\/pilka-nozna\/serie-a\" rel=\"nofollow noopener\" target=\"_blank\">Serie A<\/a>\u00a0zmierzyli si\u0119 <a href=\"https:\/\/sportowefakty.wp.pl\/pilka-nozna\/acf-fiorentina\" rel=\"nofollow noopener\" target=\"_blank\">ACF Fiorentina<\/a>\u00a0i <a href=\"https:\/\/sportowefakty.wp.pl\/pilka-nozna\/torino-fc\" rel=\"nofollow noopener\" target=\"_blank\">Torino FC<\/a>, a rozpocz\u0119cie sezonu w obu klubach by\u0142o z\u0142e. W spotkaniu o prze\u0142amanie wszystkie gole pad\u0142y po przerwie, a Torino zdoby\u0142o we <a href=\"https:\/\/sportowefakty.wp.pl\/wlochy\/florencja\" rel=\"nofollow noopener\" target=\"_blank\">Florencji<\/a>\u00a0komplet punkt\u00f3w za zwyci\u0119stwo 2:1, cho\u0107 jako pierwsze straci\u0142o gola. Decyduj\u0105ca bramka <a href=\"https:\/\/sportowefakty.wp.pl\/pilka-nozna\/che-adams\" rel=\"nofollow noopener\" target=\"_blank\">Che Adamsa<\/a>\u00a0by\u0142a w 82. minucie.<\/p>\n<p>  <img decoding=\"async\" src=\"https:\/\/v.wpimg.pl\/X3dwLnN2d1IFFTpdYUl6R0ZNbgcnEHQREVV2TGEGbUtRT2MdOlZ2RBQUKABgQjQcDRotCStBd1IAAWMeIlM7VgwYIAorQAdEFFk_GCkQJQ\" alt=\"\" width=\"45\" height=\"58\" loading=\"lazy\"\/>  <\/p>\n<p class=\"contentpart contentpart--default contentpart--text\" data-position=\"10\"><a href=\"https:\/\/sportowefakty.wp.pl\/pilka-nozna\/inter-mediolan\" rel=\"nofollow noopener\" target=\"_blank\">Inter Mediolan<\/a>\u00a0&#8211; <a href=\"https:\/\/sportowefakty.wp.pl\/pilka-nozna\/ssc-napoli\" rel=\"nofollow noopener\" target=\"_blank\">SSC Napoli<\/a>\u00a03:2 (0:0)<br \/>0:1 &#8211; Matteo Politano 50&#8242;<br \/>0:2 &#8211; Rasmus Hojlund 53&#8242;<br \/>1:2 &#8211; Lautaro Martinez 56&#8242;<br \/>2:2 &#8211; Marcus Thuram 82&#8242;<br \/>3:2 &#8211; Lautaro Martinez 90&#8242;<\/p>\n<p class=\"contentpart contentpart--default contentpart--text\" data-position=\"11\">Sk\u0142ady:<\/p>\n<p class=\"contentpart contentpart--default contentpart--text\" data-position=\"12\">Inter:\u00a0Josep Martinez &#8211; Yann Aurel Bisseck, Manuel Akanji, Alessandro Bastoni (79&#8242; Ange-Yoan Bonny) &#8211; Andy Diouf, Nicolo Barella, Piotr Zieli\u0144ski (72&#8242; Hakan Calhanoglu), Petar Suci\u0107 (46&#8242; Curtis Jones), Federico Dimarco (62&#8242; Carlos Augusto) &#8211; Francesco Pio Esposito (46&#8242; Marcus Thuram), Lautaro Martinez<\/p>\n<p class=\"contentpart contentpart--default contentpart--text\" data-position=\"13\">Napoli:\u00a0Alex Meret &#8211; Giovanni Di Lorenzo, Amir Rrahmani, Rafa Marin, Leonardo Spinazzola &#8211; Andre-Franck Zambo Anguissa, Stanislav Lobotka (79&#8242; Billy Gilmour), Antonio Vergara (62&#8242; Kevin De Bruyne) &#8211; Matteo Politano (62&#8242; David Neres), Rasmus Hojlund (72&#8242; Lorenzo Lucca), Alisson Santos (79&#8242; Benoit Badiashile)<\/p>\n<p>  <img decoding=\"async\" src=\"https:\/\/v.wpimg.pl\/X3dwLnN2d1IFFTpdYUl6R0ZNbgcnEHQREVV2TGEGbUtRT2MdOlZ2RBQUKABgQjQcDRotCStBd1IAAWMeIlM7VgwYIAorQAdEFFk_GCkQJQ\" alt=\"\" width=\"45\" height=\"58\" loading=\"lazy\"\/>  <\/p>\n<p class=\"contentpart contentpart--default contentpart--text\" data-position=\"14\">\u017b\u00f3\u0142te kartki:\u00a0Lautaro (Inter) oraz Vergara, Marin (Napoli)<\/p>\n<p class=\"contentpart contentpart--default contentpart--text\" data-position=\"15\">S\u0119dzia: Simone Sozza<\/p>\n<p class=\"contentpart contentpart--default contentpart--text\" data-position=\"16\">***<\/p>\n<p class=\"contentpart contentpart--default contentpart--text\" data-position=\"17\"><a href=\"https:\/\/sportowefakty.wp.pl\/pilka-nozna\/acf-fiorentina\" rel=\"nofollow noopener\" target=\"_blank\">ACF Fiorentina<\/a>\u00a0&#8211; <a href=\"https:\/\/sportowefakty.wp.pl\/pilka-nozna\/torino-fc\" rel=\"nofollow noopener\" target=\"_blank\">Torino FC<\/a>\u00a01:2 (0:0)<br \/>1:0 &#8211; Mateo Pellegrino 47&#8242;<br \/>1:1 &#8211; Rolando Mandragora 73&#8242;<br \/>1:2 &#8211; Che Adams 82&#8242;<\/p>\n<p class=\"contentpart contentpart--default contentpart--text\" data-position=\"18\">Tabela <a href=\"https:\/\/sportowefakty.wp.pl\/pilka-nozna\/serie-a\" rel=\"nofollow noopener\" target=\"_blank\">Serie A<\/a>:<\/p>\n","protected":false},"excerpt":{"rendered":"Sezon w lidze w\u0142oskiej nabiera rozp\u0119du, a w 3. kolejce od razu dosz\u0142o do spotkania mistrza z wicemistrzem&hellip;\n","protected":false},"author":2,"featured_media":669807,"comment_status":"","ping_status":"","sticky":false,"template":"","format":"standard","meta":{"footnotes":"","_share_on_mastodon":"0"},"categories":[24],"tags":[14204,24622,6585,2646,269,2821,278,6587,42,901,38,40,39,41,3539,127,126,1916,36702,7609,3538,898],"class_list":["post-669806","post","type-post","status-publish","format-standard","has-post-thumbnail","category-sport","tag-acf-fiorentina","tag-florencja","tag-inter-mediolan","tag-mediolan","tag-pilka-nozna","tag-pilka-nozna-we-wloszech","tag-pilka-w-europie","tag-piotr-zielinski","tag-pl","tag-polacy-za-granica","tag-poland","tag-polish","tag-polska","tag-polski","tag-serie-a","tag-sport","tag-sports","tag-ssc-napoli","tag-stadio-artemio-franchi-we-florencji","tag-stadio-giuseppe-meazza-san-siro-w-mediolanie","tag-torino-fc","tag-wlochy"],"share_on_mastodon":{"url":"https:\/\/pubeurope.com\/@pl\/117220168336587687","error":""},"_links":{"self":[{"href":"https:\/\/www.europesays.com\/pl\/wp-json\/wp\/v2\/posts\/669806","targetHints":{"allow":["GET"]}}],"collection":[{"href":"https:\/\/www.europesays.com\/pl\/wp-json\/wp\/v2\/posts"}],"about":[{"href":"https:\/\/www.europesays.com\/pl\/wp-json\/wp\/v2\/types\/post"}],"author":[{"embeddable":true,"href":"https:\/\/www.europesays.com\/pl\/wp-json\/wp\/v2\/users\/2"}],"replies":[{"embeddable":true,"href":"https:\/\/www.europesays.com\/pl\/wp-json\/wp\/v2\/comments?post=669806"}],"version-history":[{"count":0,"href":"https:\/\/www.europesays.com\/pl\/wp-json\/wp\/v2\/posts\/669806\/revisions"}],"wp:featuredmedia":[{"embeddable":true,"href":"https:\/\/www.europesays.com\/pl\/wp-json\/wp\/v2\/media\/669807"}],"wp:attachment":[{"href":"https:\/\/www.europesays.com\/pl\/wp-json\/wp\/v2\/media?parent=669806"}],"wp:term":[{"taxonomy":"category","embeddable":true,"href":"https:\/\/www.europesays.com\/pl\/wp-json\/wp\/v2\/categories?post=669806"},{"taxonomy":"post_tag","embeddable":true,"href":"https:\/\/www.europesays.com\/pl\/wp-json\/wp\/v2\/tags?post=669806"}],"curies":[{"name":"wp","href":"https:\/\/api.w.org\/{rel}","templated":true}]}}