{"id":669824,"date":"2026-09-05T20:03:52","date_gmt":"2026-09-05T20:03:52","guid":{"rendered":"https:\/\/www.europesays.com\/pl\/669824\/"},"modified":"2026-09-05T20:03:52","modified_gmt":"2026-09-05T20:03:52","slug":"uroczystosci-festyny-spektakle-i-sportowe-wydarzenia-nasze-propozycje-na-weekend","status":"publish","type":"post","link":"https:\/\/www.europesays.com\/pl\/669824\/","title":{"rendered":"Uroczysto\u015bci, festyny, spektakle i sportowe wydarzenia. Nasze propozycje na weekend"},"content":{"rendered":"<p>\n\t\t\t\t\t\t\tKoncert Granda Banda na Rynku Ko\u015bciuszki w Bia\u0142ymstoku, 8.09.2024, fot. Marcin Gli\u0144ski\n\t\t\t\t\t<\/p>\n<p>Pi\u0105tek (4.09)<\/p>\n<p>XC Mistrzostwa Polski Senior\u00f3w w \u0141ucznictwie<\/p>\n<p>Od pi\u0105tku (4.09) do niedzieli (6.09) w Bia\u0142ymstoku odb\u0119d\u0105 si\u0119 XC Mistrzostwa Polski Senior\u00f3w w \u0141ucznictwie. Do stolicy Podlasia przyjad\u0105 najlepsi zawodnicy z klub\u00f3w z ca\u0142ego kraju, aby rywalizowa\u0107 o tytu\u0142y Mistrz\u00f3w Polski.<\/p>\n<p>To wyj\u0105tkowe wydarzenie dla Bia\u0142egostoku &#8211; mistrzostwa tej rangi wracaj\u0105 do miasta po 49 latach. Ostatni raz odby\u0142y si\u0119 tutaj w 1977 roku.<\/p>\n<p>G\u0142\u00f3wna rywalizacja odb\u0119dzie si\u0119 na obiektach MOSP przy ul. \u015awi\u0119tokrzyskiej 15, natomiast fina\u0142y w niedziel\u0119 zostan\u0105 rozegrane w Ogrodach Pa\u0142acu Branickich.\u00a0<\/p>\n<p>Ceremonia dekoracji medalist\u00f3w zaplanowana jest na godz. 16:30.<\/p>\n<p>Zawody regionalne w uje\u017cd\u017ceniu i skokach przez przeszkody<\/p>\n<p>Mi\u0142o\u015bnicy je\u017adziectwa b\u0119d\u0105 mogli spotka\u0107 si\u0119 podczas wyj\u0105tkowego wydarzenia sportowego organizowanego przez Stajni\u0119 Portofino Horses.\u00a0<\/p>\n<p>W pi\u0105tek w Studziankach rozpoczynaj\u0105 si\u0119 zawody regionalne w uje\u017cd\u017ceniu i skokach przez przeszkody.\u00a0<\/p>\n<p>Na zawodnik\u00f3w czekaj\u0105 konkurencje w uje\u017cd\u017ceniu oraz skokach przez przeszkody. Szczeg\u00f3ln\u0105 atrakcj\u0105 b\u0119d\u0105 parkury wzbogacone o elementy crossu, kt\u00f3re dodadz\u0105 rywalizacji jeszcze wi\u0119cej dynamiki i emocji.<\/p>\n<p>Wiecz\u00f3r pami\u0119ci Ofiar Ob\u0142awy Augustowskiej<\/p>\n<p>\u201ePrzetrwa\u0107 noc za dnia. Pie\u015bni\u0105 i S\u0142owem ku pami\u0119ci Ofiar Ob\u0142awy Augustowskiej\u201d to wydarzenie, kt\u00f3re odb\u0119dzie si\u0119 w pi\u0105tek w Pokamedulskim Klasztorze w Wigrach.<\/p>\n<p>To wyj\u0105tkowy wiecz\u00f3r pami\u0119ci po\u015bwi\u0119cony Ofiarom Ob\u0142awy Augustowskiej.\u00a0<\/p>\n<p>W programie znalaz\u0142y si\u0119 m.in. msza \u015bwi\u0119ta w intencji Ofiar, wprowadzenie historyczne oraz cz\u0119\u015b\u0107 wokalno-poetycka z udzia\u0142em Starosielskiego Bractwa \u015apiewaczego i ks. dr. Jerzego Sikory.<\/p>\n<p>Spotkanie rozpocznie si\u0119 o 18:30, a wcze\u015bniej organizator zapewnia bezp\u0142atny transport z Augustowa i Suwa\u0142k.<\/p>\n<p>Miejsca zbi\u00f3rki:<\/p>\n<p>August\u00f3w<\/p>\n<p>Zbi\u00f3rka: godz. 17:10<\/p>\n<p>ul. 3 Maja 16 &#8211; plac Domu Pami\u0119ci Ob\u0142awy Augustowskiej<\/p>\n<p>Suwa\u0142ki<\/p>\n<p>Zbi\u00f3rka: godz. 17:40<\/p>\n<p>Plac Marsza\u0142ka J\u00f3zefa Pi\u0142sudskiego 1\/2, naprzeciwko Konkatedry \u015bw. Aleksandra<\/p>\n<p>Liczba miejsc w autokarach jest ograniczona. Obowi\u0105zuj\u0105 wcze\u015bniejsze zapisy telefoniczne: 539 393 419.<\/p>\n<p>Sobota (5.09)<\/p>\n<p>\u015awi\u0119to Ulicy Warszawskiej w Bia\u0142ymstoku<\/p>\n<p>Mi\u0119dzy 10:00 a 17:30 w Centrum im. Ludwika Zamenhofa odb\u0119dzie si\u0119 \u015awi\u0119to Ulicy Warszawskiej.\u00a0<\/p>\n<p>Program wydarzenia obejmuje oprowadzanie po wystawach, dyskusj\u0119 po\u015bwi\u0119con\u0105 ulicy Warszawskiej oraz Narodowe Czytanie &#8222;Dziad\u00f3w&#8221; Adama Mickiewicza w j\u0119zyku esperanto.<\/p>\n<p>Zielono i Smacznie na Kawaleryjskiej<\/p>\n<p>Na targowisku przy ul. Kawaleryjskiej w Bia\u0142ymstoku w sobot\u0119 rozpocznie si\u0119 dwudniowy jarmark. Od 8:00 do 15:00 b\u0119dzie mo\u017cna zapozna\u0107 si\u0119 z oferta wystawc\u00f3w. Swoj\u0105 obecno\u015b\u0107 zapowiedzieli producenci produkt\u00f3w regionalnych i litewskich.\u00a0<\/p>\n<p>B\u0119dzie te\u017c r\u0119kodzie\u0142o i wyroby z drewna. Nie zabraknie krzew\u00f3w i kwiat\u00f3w.<\/p>\n<p>W godzinach od 10:00 do 13:00 zorganizowany b\u0119dzie festyn rodzinny. Opr\u00f3cz propozycji wystawc\u00f3w i sta\u0142ych punkt\u00f3w sprzeda\u017cy, na jarmarku b\u0119d\u0105 stoiska edukacyjne Stra\u017cy Miejskiej, Harcerzy, Fundacji Spe Salvi, Inspekcji Transportu Drogowego oraz Klubu Jak Tajmer z autami zabytkowymi.\u00a0<\/p>\n<p>Biuro Gospodarowania Odpadami b\u0119dzie edukowa\u0142o na temat segregacji odpad\u00f3w.<\/p>\n<p>&#8222;Crippletrek\u201d &#8211; spektakl familijny w Teatrze w Stodole w Teremiskach<\/p>\n<p>Teatr w Stodole w Teremiskach zaprasza na spektakl \u201cCrippletrek\u201d czeskiego Teatru L\u00ed\u0161e\u0148. To pe\u0142na przyg\u00f3d podr\u00f3\u017c podopiecznych Zak\u0142adu Ostatnia Droga. Bunt kalek przeciwko bezradno\u015bci, \u015bmierci i \u017cyciu w n\u0119dzy.\u00a0<\/p>\n<p>Na scenie maski, marionetki, maszyny, cienie, muzyka na \u017cywo. W wielkim finale para dziwacznych \u017cyciowych rozbitk\u00f3w odgrywa fantastyczne kino drogi, pe\u0142ne czarnego humoru, okrucie\u0144stwa, czu\u0142o\u015bci i urzekaj\u0105cych obraz\u00f3w poetyckich.\u00a0<\/p>\n<p>Spektakl dedykowany tym, kt\u00f3rzy \u017cyj\u0105 pomimo ogranicze\u0144 w\u0142asnego cia\u0142a i przeciwno\u015bci losu.<\/p>\n<p>Wst\u0119p wolny.<\/p>\n<p>Fina\u0142 Pucharu Polski Nordic Walking Hajn\u00f3wka 2026<\/p>\n<p>Starostwo Powiatowe w Hajn\u00f3wce, Nadle\u015bnictwo Hajn\u00f3wka oraz Polskie Zrzeszenie Nordic Walking zapraszaj\u0105 zawodnik\u00f3w, mieszka\u0144c\u00f3w i kibic\u00f3w na Fina\u0142 Pucharu Polski Nordic Walking Hajn\u00f3wka 2026.\u00a0<\/p>\n<p>Wydarzenie odb\u0119dzie si\u0119 w sobot\u0119 na terenie Stacji W\u0105skotorowych Kolejek Le\u015bnych Nadle\u015bnictwa Hajn\u00f3wka przy ul. Kolejki Le\u015bne 12.\u00a0<\/p>\n<p>Pocz\u0105tek wydarzenia o 10:30, cho\u0107 biuro zawod\u00f3w b\u0119dzie otwarte od 9:30.<\/p>\n<p>Fina\u0142 Pucharu Polski to nie tylko sportowa rywalizacja. W miasteczku zawod\u00f3w na uczestnik\u00f3w, mieszka\u0144c\u00f3w i kibic\u00f3w czeka\u0107 b\u0119d\u0105 stoiska K\u00f3\u0142 Gospody\u0144 Wiejskich, stoiska edukacyjne, warsztaty r\u0119kodzielnicze, strefa dla dzieci oraz mo\u017cliwo\u015b\u0107 zakupu lokalnych produkt\u00f3w, pami\u0105tek i wyrob\u00f3w u\u017cytkowych.<\/p>\n<p>Niedziela (6.09)<\/p>\n<p>Festyn rodzinno-sportowy na bulwarach w Bia\u0142ymstoku<\/p>\n<p>Przy ul. W\u0142\u00f3kienniczej w Bia\u0142ymstoku w niedziel\u0119 odb\u0119dzie si\u0119 festyn rodzinno-sportowy.\u00a0<\/p>\n<p>Od 12:00 do 16:00 przy rzece Bia\u0142ej, obok p\u0142ywalni BOSiR b\u0119d\u0105 pokazy i treningi otwarte m.in. BAS-u Bia\u0142ystok i Jagiellonii. Opr\u00f3cz strefy typowo sportowej na bulwarach pojawi\u0105 si\u0119 tak\u017ce namioty edukacyjne i profilaktyczne przygotowane przez urz\u0119dy oraz s\u0142u\u017cby mundurowe.\u00a0<\/p>\n<p>Swoje stoiska wystawi\u0105 Pa\u0144stwowa Inspekcja Pracy, Stra\u017c Po\u017carna, Bia\u0142ostocki Urz\u0105d Statystyczny, Wodoci\u0105gi Bia\u0142ostockie, Podlaski Pa\u0144stwowy Inspektor Sanitarny w Bia\u0142ymstoku, Stra\u017c Miejska, Policja, a tak\u017ce Urz\u0105d Miejski.\u00a0<\/p>\n<p>Nie zabraknie atrakcji dla najm\u0142odszych i rodzin z dzie\u0107mi. B\u0119dzie mo\u017cna uczestniczy\u0107 w grach i zabawach sprawno\u015bciowych, zespo\u0142owych, ruchowych, wzi\u0105\u0107 udzia\u0142 w rywalizacjach rodzinnych. Kolejne propozycje oferuje stoisko z balonami i ba\u0144kami mydlanymi, b\u0119dzie te\u017c malowanie twarzy, dmucha\u0144ce, eurobunge, giga gry i giga klocki, fotobudka, k\u0105cik malucha i plastyczny.\u00a0<\/p>\n<p>Na festyn zaproszona jest tak\u017ce Fundacja Graj\u0105cy Bia\u0142ystok, kt\u00f3ra przestawi ofert\u0119 gier planszowych.<\/p>\n<p>\u015awiatowy Dzie\u0144 Ginekologii Onkologicznej w Bia\u0142ymstoku &#8211; bezp\u0142atne konsultacje, badania i profilaktyka<\/p>\n<p>Ju\u017c 6 wrze\u015bnia 2026 roku w godz. 12:00-15:00 na dziedzi\u0144cu Pa\u0142acu Branickich w Bia\u0142ymstoku odb\u0119dzie si\u0119 \u015awiatowy Dzie\u0144 Ginekologii Onkologicznej &#8211; World GO Day.\u00a0<\/p>\n<p>Organizatorami wydarzenia s\u0105 Miasto Bia\u0142ystok oraz Stowarzyszenie Eurydyki &#8211; organizacja po\u017cytku publicznego od lat wspieraj\u0105ca kobiety choruj\u0105ce na nowotwory.\u00a0<\/p>\n<p>Podczas wydarzenia b\u0119dzie mo\u017cna skorzysta\u0107 z m.in. z bezp\u0142atnych konsultacji z zakresu ginekologii onkologicznej, chirurgii piersi, dermatologii i dermatoskopii, genetyki oraz farmakologii.<\/p>\n<p>Pocz\u0105tek o 13:00. Nie zabraknie tak\u017ce drobnego pocz\u0119stunku, a na pierwszych 100 uczestnik\u00f3w czeka specjalna niespodzianka.<\/p>\n<p>GRANDA BANDA 2026 &#8211; V edycja, czyli 80 muzyk\u00f3w z Polski i Estonii na jednej scenie<\/p>\n<p>W Jasion\u00f3wce na placu przy szkole (o 13:00) oraz w Bia\u0142ymstoku na Rynku Ko\u015bciuszki (o 17:30) muzycy orkiestry d\u0119tej z Jasion\u00f3wki, ale te\u017c z Estonii zagraj\u0105 razem dwa plenerowe koncerty.\u00a0<\/p>\n<p>Koncerty z cyklu GRANDA BANDA to kompletne widowiska estradowe. Repertuar obejmie przeboje muzyki rozrywkowej z Polski, Estonii i ze \u015bwiata &#8211; w tym m.in. kultowe \u201eLibertango\u201d, \u201eHot Stuff\u201d, a tak\u017ce rodzime hity: \u201eBia\u0142a Armia\u201d czy \u201eZacznij od Bacha\u201d.<\/p>\n<p>Na scenie obok pot\u0119\u017cnej orkiestry wyst\u0105pi\u0105 wokali\u015bci: Julianna Ola\u0144ska oraz Micha\u0142 Kapelko z zespo\u0142u KREHA, ma\u017coretki z zespo\u0142u \u201eTAKT\u201d z Jasion\u00f3wki (prowadzone przez Kamil\u0119 Baranowsk\u0105), kt\u00f3re zaprezentuj\u0105 efektowne choreografie oraz tancerze: Laura Pietrzykowska i Damian Szyma\u0144ski (Klub Kadryl Bia\u0142ystok).<\/p>\n<p>Pierwszy Salon Ambientu w Choroszczy<\/p>\n<p>B\u0119dzie to pierwsze takie wydarzenie na terenie szpitala psychiatrycznego w Choroszczy.\u00a0<\/p>\n<p>W niedziel\u0119 odb\u0119dzie si\u0119 tam Salon Ambientu, kt\u00f3ry organizuj\u0105 m.in. tw\u00f3rcy Festiwalu Up To Date.\u00a0<\/p>\n<p>B\u0119d\u0105 cztery koncerty, a pomi\u0119dzy koncertami b\u0119dzie rozmowa z B\u0142a\u017cejem Malinowskim, kt\u00f3ry zaprezentuje album, stworzony w kryzysie zdrowia psychicznego, a tak\u017ce ze specjalistami ze szpitala na temat pomocy psychologicznej i pschiatrycznej.\u00a0<\/p>\n<p>Opr\u00f3cz tego b\u0119dzie tak\u017ce spacer po terenie szpitala, a tak\u017ce akcja b\u0119d\u0105ca przed\u0142u\u017ceniem inicjatywy &#8222;Wy\u015blij poczt\u00f3wk\u0119 dla babci&#8221;, czyli &#8222;Wy\u015blij poczt\u00f3wk\u0119 z Chroszczy&#8221;.\u00a0<\/p>\n<p>Pocz\u0105tek o 15:00. Wst\u0119p wolny.<\/p>\n<p>XXII Mi\u0119dzynarodowy Festiwal Muzyki Organowej i Kameralnej im. ks. Wac\u0142awa Rabczy\u0144skiego w Wasilkowie<\/p>\n<p>W najbli\u017csz\u0105 niedziel\u0119 rozpocznie si\u0119 w Wasilkowie XXII Mi\u0119dzynarodowy Festiwal Muzyki Organowej i Kameralnej im. ks. Wac\u0142awa Rabczy\u0144skiego.\u00a0<\/p>\n<p>Koncerty b\u0119d\u0105 odbywa\u0107 si\u0119 o 19:00 w ka\u017cd\u0105 niedziel\u0119 do 27 wrze\u015bnia. W najbli\u017csz\u0105 &#8211; podczas koncertu inauguracyjnego &#8211; wyst\u0105pi Malwina Borkowicz (sopran) i zesp\u00f3\u0142 muzyki dawnej Charbel Music Ensemble.<\/p>\n<p>Piknik Integracyjny &#8222;To My S\u0105siedzi&#8221; w \u0141om\u017cy<\/p>\n<p>Po raz kolejny w \u0141om\u017cy na Placu Niepodleg\u0142o\u015bci odb\u0119dzie si\u0119 Piknik Integracyjny &#8222;To My S\u0105siedzi&#8221;.\u00a0<\/p>\n<p>W programie m.in. animacje dla dzieci, pokazy udzielania pierwszej pomocy, piknikowe pyszno\u015bci takie jak groch\u00f3wka czy dania z grilla, ale te\u017c wyst\u0119py artyst\u00f3w.\u00a0<\/p>\n<p>Zaprezentuj\u0105 si\u0119 DJ Sandra RAW, Kaja Lenart z zespo\u0142em Leczsami, Julita Kaczy\u0144ska i zesp\u00f3\u0142 BOOSMAN.\u00a0<\/p>\n<p>Pocz\u0105tek o 14:00. Wst\u0119p wolny.<\/p>\n<p>Spotkania Hubertowskie w Czarnej Bia\u0142ostockiej<\/p>\n<p>W Czarnej Bia\u0142ostockiej w niedziel\u0119 odb\u0119d\u0105 si\u0119 ju\u017c XIX Spotkania Hubertowskie.\u00a0<\/p>\n<p>W programie m. in.: seminarium naukowe, wyst\u0119py zespo\u0142\u00f3w my\u015bliwskich, wyst\u0119py zespo\u0142\u00f3w folklorystycznych, stoiska edukacyjne oraz stoiska k\u00f3\u0142 gospody\u0144 wiejskich.\u00a0<\/p>\n<p>Pocz\u0105tek o 12:00 przy Zalewie Czapiel\u00f3wka.\u00a0<\/p>\n<p>Wst\u0119p wolny.<\/p>\n<p>Do\u017cynki gminy \u0141apy<\/p>\n<p>Rolnicy z gminy \u0141apy b\u0119d\u0105 \u015bwi\u0119towa\u0107 w niedziel\u0119 w P\u0142once Ko\u015bcielnej.\u00a0<\/p>\n<p>O 12:00 rozpocznie si\u0119 uroczysta msza \u015bwi\u0119ta w ko\u015bciele pw. \u015bw. Micha\u0142a Archanio\u0142a, p\u00f3\u017aniej b\u0119dzie korow\u00f3d do\u017cynkowy a o 13:30 uroczyste otwarcie Gali Do\u017cynkowej.\u00a0<\/p>\n<p>Imprezie towarzyszy\u0107 b\u0119d\u0105 wyst\u0119py orkiestry d\u0119tej, ch\u00f3r\u00f3w i lokalnych zespo\u0142\u00f3w.\u00a0<\/p>\n<p>Wyst\u0105pi\u0105 te\u017c Minimal, Zara\u017ceni Folkiem, Agya i Dibi oraz After Party.\u00a0<\/p>\n<p>Nie zabraknie stoisk s\u0142u\u017cb mundurowych oraz sto\u0142\u00f3w z regionalnymi potrawami.<\/p>\n<p>27. Dzie\u0144 Og\u00f3rka w Kruszewie<\/p>\n<p>W Kruszewie w niedziel\u0119, na terenie przy dawnej szkole odb\u0119dzie si\u0119 Dzie\u0144 Og\u00f3rka.\u00a0<\/p>\n<p>Podczas wydarzenia od 10:00 b\u0119dzie kiermasz r\u0119kodzie\u0142a i produkt\u00f3w lokalnych, od 13:00 strefa zabaw i animacji dla dzieci a o 15:00 odb\u0119d\u0105 si\u0119 Mistrzostwa \u015awiata w Rzucie Og\u00f3rkiem.<\/p>\n<p>B\u0119dzie te\u017c strefa koncertowa. Tu\u017c przed 14:00 wyst\u0105pi\u0105 zespo\u0142y folklorystyczne, a gwiazdami wieczoru b\u0119d\u0105 Zbyszek Perkowski Focus oraz Wojciech G\u0105ssowski.<\/p>\n<p>\u201cTied Down by Grass\u201d &#8211; spektakl familijny w Teatrze w Stodole w Teremiskach<\/p>\n<p>W niedziel\u0119 o 12:00 Teatr w Stodole w Teremiskach zaprasza doros\u0142ych i dzieci na spektakl familijny \u201cTied Down by Grass\u201d czeskiego Teatru L\u00ed\u0161e\u0148.<\/p>\n<p>B\u0119dzie to opowie\u015b\u0107 o \u017cyciu, \u015bmierci i male\u0144kich owadach, snuta przez nagiego mnicha, cesarza, genera\u0142a i s\u0142onia.\u00a0<\/p>\n<p>Teatralne wytchnienie od chaosu \u015bwiata, z udzia\u0142em delikatnych metalowych lalek, d\u017awi\u0119k\u00f3w i cieni.<\/p>\n<p>Wst\u0119p wolny.<\/p>\n<p>45-lecie Sp\u00f3\u0142dzielni Mieszkaniowej \u201ePerspektywa\u201d w \u0141om\u017cy<\/p>\n<p>Festynem Rodzinnym uczci 45-lecie swojego funkcjonowania Sp\u00f3\u0142dzielnia Mieszkaniowa \u201ePerspektywa\u201d w \u0141om\u017cy.<\/p>\n<p>W niedziel\u0119 w Skate Parku przy ul. Ksi\u0119\u017cnej Anny ju\u017c od godz. 15:00 czeka na jego uczestnik\u00f3w wiele atrakcji dla ca\u0142ych rodzin. Dla m\u0142odszych to m.in. dmucha\u0144ce, animacje, zabawy i malowanie twarzy, a dla wszystkich konkursy z nagrodami i dyskoteka z DJ-em.<\/p>\n<p>Nie zabraknie tak\u017ce oczywi\u015bcie strefy z gastronomi\u0105, wat\u0105 cukrow\u0105 i popcornem.<\/p>\n<p>Impreza planowana jest do godz. 20:00, a wszystkie przygotowane dla uczestnik\u00f3w festynu atrakcje s\u0105 bezp\u0142atne.<\/p>\n<p>Jarmark Natury i Tradycji w Konnym Zak\u0105tku w Hryniewiczach Du\u017cych<\/p>\n<p>Jarmark w Hryniewiczach Du\u017cych b\u0119dzie okazj\u0105 do spotkania z lokalnymi tw\u00f3rcami, r\u0119kodzielnikami, producentami i osobami, kt\u00f3re na co dzie\u0144 piel\u0119gnuj\u0105 tradycj\u0119 oraz naturalny charakter regionu.\u00a0<\/p>\n<p>Wydarzeniu b\u0119dzie towarzyszy\u0107 zbi\u00f3rka charytatywna.\u00a0<\/p>\n<p>Pocz\u0105tek w niedziel\u0119 o 13:00 w Konnym Zak\u0105tku.<\/p>\n<p>\t\t\t\t\t\t | red: at<\/p>\n<p><\/p>\n","protected":false},"excerpt":{"rendered":"Koncert Granda Banda na Rynku Ko\u015bciuszki w Bia\u0142ymstoku, 8.09.2024, fot. Marcin Gli\u0144ski Pi\u0105tek (4.09) XC Mistrzostwa Polski Senior\u00f3w&hellip;\n","protected":false},"author":2,"featured_media":669825,"comment_status":"","ping_status":"","sticky":false,"template":"","format":"standard","meta":{"footnotes":"","_share_on_mastodon":"0"},"categories":[51614],"tags":[2151,42,38,40,39,41],"class_list":["post-669824","post","type-post","status-publish","format-standard","has-post-thumbnail","category-bialystok","tag-bialystok","tag-pl","tag-poland","tag-polish","tag-polska","tag-polski"],"share_on_mastodon":{"url":"https:\/\/pubeurope.com\/@pl\/117220230158933364","error":""},"_links":{"self":[{"href":"https:\/\/www.europesays.com\/pl\/wp-json\/wp\/v2\/posts\/669824","targetHints":{"allow":["GET"]}}],"collection":[{"href":"https:\/\/www.europesays.com\/pl\/wp-json\/wp\/v2\/posts"}],"about":[{"href":"https:\/\/www.europesays.com\/pl\/wp-json\/wp\/v2\/types\/post"}],"author":[{"embeddable":true,"href":"https:\/\/www.europesays.com\/pl\/wp-json\/wp\/v2\/users\/2"}],"replies":[{"embeddable":true,"href":"https:\/\/www.europesays.com\/pl\/wp-json\/wp\/v2\/comments?post=669824"}],"version-history":[{"count":0,"href":"https:\/\/www.europesays.com\/pl\/wp-json\/wp\/v2\/posts\/669824\/revisions"}],"wp:featuredmedia":[{"embeddable":true,"href":"https:\/\/www.europesays.com\/pl\/wp-json\/wp\/v2\/media\/669825"}],"wp:attachment":[{"href":"https:\/\/www.europesays.com\/pl\/wp-json\/wp\/v2\/media?parent=669824"}],"wp:term":[{"taxonomy":"category","embeddable":true,"href":"https:\/\/www.europesays.com\/pl\/wp-json\/wp\/v2\/categories?post=669824"},{"taxonomy":"post_tag","embeddable":true,"href":"https:\/\/www.europesays.com\/pl\/wp-json\/wp\/v2\/tags?post=669824"}],"curies":[{"name":"wp","href":"https:\/\/api.w.org\/{rel}","templated":true}]}}