{"id":669836,"date":"2026-09-05T20:11:15","date_gmt":"2026-09-05T20:11:15","guid":{"rendered":"https:\/\/www.europesays.com\/pl\/669836\/"},"modified":"2026-09-05T20:11:15","modified_gmt":"2026-09-05T20:11:15","slug":"bezpieczne-place-zabaw-wracaja-do-wroclawia-sprawdz-gdzie-czekaja-zmiany","status":"publish","type":"post","link":"https:\/\/www.europesays.com\/pl\/669836\/","title":{"rendered":"Bezpieczne place zabaw wracaj\u0105 do Wroc\u0142awia. Sprawd\u017a, gdzie czekaj\u0105 zmiany"},"content":{"rendered":"<p>Nowe elementy pojawi\u0105 si\u0119 w ponad 20 wroc\u0142awskich lokalizacjach &#8211; na placach zabaw, si\u0142owniach terenowych i innych terenach rekreacyjnych.<\/p>\n<p>&#8211; W ramach zam\u00f3wie\u0144 wykonawcy dostarcz\u0105 i zamontuj\u0105 fabrycznie nowe urz\u0105dzenia oraz zapewni\u0105 wymagan\u0105 dokumentacj\u0119, certyfikaty i po\u015bwiadczenia. \u0141\u0105czna warto\u015b\u0107 zam\u00f3wie\u0144 to prawie 1 mln z\u0142 \u2013 m\u00f3wi Marek Szempli\u0144ski, rzecznik prasowy Zarz\u0105du Zieleni Miejskiej.<\/p>\n<p><a href=\"https:\/\/www.onet.pl\/\" title=\"Strona G\u0142\u00f3wna\" aria-label=\"Strona G\u0142\u00f3wna\" data-astro-prefetch=\"tap\" class=\"ods-a-logo-main-desktop\" rel=\"nofollow noopener\" target=\"_blank\"><img src=\"https:\/\/cdn.wiadomosci.onet.pl\/img\/Logo_desktop_Onet.svg\" class=\"ods-a-logo-main-desktop__image\" alt=\"Logo\" width=\"107\" height=\"60\" fetchpriority=\"high\" decoding=\"sync\" style=\"height:60px\"\/><\/a><\/p>\n<p class=\"ods-m-google-article__text\">Czytaj nas cz\u0119\u015bciej w Google<\/p>\n<p><a href=\"https:\/\/google.com\/preferences\/source?q=onet.pl\" target=\"_blank\" rel=\"noopener noreferrer nofollow\" aria-label=\"Dodaj w Google\" title=\"Dodaj w Google\" class=\"ods-a-button ods-a-button__primary ods-a-button__default ods-a-button-l\">Dodaj w Google<\/a><\/p>\n<p>I tak Park Skowroni czeka gruntowna modernizacja placu zabaw, pojawi\u0105 si\u0119 nowe urz\u0105dzenia i ogrodzenie. Na Polanie Kar\u0142owickiej przywitaj\u0105 Was du\u017cy zestaw zabawowy i karuzela (starych urz\u0105dze\u0144 ju\u017c nie ma, nowe w drodze). Z kolei Park Pilczycki zyska nowe dr\u0105\u017cki na si\u0142owni terenowej.<\/p>\n<p>Nowe urz\u0105dzenia, nawierzchnie i elementy rekreacyjne pojawi\u0105 si\u0119 te\u017c m.in. na ziele\u0144cu przy ul. Go\u0142\u0119biej, na Skwerze Ludwika Witolda Rajchmana, na Wyspie Bielarskiej, na ul. Wolbromskiej, na Placu Pereca, na G\u00f3rce Szczepi\u0144skiej, na Promenadzie O\u0142awskiej, przy ul. Pawiej, w Parku Le\u015bnickim, w lesie przy ul. Granicznej, w Parku Kleci\u0144skim, w Parku Wojszyckim, na ziele\u0144cach przy ul. \u015awieradowskiej i ul. Szybowcowej, na skwerach przy ul. Berenta oraz przy ul. R\u00f3\u017cy Wiatr\u00f3w. B\u0119d\u0105 bujaki, piaskownice, drabinki, nowe nawierzchnie, a nawet tyrolka!<\/p>\n<p>Pojawiaj\u0105 si\u0119 te\u017c nowe obiekty. Jak cho\u0107by si\u0142ownia przy ul. Miko\u0142owskiej. ZZM wykona\u0142 tam nawierzchni\u0119 mineraln\u0105 (doj\u015bcie do si\u0142owni i po\u0142\u0105czenie z istniej\u0105ca \u015bcie\u017ck\u0105), nawierzchnie z kostki jasno szarej (pod si\u0142owni\u0119 plenerow\u0105) oraz elementy ma\u0142ej architektury. Gdy chodzi o urz\u0105dzenia si\u0142owni plenerowej, znajdziemy zestaw narciarz + twister, zestaw wio\u015blarz + wahad\u0142o, zestaw pajacyk + ma\u0142e ko\u0142a Tai-Chil, zestaw motyl + podci\u0105gach oraz drabink\u0119 z podci\u0105ganiem i pras\u0105 no\u017cn\u0105.<\/p>\n<p>Podobne prace zako\u0144czy\u0142y si\u0119 tak\u017ce przy Szkole Podstawowej nr 64 przy ul. Wojszyckiej, gdzie po\u0142o\u017cono bezpieczn\u0105 nawierzchni\u0119 o powierzchni ok. 293 m\u00b2 &#8211; w kolorach zielonym, czerwonym i szarym. To bezspoinowa, przepuszczalna dla wody nawierzchnia poliuretanowa, przygotowana z my\u015bl\u0105 o amortyzacji upadk\u00f3w i bezpiecze\u0144stwie u\u017cytkownik\u00f3w. Do zabawy zapraszaj\u0105 m.in. domek ze wspinaczk\u0105, hu\u015btawka typu \u201ebocianie gniazdo\u201d oraz zestaw street workout.<\/p>\n<p>Wszystkie zamontowane urz\u0105dzenia spe\u0142niaj\u0105 wymagane normy bezpiecze\u0144stwa i posiadaj\u0105 odpowiednie certyfikaty.<\/p>\n","protected":false},"excerpt":{"rendered":"Nowe elementy pojawi\u0105 si\u0119 w ponad 20 wroc\u0142awskich lokalizacjach &#8211; na placach zabaw, si\u0142owniach terenowych i innych terenach&hellip;\n","protected":false},"author":2,"featured_media":669837,"comment_status":"","ping_status":"","sticky":false,"template":"","format":"standard","meta":{"footnotes":"","_share_on_mastodon":"0"},"categories":[51607],"tags":[61195,399,48,46,55,42,38,40,39,41,47,52268,1853],"class_list":["post-669836","post","type-post","status-publish","format-standard","has-post-thumbnail","category-wroclaw","tag-bottomfeed_styl","tag-informacje","tag-nat_styl","tag-omp","tag-phx","tag-pl","tag-poland","tag-polish","tag-polska","tag-polski","tag-screening_general","tag-strefa_miast","tag-wroclaw"],"share_on_mastodon":{"url":"https:\/\/pubeurope.com\/@pl\/117220258488799626","error":""},"_links":{"self":[{"href":"https:\/\/www.europesays.com\/pl\/wp-json\/wp\/v2\/posts\/669836","targetHints":{"allow":["GET"]}}],"collection":[{"href":"https:\/\/www.europesays.com\/pl\/wp-json\/wp\/v2\/posts"}],"about":[{"href":"https:\/\/www.europesays.com\/pl\/wp-json\/wp\/v2\/types\/post"}],"author":[{"embeddable":true,"href":"https:\/\/www.europesays.com\/pl\/wp-json\/wp\/v2\/users\/2"}],"replies":[{"embeddable":true,"href":"https:\/\/www.europesays.com\/pl\/wp-json\/wp\/v2\/comments?post=669836"}],"version-history":[{"count":0,"href":"https:\/\/www.europesays.com\/pl\/wp-json\/wp\/v2\/posts\/669836\/revisions"}],"wp:featuredmedia":[{"embeddable":true,"href":"https:\/\/www.europesays.com\/pl\/wp-json\/wp\/v2\/media\/669837"}],"wp:attachment":[{"href":"https:\/\/www.europesays.com\/pl\/wp-json\/wp\/v2\/media?parent=669836"}],"wp:term":[{"taxonomy":"category","embeddable":true,"href":"https:\/\/www.europesays.com\/pl\/wp-json\/wp\/v2\/categories?post=669836"},{"taxonomy":"post_tag","embeddable":true,"href":"https:\/\/www.europesays.com\/pl\/wp-json\/wp\/v2\/tags?post=669836"}],"curies":[{"name":"wp","href":"https:\/\/api.w.org\/{rel}","templated":true}]}}