{"id":66986,"date":"2025-10-24T20:48:17","date_gmt":"2025-10-24T20:48:17","guid":{"rendered":"https:\/\/www.europesays.com\/pl\/66986\/"},"modified":"2025-10-24T20:48:17","modified_gmt":"2025-10-24T20:48:17","slug":"halina-mlynkova-o-przemocy-domowej-szokuj%c2%b1ce-wyznanie","status":"publish","type":"post","link":"https:\/\/www.europesays.com\/pl\/66986\/","title":{"rendered":"Halina Mlynkova o przemocy domowej. Szokuj\u00b1ce wyznanie"},"content":{"rendered":"<p class=\"art_paragraph\"><a href=\"https:\/\/www.plotek.pl\/halina-mlynkova\" class=\"art_link\" rel=\"dofollow noopener\" target=\"_blank\">Halina Mlynkova<\/a>\u00a0dwukrotnie stawa\u0142a na \u015blubnym kobiercu. Jej pierwszym m\u0119\u017cem by\u0142 aktor i prezenter \u0141ukasz Nowicki. Z tego zwi\u0105zku piosenkarka ma syna Piotra, kt\u00f3ry urodzi\u0142 si\u0119 w 2004 roku. W 2015 roku Mlynkova wysz\u0142a za czeskiego producenta muzycznego, Leszka Wronk\u0119. Obecnie piosenkarka jest zwi\u0105zana z producentem Marcinem Kindl\u0105, z kt\u00f3rym wychowuje czteroletniego syna. W najnowszym wywiadzie wyzna\u0142a jednak, \u017ce jeden z jej zwi\u0105zk\u00f3w by\u0142 przemocowy i toksyczny. Wspomnia\u0142a o wyzwiskach.\u00a0<\/p>\n<p>\n    Zobacz wideo Mlynkova m\u00f3wi o hejcie. Spotka\u0142a si\u0119 z krytyk\u0105\n  <\/p>\n<p> Halina Mlynkova o toksycznym ma\u0142\u017ce\u0144stwie: Udawa\u0142am przez ca\u0142y czas, \u017ce nic si\u0119 nie dzieje<\/p>\n<p class=\"art_paragraph\"><a href=\"https:\/\/www.plotek.pl\/halina-mlynkova#anchorLink\" rel=\"nofollow noopener\" target=\"_blank\">Halina Mlynkova<\/a> w rozmowie z portalem anywhere.pl piosenkarka stwierdzi\u0142a, \u017ce w trakcie swojego ma\u0142\u017ce\u0144stwa mia\u0142a my\u015bli samob\u00f3jcze. &#8211;\u00a0Mia\u0142am. To by\u0142 straszny czas i bardzo samotny, gdzie udawa\u0142am przez ca\u0142y czas, \u017ce nic si\u0119 nie dzieje, bo oczywi\u015bcie zawsze u\u015bmiechni\u0119ta, a pami\u0119taj jeszcze, \u017ce w takich zwi\u0105zkach, jest tak, \u017ce na zewn\u0105trz jeste\u015bmy kochanymi \u017conami, a jak si\u0119 zamykaj\u0105 drzwi, to jeste\u015b k***\u0105 &#8211; stwierdzi\u0142a Halina Mlynkova. Podczas rozmowy z\u00a0Kamil\u0105 Molinari wokalistka nie potrafi\u0142a ukry\u0107 emocji i w pewnym momencie sama stwierdzi\u0142a, \u017ce trz\u0119sie si\u0119 ze strachu.\u00a0Gwiazda potwierdzi\u0142a Plotkowi, \u017ce jej wypowiedzi dotycz\u0105 jej pierwszego ma\u0142\u017ce\u0144stwa. Pr\u00f3bowali\u015bmy si\u0119 skontaktowa\u0107 z \u0141ukaszem Nowickim, z pro\u015bb\u0105 o komentarz, ale w momencie publikacji artyku\u0142u nie otrzymali\u015bmy jeszcze \u017cadnej odpowiedzi.\u00a0<\/p>\n<p class=\"art_paragraph\">Halina Mlynkova dostawa\u0142a pogr\u00f3\u017cki od by\u0142ego m\u0119\u017ca? M\u00f3wi o zem\u015bcie<\/p>\n<p class=\"art_paragraph\">Wcze\u015bniej Halina Mlynkova poruszy\u0142a natomiast <a href=\"https:\/\/www.plotek.pl\/najnowsze-plotki\/7,194210,32265243,wyszedl-na-jaw-nieznany-fakt-na-temat-zony-rynkowskiego-prokuratura.html#anchorLink\" rel=\"nofollow noopener\" target=\"_blank\">temat<\/a> swojego drugiego ma\u0142\u017ce\u0144stwa. W rozmowie ze \u015awiatem Gwiazd przyzna\u0142a, \u017ce dowiedzia\u0142a si\u0119 o zdradach m\u0119\u017ca. &#8211;\u00a0Na niekt\u00f3re rzeczy machn\u0119\u0142am r\u0119k\u0105. Mia\u0142am chyba wi\u0119cej pozytywnych emocji, ale p\u00f3\u017aniej, jak si\u0119 dowiadujesz, \u017ce tam by\u0142o mn\u00f3stwo kobiet, to \u0142apiesz si\u0119 za g\u0142ow\u0119 i m\u00f3wisz: Jezus Maria&#8230; &#8211; powiedzia\u0142a. Piosenkarka stwierdzi\u0142a tak\u017ce, \u017ce dostawa\u0142a pogr\u00f3\u017cki od Wronki, dlatego te\u017c d\u0142ugo milcza\u0142a w temacie ma\u0142\u017ce\u0144stwa. &#8211; Nie chc\u0119 o tym m\u00f3wi\u0107, poniewa\u017c na samym pocz\u0105tku dosta\u0142am pogr\u00f3\u017cki, \u017ce je\u017celi b\u0119d\u0119 m\u00f3wi\u0107 cokolwiek na temat Pragi, to zawsze b\u0119dzie zemsta\u00a0&#8211; <a href=\"https:\/\/www.plotek.pl\/doda#anchorLink\" rel=\"nofollow noopener\" target=\"_blank\">doda\u00b3a<\/a>.\u00a0<\/p>\n<p> Potrzebujesz pomocy?<\/p>\n<p class=\"art_paragraph\">Je\u015bli prze\u017cywasz trudno\u015bci i my\u015blisz o odebraniu sobie \u017cycia lub chcesz pom\u00f3c osobie zagro\u017conej samob\u00f3jstwem, pami\u0119taj, \u017ce mo\u017cesz skorzysta\u0107 z bezp\u0142atnych numer\u00f3w pomocowych: Centrum Wsparcia dla os\u00f3b doros\u0142ych w kryzysie psychicznym: 800-70-2222; Telefon zaufania dla <a href=\"https:\/\/zakupy.avanti24.pl\/dzieciece#anchorLink\" rel=\"nofollow noopener\" target=\"_blank\">Dzieci<\/a> i M\u0142odzie\u017cy: 116 111; Telefon wsparcia emocjonalnego dla doros\u0142ych: 116 123.\u00a0<a href=\"https:\/\/zwjr.pl\/z-jakiego-powodu-tutaj-jestes\" class=\"art_link\" rel=\"dofollow noopener\" target=\"_blank\">Pod tym linkiem<\/a> znajdziesz wi\u0119cej informacji, jak pom\u00f3c sobie lub innym, oraz kontakty do organizacji pomagaj\u0105cych osobom w kryzysie i ich bliskim.<\/p>\n<p class=\"art_paragraph\">Je\u015bli w zwi\u0105zku z my\u015blami samob\u00f3jczymi lub pr\u00f3b\u0105 samob\u00f3jcz\u0105 wyst\u0119puje zagro\u017cenie \u017cycia, w celu natychmiastowej interwencji kryzysowej, zadzwo\u0144 na policj\u0119 pod numer 112 lub udaj si\u0119 na oddzia\u0142 pogotowia do miejscowego szpitala psychiatrycznego.<\/p>\n","protected":false},"excerpt":{"rendered":"Halina Mlynkova\u00a0dwukrotnie stawa\u0142a na \u015blubnym kobiercu. Jej pierwszym m\u0119\u017cem by\u0142 aktor i prezenter \u0141ukasz Nowicki. Z tego zwi\u0105zku&hellip;\n","protected":false},"author":2,"featured_media":66987,"comment_status":"","ping_status":"","sticky":false,"template":"","format":"standard","meta":{"footnotes":""},"categories":[22],"tags":[122,42,38,40,39,41,123],"class_list":{"0":"post-66986","1":"post","2":"type-post","3":"status-publish","4":"format-standard","5":"has-post-thumbnail","7":"category-rozrywka","8":"tag-entertainment","9":"tag-pl","10":"tag-poland","11":"tag-polish","12":"tag-polska","13":"tag-polski","14":"tag-rozrywka"},"share_on_mastodon":{"url":"https:\/\/pubeurope.com\/@pl\/115431112890418169","error":""},"_links":{"self":[{"href":"https:\/\/www.europesays.com\/pl\/wp-json\/wp\/v2\/posts\/66986","targetHints":{"allow":["GET"]}}],"collection":[{"href":"https:\/\/www.europesays.com\/pl\/wp-json\/wp\/v2\/posts"}],"about":[{"href":"https:\/\/www.europesays.com\/pl\/wp-json\/wp\/v2\/types\/post"}],"author":[{"embeddable":true,"href":"https:\/\/www.europesays.com\/pl\/wp-json\/wp\/v2\/users\/2"}],"replies":[{"embeddable":true,"href":"https:\/\/www.europesays.com\/pl\/wp-json\/wp\/v2\/comments?post=66986"}],"version-history":[{"count":0,"href":"https:\/\/www.europesays.com\/pl\/wp-json\/wp\/v2\/posts\/66986\/revisions"}],"wp:featuredmedia":[{"embeddable":true,"href":"https:\/\/www.europesays.com\/pl\/wp-json\/wp\/v2\/media\/66987"}],"wp:attachment":[{"href":"https:\/\/www.europesays.com\/pl\/wp-json\/wp\/v2\/media?parent=66986"}],"wp:term":[{"taxonomy":"category","embeddable":true,"href":"https:\/\/www.europesays.com\/pl\/wp-json\/wp\/v2\/categories?post=66986"},{"taxonomy":"post_tag","embeddable":true,"href":"https:\/\/www.europesays.com\/pl\/wp-json\/wp\/v2\/tags?post=66986"}],"curies":[{"name":"wp","href":"https:\/\/api.w.org\/{rel}","templated":true}]}}