{"id":669866,"date":"2026-09-05T20:32:31","date_gmt":"2026-09-05T20:32:31","guid":{"rendered":"https:\/\/www.europesays.com\/pl\/669866\/"},"modified":"2026-09-05T20:32:31","modified_gmt":"2026-09-05T20:32:31","slug":"festyn-rodzinno-sportowy-na-bulwarach-bialystok","status":"publish","type":"post","link":"https:\/\/www.europesays.com\/pl\/669866\/","title":{"rendered":"Festyn rodzinno-sportowy na bulwarach &#8211; Bia\u0142ystok"},"content":{"rendered":"<p>Ju\u017c w niedziel\u0119 (6 wrze\u015bnia) Miasto Bia\u0142ystok zaprasza na festyn rodzinno-sportowy na bulwarach przy ul. W\u0142\u00f3kienniczej. Wydarzenie ma promowa\u0107 zdrowy tryb \u017cycia i zach\u0119ca\u0107 Bia\u0142ostoczan do aktywno\u015bci na \u015bwie\u017cym powietrzu.<\/p>\n<p>Festyn odb\u0119dzie si\u0119 w najbli\u017csz\u0105 niedziel\u0119 na bulwarach przy rzece Bia\u0142ej, obok p\u0142ywalni BOSiR. Potrwa od 12.00 do 16.00. Sw\u00f3j udzia\u0142 zapowiedzia\u0142o wiele bia\u0142ostockich klub\u00f3w sportowych reprezentuj\u0105cych r\u00f3\u017cne dyscypliny: BAS BIA\u0141YSTOK, Akademia Pi\u0142karska Le\u015bna, Jagiellonia Bia\u0142ystok, Akademia Tenisa BKT MAT BIA\u0141YSTOK, START Bia\u0142ystok, Fulbalo Bia\u0142ystok, Klub Pi\u0142ki R\u0119cznej Bia\u0142ystok, Klub Sportowy Wsch\u00f3d. Zaplanowano liczne pokazy oraz treningi otwarte. Mieszka\u0144cy b\u0119d\u0105 mogli osobi\u015bcie pozna\u0107 ich ofert\u0119, wsp\u00f3lnie po\u0107wiczy\u0107, porozmawia\u0107 z trenerami i spr\u00f3bowa\u0107 swoich sil w r\u00f3\u017cnych dyscyplinach.<\/p>\n<p>Opr\u00f3cz strefy typowo sportowej na bulwarach pojawi\u0105 si\u0119 tak\u017ce namioty edukacyjne i profilaktyczne przygotowane przez urz\u0119dy oraz s\u0142u\u017cby mundurowe. Swoje stoiska wystawi\u0105 Pa\u0144stwowa Inspekcja Pracy, Stra\u017c Po\u017carna, Bia\u0142ostocki Urz\u0105d Statystyczny, Wodoci\u0105gi Bia\u0142ostockie, Podlaski Pa\u0144stwowy Inspektor Sanitarny w Bia\u0142ymstoku, Stra\u017c Miejska, Policja, a tak\u017ce Urz\u0105d Miejski (edukacyjne).<\/p>\n<p>\u2013 Takie wydarzenia wytwarzaj\u0105 dobr\u0105 energi\u0119, s\u0105 okazj\u0105 do naprawd\u0119 udanej zabawy \u2013 powiedzia\u0142 prezydent Tadeusz Truskolaski. \u2013 G\u0142\u00f3wn\u0105 ide\u0105 tego festynu jest pr\u00f3ba przekonania Bia\u0142ostoczan do ruchu i do rekreacji na \u015bwie\u017cym powietrzu, do aktywno\u015bci integracyjnych. Zach\u0119camy ca\u0142e\u00a0 rodziny do wsp\u00f3lnego sp\u0119dzania czasu, najlepiej na \u015bwie\u017cym powietrzu.<\/p>\n<p>Wydarzenie sfinansowane jest z bud\u017cetu Miasta Bia\u0142ystok, a jego pomys\u0142odawczyni\u0105 jest radna Rady Miasta Jolanta Chudzik.<\/p>\n<p>\u2013 Do wsp\u00f3lnej zabawy zapraszamy szczeg\u00f3lnie mieszka\u0144c\u00f3w Osiedla Centrum, poniewa\u017c na ich terenie odb\u0119dzie si\u0119 ten festyn, kt\u00f3ry stworzy okazj\u0119 do ciekawych spotka\u0144, poznania s\u0105siad\u00f3w, os\u00f3b ze swego osiedla \u2013\u00a0 doda\u0142a radna Rady Miasta Bia\u0142ystok Jowita Chudzik. \u2013 Ale oczywi\u015bcie mile widziani b\u0119d\u0105 wszyscy mieszka\u0144cy naszego miasta.<\/p>\n<p>Nie zabraknie atrakcji dla najm\u0142odszych i rodzin z dzie\u0107mi. B\u0119dzie mo\u017cna uczestniczy\u0107 w grach i zabawach sprawno\u015bciowych, zespo\u0142owych, ruchowych, wzi\u0105\u0107 udzia\u0142 w rywalizacjach rodzinnych. Kolejne propozycje oferuje stoisko z balonami i ba\u0144kami mydlanymi, b\u0119dzie te\u017c malowanie twarzy, dmucha\u0144ce, eurobunge, giga gry i giga klocki, fotobudka, k\u0105cik malucha i plastyczny. Na festyn zaproszona jest tak\u017ce Fundacja Graj\u0105cy Bia\u0142ystok, kt\u00f3ra przestawi ofert\u0119 gier planszowych.<\/p>\n<p>Wst\u0119p i udzia\u0142 we wszystkich wydarzeniach s\u0105 bezp\u0142atne.<\/p>\n<p>Opracowanie: Anna Szerszunowicz<\/p>\n<p><img decoding=\"async\" class=\"img-responsive\" src=\"https:\/\/www.europesays.com\/pl\/wp-content\/uploads\/2026\/09\/1788640351_935_400x0.jpg\" alt=\"Grafika z testem \u201eFestyn Rodzinno - sportowy 6 wrze\u015bnia godzina 12:00-16:00 bulwary przy rzece Bia\u0142ej ul. W\u0142\u00f3kiennicza\u201d.\" width=\"400\" style=\"display: block; margin-left: auto; margin-right: auto;\"\/><\/p>\n","protected":false},"excerpt":{"rendered":"Ju\u017c w niedziel\u0119 (6 wrze\u015bnia) Miasto Bia\u0142ystok zaprasza na festyn rodzinno-sportowy na bulwarach przy ul. W\u0142\u00f3kienniczej. Wydarzenie ma&hellip;\n","protected":false},"author":2,"featured_media":669867,"comment_status":"","ping_status":"","sticky":false,"template":"","format":"standard","meta":{"footnotes":"","_share_on_mastodon":"0"},"categories":[51614],"tags":[2151,25,42,38,40,39,41],"class_list":["post-669866","post","type-post","status-publish","format-standard","has-post-thumbnail","category-bialystok","tag-bialystok","tag-news","tag-pl","tag-poland","tag-polish","tag-polska","tag-polski"],"share_on_mastodon":{"url":"https:\/\/pubeurope.com\/@pl\/117220341283078373","error":""},"_links":{"self":[{"href":"https:\/\/www.europesays.com\/pl\/wp-json\/wp\/v2\/posts\/669866","targetHints":{"allow":["GET"]}}],"collection":[{"href":"https:\/\/www.europesays.com\/pl\/wp-json\/wp\/v2\/posts"}],"about":[{"href":"https:\/\/www.europesays.com\/pl\/wp-json\/wp\/v2\/types\/post"}],"author":[{"embeddable":true,"href":"https:\/\/www.europesays.com\/pl\/wp-json\/wp\/v2\/users\/2"}],"replies":[{"embeddable":true,"href":"https:\/\/www.europesays.com\/pl\/wp-json\/wp\/v2\/comments?post=669866"}],"version-history":[{"count":0,"href":"https:\/\/www.europesays.com\/pl\/wp-json\/wp\/v2\/posts\/669866\/revisions"}],"wp:featuredmedia":[{"embeddable":true,"href":"https:\/\/www.europesays.com\/pl\/wp-json\/wp\/v2\/media\/669867"}],"wp:attachment":[{"href":"https:\/\/www.europesays.com\/pl\/wp-json\/wp\/v2\/media?parent=669866"}],"wp:term":[{"taxonomy":"category","embeddable":true,"href":"https:\/\/www.europesays.com\/pl\/wp-json\/wp\/v2\/categories?post=669866"},{"taxonomy":"post_tag","embeddable":true,"href":"https:\/\/www.europesays.com\/pl\/wp-json\/wp\/v2\/tags?post=669866"}],"curies":[{"name":"wp","href":"https:\/\/api.w.org\/{rel}","templated":true}]}}