{"id":669872,"date":"2026-09-05T20:37:18","date_gmt":"2026-09-05T20:37:18","guid":{"rendered":"https:\/\/www.europesays.com\/pl\/669872\/"},"modified":"2026-09-05T20:37:18","modified_gmt":"2026-09-05T20:37:18","slug":"gdansk-lipce-zarzut-dla-kierowcy-po-zderzeniu-z-pociagiem","status":"publish","type":"post","link":"https:\/\/www.europesays.com\/pl\/669872\/","title":{"rendered":"Gda\u0144sk-Lipce: Zarzut dla kierowcy po zderzeniu z poci\u0105giem"},"content":{"rendered":"<p>                    Jak dosz\u0142o do zdarzenia?<\/p>\n<p>Do zdarzenia dosz\u0142o w czwartek, 3 wrze\u015bnia przed godz. 14. przy ul. Niegowskiej w Gda\u0144sku-Lipcach. Kierowca ci\u0105gnika siod\u0142owego z naczep\u0105 wjecha\u0142 na przejazd i nie zdo\u0142a\u0142 opu\u015bci\u0107 torowiska.<\/p>\n<p>Chwil\u0119 p\u00f3\u017aniej w ty\u0142 ci\u0119\u017car\u00f3wki uderzy\u0142 poci\u0105g jad\u0105cy z Gdyni G\u0142\u00f3wnej do Zielonej G\u00f3ry. Znajdowa\u0142o si\u0119 w nim prawie 270 os\u00f3b.<\/p>\n<p>PKP: Kierowca wjecha\u0142 na przejazd, mimo sygnalizacji i pod opadaj\u0105ce rogatki<\/p>\n<p>Zawodowy kierowca wjecha\u0142 na przejazd przy w\u0142\u0105czonych sygnalizatorach \u015bwietlnych i pod opadaj\u0105ce rogatki. Mimo i\u017c \u015bwiadkowie zdarzenia ostrzegali kierowc\u0119 o zbli\u017caj\u0105cym si\u0119 poci\u0105gu oraz wskazywali na konieczno\u015b\u0107 natychmiastowego opuszczenia przejazdu, w tym mo\u017cliwo\u015b\u0107 wy\u0142amania rogatki, kierowca nie podj\u0105\u0142 takiej pr\u00f3by.<\/p>\n<p>Przemys\u0142aw Zieli\u0144ski \/ rzecznik PKP Polskie Linie Kolejowe<\/p>\n<p>Cztery osoby zosta\u0142y lekko ranne<\/p>\n<p>W wyniku zderzenia, lekko ranne zosta\u0142y cztery osoby. S\u0142u\u017cby interweniowa\u0142y na miejscu, a spraw\u0105 zaj\u0119\u0142a si\u0119 prokuratura.<\/p>\n<p>Jaki zarzut us\u0142ysza\u0142 kierowca?<\/p>\n<p>Jak poinformowa\u0142a, cytowana przez <a href=\"https:\/\/radiogdansk.pl\/wiadomosci\/trojmiasto\/2026\/09\/04\/zderzenie-na-torach-kierowca-tir-a-z-zarzutami\/\" rel=\"nofollow noopener\" target=\"_blank\">Radio Gda\u0144sk<\/a>, prokurator Wioleta Noch z Prokuratury Okr\u0119gowej w Gda\u0144sku, m\u0119\u017cczy\u017anie przedstawiono zarzut sprowadzenia bezpo\u015bredniego niebezpiecze\u0144stwa katastrofy w ruchu l\u0105dowym. Grozi za to kara do trzech lat pozbawienia wolno\u015bci.\u00a0<\/p>\n<p>Podejrzany nie przyzna\u0142 si\u0119 do winy, jednak z\u0142o\u017cy\u0142 wyja\u015bnienia. Po wykonaniu czynno\u015bci procesowych zastosowano wobec niego wolno\u015bciowe \u015brodki zapobiegawcze.<\/p>\n<p>Kolejne niebezpieczne zdarzenie na tym samym przeje\u017adzie<\/p>\n<p>Na tym samym przeje\u017adzie przy ul. Niegowskiej dzie\u0144 po wypadku ponownie dosz\u0142o do niebezpiecznej sytuacji. Kieruj\u0105ca samochodem osobowym wjecha\u0142a na torowisko podczas opuszczania rogatek i zosta\u0142a uwi\u0119ziona mi\u0119dzy szlabanami.<\/p>\n<p>Do zderzenia z poci\u0105giem nie dosz\u0142o, bo \u015bwiadkowie pomogli wydosta\u0107 samoch\u00f3d, wy\u0142amuj\u0105c rogatk\u0119.<\/p>\n","protected":false},"excerpt":{"rendered":"Jak dosz\u0142o do zdarzenia? Do zdarzenia dosz\u0142o w czwartek, 3 wrze\u015bnia przed godz. 14. przy ul. Niegowskiej w&hellip;\n","protected":false},"author":2,"featured_media":669873,"comment_status":"","ping_status":"","sticky":false,"template":"","format":"standard","meta":{"footnotes":"","_share_on_mastodon":"0"},"categories":[51610],"tags":[1048,10306,42,129871,38,40,39,41,2588,125106],"class_list":["post-669872","post","type-post","status-publish","format-standard","has-post-thumbnail","category-gdansk","tag-gdansk","tag-gdansk-lipce","tag-pl","tag-pociagi-pomorze","tag-poland","tag-polish","tag-polska","tag-polski","tag-wypadek","tag-wypadki-na-pomorzu"],"share_on_mastodon":{"url":"https:\/\/pubeurope.com\/@pl\/117220359929956031","error":""},"_links":{"self":[{"href":"https:\/\/www.europesays.com\/pl\/wp-json\/wp\/v2\/posts\/669872","targetHints":{"allow":["GET"]}}],"collection":[{"href":"https:\/\/www.europesays.com\/pl\/wp-json\/wp\/v2\/posts"}],"about":[{"href":"https:\/\/www.europesays.com\/pl\/wp-json\/wp\/v2\/types\/post"}],"author":[{"embeddable":true,"href":"https:\/\/www.europesays.com\/pl\/wp-json\/wp\/v2\/users\/2"}],"replies":[{"embeddable":true,"href":"https:\/\/www.europesays.com\/pl\/wp-json\/wp\/v2\/comments?post=669872"}],"version-history":[{"count":0,"href":"https:\/\/www.europesays.com\/pl\/wp-json\/wp\/v2\/posts\/669872\/revisions"}],"wp:featuredmedia":[{"embeddable":true,"href":"https:\/\/www.europesays.com\/pl\/wp-json\/wp\/v2\/media\/669873"}],"wp:attachment":[{"href":"https:\/\/www.europesays.com\/pl\/wp-json\/wp\/v2\/media?parent=669872"}],"wp:term":[{"taxonomy":"category","embeddable":true,"href":"https:\/\/www.europesays.com\/pl\/wp-json\/wp\/v2\/categories?post=669872"},{"taxonomy":"post_tag","embeddable":true,"href":"https:\/\/www.europesays.com\/pl\/wp-json\/wp\/v2\/tags?post=669872"}],"curies":[{"name":"wp","href":"https:\/\/api.w.org\/{rel}","templated":true}]}}