{"id":669874,"date":"2026-09-05T20:38:31","date_gmt":"2026-09-05T20:38:31","guid":{"rendered":"https:\/\/www.europesays.com\/pl\/669874\/"},"modified":"2026-09-05T20:38:31","modified_gmt":"2026-09-05T20:38:31","slug":"gole-i-skrot-meczu-pogon-grodzisk-mazowiecki","status":"publish","type":"post","link":"https:\/\/www.europesays.com\/pl\/669874\/","title":{"rendered":"Gole i skr\u00f3t meczu Pogo\u0144 Grodzisk Mazowiecki"},"content":{"rendered":"<p><img alt=\"Obrazek newsa : Gole i skr\u00f3t meczu Pogo\u0144 Grodzisk Mazowiecki - Warta Pozna\u0144. Obejrzyj wideo (04.09.2026)\" loading=\"lazy\" width=\"1200\" height=\"800\" decoding=\"async\" data-nimg=\"1\" class=\"img-fluid rounded\" style=\"color:transparent\"  src=\"https:\/\/www.europesays.com\/pl\/wp-content\/uploads\/2026\/09\/1788640710_285_image.jpeg\"\/>Shutterstock\/Dziurek<\/p>\n<p>Zako\u0144czony mecz Pogo\u0144 Grodzisk Mazowiecki &#8211; Warta Pozna\u0144 przyni\u00f3s\u0142 gospodarzom zwyci\u0119stwo 1:0. W przygotowanym skr\u00f3cie wideo mo\u017cna obejrze\u0107 jedynego gola, najciekawsze akcje oraz najlepsze okazje bramkowe z tego spotkania. Mecz rozegrano w pi\u0105tek 4 wrze\u015bnia 2026 roku.<\/p>\n<p>Skr\u00f3t meczu Pogo\u0144 Grodzisk Mazowiecki &#8211; Warta Pozna\u0144<\/p>\n<p>Pogo\u0144 Grodzisk Mazowiecki pokona\u0142a Wart\u0119 Pozna\u0144 1:0, a jedyn\u0105 bramk\u0119 w 76. minucie zdoby\u0142 Damian Jaro\u0144.<\/p>\n<p>Wi\u0119cej informacji o meczu<\/p>\n<p>Pogo\u0144 Grodzisk Mazowiecki<\/p>\n<p>Wyj\u015bciowy sk\u0142ad: Krzysztof Kaminski, Jakub Niewiadomski, Kamil Glogowski, Bartosz Dembek, Rados\u0142aw Majewski, Bartlomiej Ciepiela, Nikodem Niski, Kacper Los, Henry Uzoigwe, Aldrit Oshafi, Jakub Zbr\u00f3g.<br \/>\nRezerwowi: Mikolaj Glacel, Oskar Koprowski, Matheus Dias, Damian Jaro\u0144, Jakub Jedrasik, Kargulewicz, Jakub Konstantyn, Hubert Turski, Maciej Ruszkiewicz.<\/p>\n<p>Warta Pozna\u0144<\/p>\n<p>Wyj\u015bciowy sk\u0142ad: Leo Przybylak, Oleksandr Azatsky, Marcel Stefaniak, Jakub Apolinarski, Kacper Lepczynski, Dmytro Avdeyev, Jan Niedzielski, Karol Lysiak, Aleksander Wolczek, Mateusz Stanek, Jakub Kendzia.<br \/>\nRezerwowi: Bartosz Piechowiak, Filip Jakubowski, Karol Kalata, Patryk Kusztal, Bartosz Lelito, Antoni Mlynarczyk, Kacper Rychert, Adrian Wnuk, Kacper Wybieralski.<\/p>\n<p>Zmiany:<\/p>\n<p>Pogo\u0144 Grodzisk Mazowiecki: Henry Uzoigwe (Maciej Ruszkiewicz 71&#8242;), Nikodem Niski (Jakub Jedrasik 71&#8242;), Rados\u0142aw Majewski (Damian Jaro\u0144 71&#8242;), Jakub Zbr\u00f3g (Jakub Konstantyn 86&#8242;), Bartlomiej Ciepiela (Hubert Turski 90&#8242;).<br \/>\nWarta Pozna\u0144: Aleksander Wolczek (Patryk Kusztal 51&#8242;), Jakub Kendzia (Kacper Wybieralski 78&#8242;), Jakub Apolinarski (Kacper Rychert 78&#8242;).<\/p>\n<p>Strzelcy bramek:<\/p>\n<p>\u017b\u00f3\u0142te kartki:<\/p>\n<p>Pogo\u0144 Grodzisk Mazowiecki: Nikodem Niski 60&#8242;, Jakub Niewiadomski 59&#8242;, Henry Uzoigwe 52&#8242;.<br \/>\nWarta Pozna\u0144: Aleksander Wolczek 37&#8242;, Karol Lysiak 72&#8242;, Patryk Kusztal 92&#8242;.<\/p>\n","protected":false},"excerpt":{"rendered":"Shutterstock\/Dziurek Zako\u0144czony mecz Pogo\u0144 Grodzisk Mazowiecki &#8211; Warta Pozna\u0144 przyni\u00f3s\u0142 gospodarzom zwyci\u0119stwo 1:0. W przygotowanym skr\u00f3cie wideo mo\u017cna&hellip;\n","protected":false},"author":2,"featured_media":669875,"comment_status":"","ping_status":"","sticky":false,"template":"","format":"standard","meta":{"footnotes":"","_share_on_mastodon":"0"},"categories":[51609],"tags":[18386,52076,52075,52077,52074,52078,42,38,40,39,41,1817,52079,52080,52081],"class_list":["post-669874","post","type-post","status-publish","format-standard","has-post-thumbnail","category-poznan","tag-gdzie-ogladac","tag-mecze-live","tag-mecze-na-zywo","tag-mecze-online","tag-mecze24","tag-meczyki","tag-pl","tag-poland","tag-polish","tag-polska","tag-polski","tag-poznan","tag-transmisje-online","tag-transmisje-tv","tag-transmisje-za-darmo"],"share_on_mastodon":{"url":"https:\/\/pubeurope.com\/@pl\/117220364669951261","error":""},"_links":{"self":[{"href":"https:\/\/www.europesays.com\/pl\/wp-json\/wp\/v2\/posts\/669874","targetHints":{"allow":["GET"]}}],"collection":[{"href":"https:\/\/www.europesays.com\/pl\/wp-json\/wp\/v2\/posts"}],"about":[{"href":"https:\/\/www.europesays.com\/pl\/wp-json\/wp\/v2\/types\/post"}],"author":[{"embeddable":true,"href":"https:\/\/www.europesays.com\/pl\/wp-json\/wp\/v2\/users\/2"}],"replies":[{"embeddable":true,"href":"https:\/\/www.europesays.com\/pl\/wp-json\/wp\/v2\/comments?post=669874"}],"version-history":[{"count":0,"href":"https:\/\/www.europesays.com\/pl\/wp-json\/wp\/v2\/posts\/669874\/revisions"}],"wp:featuredmedia":[{"embeddable":true,"href":"https:\/\/www.europesays.com\/pl\/wp-json\/wp\/v2\/media\/669875"}],"wp:attachment":[{"href":"https:\/\/www.europesays.com\/pl\/wp-json\/wp\/v2\/media?parent=669874"}],"wp:term":[{"taxonomy":"category","embeddable":true,"href":"https:\/\/www.europesays.com\/pl\/wp-json\/wp\/v2\/categories?post=669874"},{"taxonomy":"post_tag","embeddable":true,"href":"https:\/\/www.europesays.com\/pl\/wp-json\/wp\/v2\/tags?post=669874"}],"curies":[{"name":"wp","href":"https:\/\/api.w.org\/{rel}","templated":true}]}}