{"id":669890,"date":"2026-09-05T20:46:09","date_gmt":"2026-09-05T20:46:09","guid":{"rendered":"https:\/\/www.europesays.com\/pl\/669890\/"},"modified":"2026-09-05T20:46:09","modified_gmt":"2026-09-05T20:46:09","slug":"niesamowity-powrot-interu-wlosi-pisza-o-zielinskim-sportowefakty","status":"publish","type":"post","link":"https:\/\/www.europesays.com\/pl\/669890\/","title":{"rendered":"Niesamowity powr\u00f3t Interu. W\u0142osi pisz\u0105 o Zieli\u0144skim &#8211; SportoweFakty"},"content":{"rendered":"<ol>\n<li><a href=\"https:\/\/news.google.com\/rss\/articles\/CBMinwFBVV95cUxQZjYwRzROQ1h0SmpmaHNBUmFaR2xPRGJ4VWptVEFBM1gtWHpTVHFXMTRSZm80N2FRcm00VS1lcFZCUDhNbnhYNExSRV85M0FXTFVIZVdpY3l5WFFRMHh4QWFRU1NDdW9lSjdMcks2X1lKeFBBbF9RMzRBQVhtVnVNQjNMVGxqamJqREFxYjJUc0luc20tbG5jMWhGVHhtOUk?oc=5\" target=\"_blank\" rel=\"nofollow noopener\">Niesamowity powr\u00f3t Interu. W\u0142osi pisz\u0105 o Zieli\u0144skim<\/a>&nbsp;&nbsp;SportoweFakty<\/li>\n<li><a href=\"https:\/\/news.google.com\/rss\/articles\/CBMiqwFBVV95cUxQMHFKdnI1Rjc4bzNoQ1N2VmRaMUdUZm9TX09VbXpwUjNidmlFUTgxT0dEZlU2TzRMM19TYVljVk1waHdDcnBvSUxCNk4tOG1xZ3laM2pwRlZPZzJTSGRhTzFUYWZraE9xdEtSU1hiYnltZmpDanYxOS01LVhOY3J2aVVRQ21LM1lSSjFBNTE5MDJ6MTRuSHc2N0pmZWtiVUhjRFkxUTJFSkUyZGs?oc=5\" target=\"_blank\" rel=\"nofollow noopener\">Inter g\u00f3r\u0105 w thrillerze z Napoli! Wielka remontada w ko\u0144c\u00f3wce<\/a>&nbsp;&nbsp;Meczyki.pl<\/li>\n<li><a href=\"https:\/\/news.google.com\/rss\/articles\/CBMi2AFBVV95cUxOQ0dLUjBTQ0Z3d2dQOE9vZmJFWE9mTk54Q3Z0SldoenhFeGw4QjdhVERobGlydXBrdk1kc0xoQWlIRDZwWk4tTmFfTm5hR19iV0JYaXQwR29WS084SFg0b1M0WUlhX0VleWxuQk9YaWFwMmdfNkFjNWNBdnpKRjA4Zm9DRHFLd1ZpQW05QzJoR2ZrdVlHck4tNGszSGJsaXRILXl4N256NGh5TjJDcU5zOTlCOWJQVWh2N29nRUt1ald4Z21yb3hNWnFCX25ubmtNRnFMM0FDQnE?oc=5\" target=\"_blank\" rel=\"nofollow noopener\">Inter Mediolan &#8211; Napoli: typy, kursy, transmisja, sk\u0142ady (5.09.2026)<\/a>&nbsp;&nbsp;przegladsportowy.onet.pl<\/li>\n<li><a href=\"https:\/\/news.google.com\/rss\/articles\/CBMi7AFBVV95cUxQaTlrMnBHWnJTYzBGZVdpQ0E2NFVqQ1BnMktqRDZjbHB2Y3ZndFZ5WlBCNWJ2V3hrY2FUVUdPdVhLdXk1UjJlNTRySzBkSEhmLU45SUxkVjhMR3NUQXpwMUdLby1icWJHM0xWdmNfSVd0cGE4eVdQNlFIU2FoUjVIMjlXNjFHNzFINEJsTXJYY0RqbDR5Y0dlcGtMMzljdTlpQlMyVTBHUldMT1BXazhlRi1EZVc0bXZGbFJzUVdIYTduYjBDczY1M05mQ0luUmtYekI2MTBaX2otd1RtbzU2X05LY2VjbUpKLUhPcQ?oc=5\" target=\"_blank\" rel=\"nofollow noopener\">Okiem redakcji: Zieli\u0144ski kontra by\u0142y klub, trudne zadanie Valencii i wielkie derby Londynu<\/a>&nbsp;&nbsp;Wyniki na \u017cywo<\/li>\n<li><a href=\"https:\/\/news.google.com\/rss\/articles\/CBMioAFBVV95cUxQVnFQTkQwYWRCb1g0U2hzdnNDSEU4U3cwN1lBX0J0M09FRFFIRHdlaWMzQnQtNjJwTWp4WUd3bHBIYWJiWjY0MFlYVlBIZzl1cDVWcWNaUGg4Um5iNUpUcmZkeFNyNUdRTUdTcjlEbW05SDFib2dmV1BPeEx5cWg5czhBcHVIQ3hZc01jZkEyelhDbkRWbzY2TWNEREM5UHEy?oc=5\" target=\"_blank\" rel=\"nofollow noopener\">[PI\u0141KA W TV] Piotr Zieli\u0144ski kontra SSC Napoli<\/a>&nbsp;&nbsp;laczynaspilka.pl<\/li>\n<\/ol>\n","protected":false},"excerpt":{"rendered":"Niesamowity powr\u00f3t Interu. W\u0142osi pisz\u0105 o Zieli\u0144skim&nbsp;&nbsp;SportoweFakty Inter g\u00f3r\u0105 w thrillerze z Napoli! Wielka remontada w ko\u0144c\u00f3wce&nbsp;&nbsp;Meczyki.pl Inter&hellip;\n","protected":false},"author":2,"featured_media":669891,"comment_status":"","ping_status":"","sticky":false,"template":"","format":"standard","meta":{"footnotes":"","_share_on_mastodon":"0"},"categories":[24],"tags":[6585,269,2821,6587,42,38,40,39,41,3539,127,126,1916],"class_list":["post-669890","post","type-post","status-publish","format-standard","has-post-thumbnail","category-sport","tag-inter-mediolan","tag-pilka-nozna","tag-pilka-nozna-we-wloszech","tag-piotr-zielinski","tag-pl","tag-poland","tag-polish","tag-polska","tag-polski","tag-serie-a","tag-sport","tag-sports","tag-ssc-napoli"],"share_on_mastodon":{"url":"https:\/\/pubeurope.com\/@pl\/117220395525049688","error":""},"_links":{"self":[{"href":"https:\/\/www.europesays.com\/pl\/wp-json\/wp\/v2\/posts\/669890","targetHints":{"allow":["GET"]}}],"collection":[{"href":"https:\/\/www.europesays.com\/pl\/wp-json\/wp\/v2\/posts"}],"about":[{"href":"https:\/\/www.europesays.com\/pl\/wp-json\/wp\/v2\/types\/post"}],"author":[{"embeddable":true,"href":"https:\/\/www.europesays.com\/pl\/wp-json\/wp\/v2\/users\/2"}],"replies":[{"embeddable":true,"href":"https:\/\/www.europesays.com\/pl\/wp-json\/wp\/v2\/comments?post=669890"}],"version-history":[{"count":0,"href":"https:\/\/www.europesays.com\/pl\/wp-json\/wp\/v2\/posts\/669890\/revisions"}],"wp:featuredmedia":[{"embeddable":true,"href":"https:\/\/www.europesays.com\/pl\/wp-json\/wp\/v2\/media\/669891"}],"wp:attachment":[{"href":"https:\/\/www.europesays.com\/pl\/wp-json\/wp\/v2\/media?parent=669890"}],"wp:term":[{"taxonomy":"category","embeddable":true,"href":"https:\/\/www.europesays.com\/pl\/wp-json\/wp\/v2\/categories?post=669890"},{"taxonomy":"post_tag","embeddable":true,"href":"https:\/\/www.europesays.com\/pl\/wp-json\/wp\/v2\/tags?post=669890"}],"curies":[{"name":"wp","href":"https:\/\/api.w.org\/{rel}","templated":true}]}}