{"id":66990,"date":"2025-10-24T20:51:08","date_gmt":"2025-10-24T20:51:08","guid":{"rendered":"https:\/\/www.europesays.com\/pl\/66990\/"},"modified":"2025-10-24T20:51:08","modified_gmt":"2025-10-24T20:51:08","slug":"balony-z-bialorusi-nad-litwa-wladze-zamknely-najwazniejsze-lotniska-onet-wiadomosci","status":"publish","type":"post","link":"https:\/\/www.europesays.com\/pl\/66990\/","title":{"rendered":"Balony z Bia\u0142orusi nad Litw\u0105. W\u0142adze zamkn\u0119\u0142y najwa\u017cniejsze lotniska &#8211; Onet Wiadomo\u015bci"},"content":{"rendered":"<ol>\n<li><a href=\"https:\/\/news.google.com\/rss\/articles\/CBMirAFBVV95cUxOMFI5c3FuYkUtNXBPR0RJNXFBZ2Q4YVN1c3d0WUhiS0hJUHpSNXFpTm9iYnJMZWF3VkRHRklCSmJWdzZLTEc3NEN2UEtVS2pIamFGSEdTYzZPM1VScnBhQ0k0WDJVaXEzRjFOWDNDV21oczFBX25jeUdIRmpKeFJvTllFVkgyYjVqUjNvMzVYVi1fME1ZT1dGajNoQlFJLVhiZjZuc1dHNGFjVTlT?oc=5\" target=\"_blank\" rel=\"nofollow noopener\">Balony z Bia\u0142orusi nad Litw\u0105. W\u0142adze zamkn\u0119\u0142y najwa\u017cniejsze lotniska<\/a>&nbsp;&nbsp;Onet Wiadomo\u015bci<\/li>\n<li><a href=\"https:\/\/news.google.com\/rss\/articles\/CBMitwFBVV95cUxQTWkwVkdhbXVpMllPN21na2dER1ZXTHZySHhrVEc0SlVZZUFoMmVGOVdLb1dCaDlYUHl2Z1VDY1JVMm5VNEg1dGN0N0xvRzZ5cUJzT2ZCNmN1Yzh2Y09nYjY2VTJ2T0gxNEYxZ09Md0k0M3FvXzNpUzk4Y2ExUjZ0RTFqOXZ0YzE1dGk5eGtDU2ExWGo0dnlJTnF4TjdzZ2ZSWXAzODZBVkZmR0JKNVFaVEdHbmMzVUU?oc=5\" target=\"_blank\" rel=\"nofollow noopener\">Ruch samolot\u00f3w na najwa\u017cniejszych lotniskach na Litwie wstrzymany<\/a>&nbsp;&nbsp;Next Gazeta.pl<\/li>\n<li><a href=\"https:\/\/news.google.com\/rss\/articles\/CBMingFBVV95cUxPQXdWOFJtMlBsZ3ZGU3JjU3J4c0dDbEd5d0M0YUJfNmZZSTJXekR5eE1ydHdaRjNSQTktazVpVXBPRElYaEpaNk5pc3lpWVZDNjhXcUhwdkVrV2ZsbEhLbzh1aVAzTHBCNXRudHJqdURZX0YxT3dKNGJfSmRBY3A2UzhRUFVUZU1TWDNBTnhXX2U3Z2tqaURaN3FkWmRTQQ?oc=5\" target=\"_blank\" rel=\"nofollow noopener\">Nalot balon\u00f3w nad Litw\u0119. Rz\u0105d zamyka granic\u0119 z Bia\u0142orusi\u0105<\/a>&nbsp;&nbsp;Onet Wiadomo\u015bci<\/li>\n<li><a href=\"https:\/\/news.google.com\/rss\/articles\/CBMiugFBVV95cUxONVc1VF9wZ3VNeDZmemlMOEdWNm1WY1FYTzFTSEdvZHV4WDdEM0RZcElYd0x6RFFKWkVXS1lWekRzX25ES1RLQ2NZMGVJaUJUWTBfd3JpQ29BZk8wU1VoVkdsdklnYjBVX3lMTTlURHJOaS1UazBsSU1OUmJiekRJUF9jZmRuX0dxMjNDNl8wNTFGMHZOLXBLOUxRcUR6ZVJreXZJdGVzZkUxX0dMMVFXOWx1cEJaZ2pfRUE?oc=5\" target=\"_blank\" rel=\"nofollow noopener\">S\u0105siad Polski tymczasowo zamyka lotniska. Wszystko przez Bia\u0142oru\u015b<\/a>&nbsp;&nbsp;Interia<\/li>\n<li><a href=\"https:\/\/news.google.com\/rss\/articles\/CBMiuAFBVV95cUxOUVZkMHdEWFpXU1Q1QTQ4OUs2MVVmOU9qcmJuRUJZSzVoYkEtTE0wUDRiSTlhTkhtamRISDYtQWlqNy1XLW1GX0FNWU1zMWV2REVmdDVEYy1VTU85RHU2N0lfRnFRQWYybnVhM3RYSFVIR2lZdGpDTi1PTUtnNk1GSEZtazNpbzhYY1JVdFJyOXpiNUkzbC13TTFDcjA1V3BQQk1BZ0NwWTktNFlRYlBPTzBIVURYMG1a?oc=5\" target=\"_blank\" rel=\"nofollow noopener\">Balony z Bia\u0142orusi nad Litw\u0105. Zamkni\u0119to lotniska i przej\u015bcia graniczne<\/a>&nbsp;&nbsp;PolsatNews.pl<\/li>\n<\/ol>\n","protected":false},"excerpt":{"rendered":"Balony z Bia\u0142orusi nad Litw\u0105. W\u0142adze zamkn\u0119\u0142y najwa\u017cniejsze lotniska&nbsp;&nbsp;Onet Wiadomo\u015bci Ruch samolot\u00f3w na najwa\u017cniejszych lotniskach na Litwie wstrzymany&nbsp;&nbsp;Next&hellip;\n","protected":false},"author":2,"featured_media":66991,"comment_status":"","ping_status":"","sticky":false,"template":"","format":"standard","meta":{"footnotes":""},"categories":[14],"tags":[699,32,33,27,12368,34,35,843,2995,28,31,48,25,46,4887,40,41,47,80,29,30,26,9498,82,83,84],"class_list":{"0":"post-66990","1":"post","2":"type-post","3":"status-publish","4":"format-standard","5":"has-post-thumbnail","7":"category-swiat","8":"tag-bialorus","9":"tag-breaking-news","10":"tag-breakingnews","11":"tag-headlines","12":"tag-kowno","13":"tag-latest-news","14":"tag-latestnews","15":"tag-litwa","16":"tag-lotnisko","17":"tag-naglowki","18":"tag-najwazniejsze-artykuly","19":"tag-nat_styl","20":"tag-news","21":"tag-omp","22":"tag-perso_tst1","23":"tag-polish","24":"tag-polski","25":"tag-screening_general","26":"tag-swiat","27":"tag-top-stories","28":"tag-topstories","29":"tag-wiadomosci","30":"tag-wilno","31":"tag-world","32":"tag-world-news","33":"tag-worldnews"},"share_on_mastodon":{"url":"https:\/\/pubeurope.com\/@pl\/115431124764112884","error":""},"_links":{"self":[{"href":"https:\/\/www.europesays.com\/pl\/wp-json\/wp\/v2\/posts\/66990","targetHints":{"allow":["GET"]}}],"collection":[{"href":"https:\/\/www.europesays.com\/pl\/wp-json\/wp\/v2\/posts"}],"about":[{"href":"https:\/\/www.europesays.com\/pl\/wp-json\/wp\/v2\/types\/post"}],"author":[{"embeddable":true,"href":"https:\/\/www.europesays.com\/pl\/wp-json\/wp\/v2\/users\/2"}],"replies":[{"embeddable":true,"href":"https:\/\/www.europesays.com\/pl\/wp-json\/wp\/v2\/comments?post=66990"}],"version-history":[{"count":0,"href":"https:\/\/www.europesays.com\/pl\/wp-json\/wp\/v2\/posts\/66990\/revisions"}],"wp:featuredmedia":[{"embeddable":true,"href":"https:\/\/www.europesays.com\/pl\/wp-json\/wp\/v2\/media\/66991"}],"wp:attachment":[{"href":"https:\/\/www.europesays.com\/pl\/wp-json\/wp\/v2\/media?parent=66990"}],"wp:term":[{"taxonomy":"category","embeddable":true,"href":"https:\/\/www.europesays.com\/pl\/wp-json\/wp\/v2\/categories?post=66990"},{"taxonomy":"post_tag","embeddable":true,"href":"https:\/\/www.europesays.com\/pl\/wp-json\/wp\/v2\/tags?post=66990"}],"curies":[{"name":"wp","href":"https:\/\/api.w.org\/{rel}","templated":true}]}}