{"id":669920,"date":"2026-09-05T21:09:26","date_gmt":"2026-09-05T21:09:26","guid":{"rendered":"https:\/\/www.europesays.com\/pl\/669920\/"},"modified":"2026-09-05T21:09:26","modified_gmt":"2026-09-05T21:09:26","slug":"jan-jurcec-w-slasku-wroclaw-jak-chorwat-z-polskimi-korzeniami-wzmocni-defensywe","status":"publish","type":"post","link":"https:\/\/www.europesays.com\/pl\/669920\/","title":{"rendered":"Jan Jurcec w \u015al\u0105sku Wroc\u0142aw. Jak Chorwat z polskimi korzeniami wzmocni defensyw\u0119?"},"content":{"rendered":"<p>Jan Jurcec nowym pi\u0142karzem \u015al\u0105ska Wroc\u0142aw. 25-letni prawy obro\u0144ca przeni\u00f3s\u0142 si\u0119 do dru\u017cyny z Dolnego \u015al\u0105ska na zasadzie transferu got\u00f3wkowego, wzmacniaj\u0105c defensyw\u0119 po ostatnich zmianach kadrowych. Czym jeszcze wyr\u00f3\u017cnia si\u0119 ten transfer?<\/p>\n<p class=\"toc__title\">Spis tre\u015bci<\/p>\n<p><a class=\"toc__link\" href=\"#nowy-prawy-obronca-w-ekstraklasie\">Nowy prawy obro\u0144ca w Ekstraklasie<\/a><a class=\"toc__link\" href=\"#kolejne-transfery-i-trudny-poczatek-sezonu\">Kolejne transfery i trudny pocz\u0105tek sezonu<\/a><\/p>\n<p>Nowy prawy obro\u0144ca w Ekstraklasie<\/p>\n<p>Jan Jurcec zasili\u0142 szeregi \u015al\u0105ska Wroc\u0142aw, przechodz\u0105c z ukrai\u0144skiego zespo\u0142u Krywbas Krzywy R\u00f3g. Chorwacki defensor ma 25 lat i posiada polskie korzenie &#8211; jego matka jest Polk\u0105, dzi\u0119ki czemu zawodnik dysponuje podw\u00f3jnym obywatelstwem.<\/p>\n<p>Kariera nowego gracza WKS-u rozwija\u0142a si\u0119 do tej pory za granic\u0105. W przesz\u0142o\u015bci reprezentowa\u0142 on barwy chorwackiego NK Kustosija Zagrzeb oraz austriackiego SCR Altach, sk\u0105d przeni\u00f3s\u0142 si\u0119 na Ukrain\u0119. W zespole z Dolnego \u015al\u0105ska podpisa\u0142 kontrakt obowi\u0105zuj\u0105cy a\u017c do czerwca 2029 roku.<\/p>\n<p>\u201eJan to istotne wzmocnienie naszej kadry. Po transferze Micha\u0142a Rosiaka formacja defensywna wymaga\u0142a poszerzenia i postanowili\u015bmy zareagowa\u0107. Dla klubu wa\u017cne by\u0142o r\u00f3wnie\u017c to, \u017ce Jan ma polskie obywatelstwo. W ten spos\u00f3b nie zaburzamy struktury narodowo\u015bciowej. To zawodnik, kt\u00f3ry ma do\u015bwiadczenie tak\u017ce w grze na innych pozycjach, r\u00f3wnie\u017c na pozycji skrzyd\u0142owego oraz lewego wahad\u0142owego\u201d \u2013 skomentowa\u0142 transfer na \u0142amach oficjalnej internetowej strony kluby dyrektor sportowy \u015al\u0105ska Rafa\u0142 Grodzicki.<\/p>\n<p>Kolejne transfery i trudny pocz\u0105tek sezonu<\/p>\n<p>To ju\u017c kolejne wzmocnienie ekipy trenera Ante Simundzy w ostatnich dniach. Wcze\u015bniej do \u015al\u0105ska Wroc\u0142aw do\u0142\u0105czyli Karol Linetty oraz Ieltsin Camoes. Seria transfer\u00f3w ma na celu popraw\u0119 wynik\u00f3w po s\u0142abym starcie rozgrywek.<\/p>\n<p>Wroc\u0142awska dru\u017cyna nie zachwyca form\u0105 na pocz\u0105tku sezonu. Po sze\u015bciu rozegranych spotkaniach w Ekstraklasie zawodnicy \u015al\u0105ska zgromadzili na swoim koncie tylko sze\u015b\u0107 punkt\u00f3w. Ju\u017c w niedziel\u0119, jutro o godzinie 20:15, zmierz\u0105 si\u0119 na wyje\u017adzie z Jagielloni\u0105 Bia\u0142ystok.<\/p>\n","protected":false},"excerpt":{"rendered":"Jan Jurcec nowym pi\u0142karzem \u015al\u0105ska Wroc\u0142aw. 25-letni prawy obro\u0144ca przeni\u00f3s\u0142 si\u0119 do dru\u017cyny z Dolnego \u015al\u0105ska na zasadzie&hellip;\n","protected":false},"author":2,"featured_media":669921,"comment_status":"","ping_status":"","sticky":false,"template":"","format":"standard","meta":{"footnotes":"","_share_on_mastodon":"0"},"categories":[51607],"tags":[42,38,40,39,41,1853],"class_list":["post-669920","post","type-post","status-publish","format-standard","has-post-thumbnail","category-wroclaw","tag-pl","tag-poland","tag-polish","tag-polska","tag-polski","tag-wroclaw"],"share_on_mastodon":{"url":"https:\/\/pubeurope.com\/@pl\/117220485799617319","error":""},"_links":{"self":[{"href":"https:\/\/www.europesays.com\/pl\/wp-json\/wp\/v2\/posts\/669920","targetHints":{"allow":["GET"]}}],"collection":[{"href":"https:\/\/www.europesays.com\/pl\/wp-json\/wp\/v2\/posts"}],"about":[{"href":"https:\/\/www.europesays.com\/pl\/wp-json\/wp\/v2\/types\/post"}],"author":[{"embeddable":true,"href":"https:\/\/www.europesays.com\/pl\/wp-json\/wp\/v2\/users\/2"}],"replies":[{"embeddable":true,"href":"https:\/\/www.europesays.com\/pl\/wp-json\/wp\/v2\/comments?post=669920"}],"version-history":[{"count":0,"href":"https:\/\/www.europesays.com\/pl\/wp-json\/wp\/v2\/posts\/669920\/revisions"}],"wp:featuredmedia":[{"embeddable":true,"href":"https:\/\/www.europesays.com\/pl\/wp-json\/wp\/v2\/media\/669921"}],"wp:attachment":[{"href":"https:\/\/www.europesays.com\/pl\/wp-json\/wp\/v2\/media?parent=669920"}],"wp:term":[{"taxonomy":"category","embeddable":true,"href":"https:\/\/www.europesays.com\/pl\/wp-json\/wp\/v2\/categories?post=669920"},{"taxonomy":"post_tag","embeddable":true,"href":"https:\/\/www.europesays.com\/pl\/wp-json\/wp\/v2\/tags?post=669920"}],"curies":[{"name":"wp","href":"https:\/\/api.w.org\/{rel}","templated":true}]}}