{"id":669940,"date":"2026-09-05T21:19:19","date_gmt":"2026-09-05T21:19:19","guid":{"rendered":"https:\/\/www.europesays.com\/pl\/669940\/"},"modified":"2026-09-05T21:19:19","modified_gmt":"2026-09-05T21:19:19","slug":"kanclerz-merz-oskarza-rosje-o-probe-zamachu-w-lipsku-o-malo-nie-doszlo-do-katastrofy","status":"publish","type":"post","link":"https:\/\/www.europesays.com\/pl\/669940\/","title":{"rendered":"Kanclerz Merz oskar\u017ca Rosj\u0119 o pr\u00f3b\u0119 zamachu w Lipsku. &#8222;O ma\u0142o nie dosz\u0142o do katastrofy&#8221;"},"content":{"rendered":"\n<p>&#13;<br \/>\nWed\u0142ug szefa niemieckiego rz\u0105du podczas sierpniowego incydentu o\u00a0ma\u0142o nie\u00a0dosz\u0142o do\u00a0katastrofy. W\u00a0pobli\u017cu ukrai\u0144skich samolot\u00f3w transportowych znaleziono drona wyposa\u017conego w\u00a0materia\u0142y wybuchowe. &#13;\n<\/p>\n<p>&#13;<br \/>\nFriedrich Merz odni\u00f3s\u0142 si\u0119 do\u00a0sprawy podczas spotkania cz\u0142onk\u00f3w CDU w\u00a0okolicach Hanoweru. Kanclerz poinformowa\u0142, \u017ce\u00a0niemieckie w\u0142adze jednoznacznie obarczaj\u0105 Moskw\u0119 odpowiedzialno\u015bci\u0105 za\u00a0<a href=\"https:\/\/dorzeczy.pl\/swiat\/938158\/pieskow-odrzuca-oskarzenia-niemiec-bezpodstawne.html\" title=\"Pieskow odrzuca oskar\u017cenia Niemiec. \u201eBezpodstawne\u201d\" rel=\"nofollow noopener\" target=\"_blank\">zdarzenie z\u00a0pocz\u0105tku sierpnia<\/a>. \u2013\u00a0Jednoznacznie przypisali\u015bmy Rosji odpowiedzialno\u015b\u0107 za\u00a0to\u00a0zdarzenie. Jest to\u00a0jasne, bezsporne i\u00a0ma mocne podstawy prawne \u2013\u00a0powiedzia\u0142 Merz. &#13;\n<\/p>\n<p>&#13;<br \/>\nW reakcji na\u00a0dzia\u0142ania przypisywane Rosji Niemcy zdecydowa\u0142y si\u0119 na\u00a0kolejne sankcje. Obejmuj\u0105 one m.in. zamkni\u0119cie Domu Rosyjskiego w\u00a0Berlinie oraz\u00a0rosyjskiego konsulatu generalnego w\u00a0Bonn. &#13;\n<\/p>\n<p>Merz: &#8222;Ka\u017cdy, kto nas atakuje, musi wiedzie\u0107&#8221;<\/p>\n<p>&#13;<br \/>\nKanclerz podkre\u015bli\u0142, \u017ce\u00a0podj\u0119te dzia\u0142ania maj\u0105 by\u0107 czytelnym ostrze\u017ceniem dla\u00a0Moskwy i\u00a0pokaza\u0107, \u017ce\u00a0Niemcy zamierzaj\u0105 reagowa\u0107 na\u00a0pr\u00f3by ingerencji i\u00a0sabota\u017cu. \u2013Ka\u017cdy, kto nas atakuje, musi wiedzie\u0107: jeste\u015bmy mocno zdecydowani broni\u0107 naszego pa\u0144stwa prawa, naszej demokracji, naszego otwartego spo\u0142ecze\u0144stwa, a\u00a0tak\u017ce integralno\u015bci naszego terytorium \u2013\u00a0o\u015bwiadczy\u0142. &#13;\n<\/p>\n<p>&#13;<br \/>\nMerz odni\u00f3s\u0142 si\u0119 r\u00f3wnie\u017c do\u00a0pojawiaj\u0105cych si\u0119 w\u00a0Niemczech postulat\u00f3w zako\u0144czenia wsparcia dla\u00a0Ukrainy. Okre\u015bli\u0142 takie \u017c\u0105dania jako &#8222;naiwne&#8221; i\u00a0zapewni\u0142, \u017ce\u00a0jego rz\u0105d nie\u00a0zamierza zmienia\u0107 dotychczasowego kursu. &#13;\n<\/p>\n<p>&#13;<br \/>\nWed\u0142ug kanclerza konflikt z\u00a0Rosj\u0105 po\u00a0rozpocz\u0119ciu przez ni\u0105 pe\u0142noskalowej inwazji na\u00a0Ukrain\u0119 w\u00a02022 roku nale\u017cy traktowa\u0107 jako znacznie powa\u017cniejsz\u0105 zmian\u0119 dla\u00a0bezpiecze\u0144stwa Europy ni\u017c\u00a0jedynie &#8222;punkt zwrotny&#8221;. \u2013\u00a0To\u00a0g\u0142\u0119boki prze\u0142om \u2013\u00a0stwierdzi\u0142 Merz. &#13;\n<\/p>\n<p>Dron z\u00a0materia\u0142ami wybuchowymi przy ukrai\u0144skich samolotach<\/p>\n<p>&#13;<br \/>\nDo pr\u00f3by ataku na\u00a0lotnisku Lipsk\/Halle dosz\u0142o 4\u00a0sierpnia. Znaleziono tam drona wyposa\u017conego w\u00a0materia\u0142y wybuchowe. Maszyna znajdowa\u0142a si\u0119 w\u00a0pobli\u017cu kilku ukrai\u0144skich samolot\u00f3w transportowych. &#13;\n<\/p>\n<p>&#13;<br \/>\nWed\u0142ug niemieckich medi\u00f3w \u015bledczy zidentyfikowali dw\u00f3ch podejrzanych \u2013\u00a0Bia\u0142orusina i\u00a0\u0141otysza, kt\u00f3rzy maj\u0105 by\u0107 powi\u0105zani z\u00a0Moskw\u0105. &#13;\n<\/p>\n<p>&#13;<br \/>\nMerz podkre\u015bli\u0142, \u017ce\u00a0sytuacja by\u0142a wyj\u0105tkowo niebezpieczna i\u00a0podczas pr\u00f3by zamachu o\u00a0ma\u0142o nie\u00a0dosz\u0142o do\u00a0katastrofy. Niemieckie w\u0142adze traktuj\u0105 spraw\u0119 jako element rosyjskich dzia\u0142a\u0144 sabota\u017cowych i\u00a0zapowiadaj\u0105 dalsz\u0105 obron\u0119 przed tego rodzaju zagro\u017ceniami. &#13;<\/p>\n","protected":false},"excerpt":{"rendered":"&#13; Wed\u0142ug szefa niemieckiego rz\u0105du podczas sierpniowego incydentu o\u00a0ma\u0142o nie\u00a0dosz\u0142o do\u00a0katastrofy. W\u00a0pobli\u017cu ukrai\u0144skich samolot\u00f3w transportowych znaleziono drona wyposa\u017conego&hellip;\n","protected":false},"author":2,"featured_media":669941,"comment_status":"","ping_status":"","sticky":false,"template":"","format":"standard","meta":{"footnotes":"","_share_on_mastodon":"0"},"categories":[14],"tags":[32,33,98,27,34,35,31274,3657,28,31,25,103,40,41,87,18456,80,29,30,26,82,83,84],"class_list":["post-669940","post","type-post","status-publish","format-standard","has-post-thumbnail","category-swiat","tag-breaking-news","tag-breakingnews","tag-dorzeczy","tag-headlines","tag-latest-news","tag-latestnews","tag-lipsk","tag-merz","tag-naglowki","tag-najwazniejsze-artykuly","tag-news","tag-obserwator-mediow","tag-polish","tag-polski","tag-rosja","tag-sabotaz","tag-swiat","tag-top-stories","tag-topstories","tag-wiadomosci","tag-world","tag-world-news","tag-worldnews"],"share_on_mastodon":{"url":"https:\/\/pubeurope.com\/@pl\/117220525145560113","error":""},"_links":{"self":[{"href":"https:\/\/www.europesays.com\/pl\/wp-json\/wp\/v2\/posts\/669940","targetHints":{"allow":["GET"]}}],"collection":[{"href":"https:\/\/www.europesays.com\/pl\/wp-json\/wp\/v2\/posts"}],"about":[{"href":"https:\/\/www.europesays.com\/pl\/wp-json\/wp\/v2\/types\/post"}],"author":[{"embeddable":true,"href":"https:\/\/www.europesays.com\/pl\/wp-json\/wp\/v2\/users\/2"}],"replies":[{"embeddable":true,"href":"https:\/\/www.europesays.com\/pl\/wp-json\/wp\/v2\/comments?post=669940"}],"version-history":[{"count":0,"href":"https:\/\/www.europesays.com\/pl\/wp-json\/wp\/v2\/posts\/669940\/revisions"}],"wp:featuredmedia":[{"embeddable":true,"href":"https:\/\/www.europesays.com\/pl\/wp-json\/wp\/v2\/media\/669941"}],"wp:attachment":[{"href":"https:\/\/www.europesays.com\/pl\/wp-json\/wp\/v2\/media?parent=669940"}],"wp:term":[{"taxonomy":"category","embeddable":true,"href":"https:\/\/www.europesays.com\/pl\/wp-json\/wp\/v2\/categories?post=669940"},{"taxonomy":"post_tag","embeddable":true,"href":"https:\/\/www.europesays.com\/pl\/wp-json\/wp\/v2\/tags?post=669940"}],"curies":[{"name":"wp","href":"https:\/\/api.w.org\/{rel}","templated":true}]}}