{"id":66996,"date":"2025-10-24T20:54:08","date_gmt":"2025-10-24T20:54:08","guid":{"rendered":"https:\/\/www.europesays.com\/pl\/66996\/"},"modified":"2025-10-24T20:54:08","modified_gmt":"2025-10-24T20:54:08","slug":"bruk-bet-termalica-nieciecza-zaglebie-lubin-relacja-na-zywo-przeglad-sportowy-onet","status":"publish","type":"post","link":"https:\/\/www.europesays.com\/pl\/66996\/","title":{"rendered":"Bruk-Bet Termalica Nieciecza &#8211; Zag\u0142\u0119bie Lubin [RELACJA NA \u017bYWO] &#8211; Przegl\u0105d Sportowy Onet"},"content":{"rendered":"<ol>\n<li><a href=\"https:\/\/news.google.com\/rss\/articles\/CBMi4wFBVV95cUxOeVdQay1GZTFzZm9rTHNvSFNLMjdjb2dLd2lpbEFmSlZMR0ozMWdjVi03ZHlQZUdhSUsyUXZLRzFyNWZZWkFsV2ZSRnNFamdoTGtOVWRoZ1JmbVB0bnRNNGNmVTFOdFlQb3N6R2NaVVJpRl8taWgzRW1vZ2d3YkQ1blEzZEludVdNQmpyQW1nc21UcmVoUWRaMmxYRlMyR0ctM1RTLXh1UlNfUDhKakMweGxRUmVMR2NveXVOVVJGM2hfX3gtMXBBajI2OFpUM3RlYVREbzRiNHRXSnRtRlEzU3lIdw?oc=5\" target=\"_blank\" rel=\"nofollow noopener\">Bruk-Bet Termalica Nieciecza &#8211; Zag\u0142\u0119bie Lubin [RELACJA NA \u017bYWO]<\/a>&nbsp;&nbsp;Przegl\u0105d Sportowy Onet<\/li>\n<li><a href=\"https:\/\/news.google.com\/rss\/articles\/CBMivAFBVV95cUxNM19ybVF2YWc4ODhfWDBUSlhodUpZdVZnSmU1NHRxZEtuLU1lNXNERUk2SkFRZi14TDljODlOcUo2dS1vYzhJcWtqdk5uY0VUN0QxZjlyWVZDa2tibkhWRFN0Ync0QkUyQWU0dlAwdUhfRWpSU3RYalIyQ2trMXBZb0JUOUNwNDNYeGpZMmdGY0N4RVEtb3FVU3lzVDN4TnpXTHRKeGU4aHNaalJEYUliQk9FTDc4UUhIdS1hZw?oc=5\" target=\"_blank\" rel=\"nofollow noopener\">Ekstraklasa: Rzut karny i czerwona kartka w Niecieczy na otwarcie kolejki<\/a>&nbsp;&nbsp;SportoweFakty<\/li>\n<li><a href=\"https:\/\/news.google.com\/rss\/articles\/CBMiuAFBVV95cUxPUVA4NDJwcWlSeHJWbDVrN3JlMy1STlpqcHN1SVd3MmpxeWo2aGlDaXVUejNpbEJES1p1SkZ2UmNVVi00Mm5FbVJnc0VvNzhUblVMXzJFQmpRdFdzZzFldXhFTEs5UUlld185Uk4zVVVDcDNJZzlIZnFHZDB1cU9welNYUnRNOHpQRUREWlBvRE9US2V6NEQ0QzV6cDItMl9zdFlIVEVnVUVOT1hCSnFCXzdMaEFoVlNS?oc=5\" target=\"_blank\" rel=\"nofollow noopener\">Trener Zag\u0142\u0119bia grzmi po meczu. Wspomnia\u0142 o&#8230; depilacji<\/a>&nbsp;&nbsp;Przegl\u0105d Sportowy Onet<\/li>\n<li><a href=\"https:\/\/news.google.com\/rss\/articles\/CBMingFBVV95cUxPYVZxc2YzdjI4NVJYUHViUG5UNE1kLVl5MU1oWEpsUkNheVNkTTBab0hVTWFteHVXXzhOTjgwZGtQSC1zbUg0eTd6aHVNTy02dDV4X3VOTUNoM3VqWEx4WWh2emw3TnVhSmNpMWE1MVprUUo0ZmVtQ0RjRkluMkppQ29qd3hleXVIWFoxNzZrN1g4c1lYbDF1SG53eWhTZw?oc=5\" target=\"_blank\" rel=\"nofollow noopener\">Ale\u017c transparent w Ekstraklasie. Ni rebus, ni wydra<\/a>&nbsp;&nbsp;Meczyki.pl<\/li>\n<li><a href=\"https:\/\/news.google.com\/rss\/articles\/CBMi1wFBVV95cUxOeklDMTNnUDExdjM5QWhSNFkyY2d4UGU4YmFLdllNYi1wdzFhMEp6TUdJY29MNi1fQ3hTcUxvRTNPbmUyV2lubVVaQVVDQjlvbWdQSElPcGd0MzhvbHd2NmxIYXBGTHM2S3c0dG5qZWhyNlAtbVIzOTJ6a1JibnQtdE5EQjJqcTg3Z1kzVVRWU0E3SWFTVTk0emwtUmpVSkgtbU5kNVNKc3J4MGF2WGM2OEpZRFAwSkUxdl9Sd093UlpkQndqd2E3YWZMcnM0OXdHVG9lUFVhOA?oc=5\" target=\"_blank\" rel=\"nofollow noopener\">PKO BP Ekstraklasa: Bruk-Bet Termalica Nieciecza &#8211; Zag\u0142\u0119bie Lubin. Relacja live i wynik na \u017cywo<\/a>&nbsp;&nbsp;www.polsatsport.pl<\/li>\n<\/ol>\n","protected":false},"excerpt":{"rendered":"Bruk-Bet Termalica Nieciecza &#8211; Zag\u0142\u0119bie Lubin [RELACJA NA \u017bYWO]&nbsp;&nbsp;Przegl\u0105d Sportowy Onet Ekstraklasa: Rzut karny i czerwona kartka w&hellip;\n","protected":false},"author":2,"featured_media":66997,"comment_status":"","ping_status":"","sticky":false,"template":"","format":"standard","meta":{"footnotes":""},"categories":[24],"tags":[2805,274,188,186,2475,42,38,40,39,41,136,10987,128,47,127,135,126,3376],"class_list":{"0":"post-66996","1":"post","2":"type-post","3":"status-publish","4":"format-standard","5":"has-post-thumbnail","7":"category-sport","8":"tag-bruk_bet_termalica_nieciecza","9":"tag-ekstraklasa","10":"tag-liveblog","11":"tag-na_zywo","12":"tag-pko_ekstraklasa","13":"tag-pl","14":"tag-poland","15":"tag-polish","16":"tag-polska","17":"tag-polski","18":"tag-ps_detal_new","19":"tag-ps_sts_tst1","20":"tag-psv2","21":"tag-screening_general","22":"tag-sport","23":"tag-sport_sport","24":"tag-sports","25":"tag-zaglebie_lubin"},"share_on_mastodon":{"url":"https:\/\/pubeurope.com\/@pl\/115431136602218307","error":""},"_links":{"self":[{"href":"https:\/\/www.europesays.com\/pl\/wp-json\/wp\/v2\/posts\/66996","targetHints":{"allow":["GET"]}}],"collection":[{"href":"https:\/\/www.europesays.com\/pl\/wp-json\/wp\/v2\/posts"}],"about":[{"href":"https:\/\/www.europesays.com\/pl\/wp-json\/wp\/v2\/types\/post"}],"author":[{"embeddable":true,"href":"https:\/\/www.europesays.com\/pl\/wp-json\/wp\/v2\/users\/2"}],"replies":[{"embeddable":true,"href":"https:\/\/www.europesays.com\/pl\/wp-json\/wp\/v2\/comments?post=66996"}],"version-history":[{"count":0,"href":"https:\/\/www.europesays.com\/pl\/wp-json\/wp\/v2\/posts\/66996\/revisions"}],"wp:featuredmedia":[{"embeddable":true,"href":"https:\/\/www.europesays.com\/pl\/wp-json\/wp\/v2\/media\/66997"}],"wp:attachment":[{"href":"https:\/\/www.europesays.com\/pl\/wp-json\/wp\/v2\/media?parent=66996"}],"wp:term":[{"taxonomy":"category","embeddable":true,"href":"https:\/\/www.europesays.com\/pl\/wp-json\/wp\/v2\/categories?post=66996"},{"taxonomy":"post_tag","embeddable":true,"href":"https:\/\/www.europesays.com\/pl\/wp-json\/wp\/v2\/tags?post=66996"}],"curies":[{"name":"wp","href":"https:\/\/api.w.org\/{rel}","templated":true}]}}