{"id":669972,"date":"2026-09-05T21:45:13","date_gmt":"2026-09-05T21:45:13","guid":{"rendered":"https:\/\/www.europesays.com\/pl\/669972\/"},"modified":"2026-09-05T21:45:13","modified_gmt":"2026-09-05T21:45:13","slug":"tak-wyglada-ranking-wta-po-meczu-swiatek-bouzkova-w-us-open-us-open","status":"publish","type":"post","link":"https:\/\/www.europesays.com\/pl\/669972\/","title":{"rendered":"Tak wygl\u0105da ranking WTA po meczu \u015awi\u0105tek &#8211; Bouzkova w US Open US Open"},"content":{"rendered":"<p class=\"art_paragraph\"><a href=\"https:\/\/www.sport.pl\/tenis\/7,64987,32968306,eksperci-pieja-z-zachwytu-po-sukcesie-swiatek-dawna-iga-wrocila.html#anchorLink\" rel=\"nofollow noopener\" target=\"_blank\">Iga \u015awi\u0105tek<\/a> kontynuuje zwyci\u0119ski marsz w tegorocznym <a href=\"https:\/\/www.sport.pl\/tenis\/0,101357.html#anchorLink\" rel=\"nofollow noopener\" target=\"_blank\">US Open<\/a>. Polka po dw\u00f3ch pewnych wygranych nad Xiyu Wang i Nadi\u0105 Podorosk\u0105 do\u0142o\u017cy\u0142a trzeci triumf. Tym razem pokona\u0142a Czeszk\u0119 Marie Bouzkov\u0105 i zameldowa\u0142a si\u0119 w IV rundzie zmaga\u0144. Powody do zadowolenia mo\u017ce mie\u0107 tak\u017ce za spraw\u0105 punkt\u00f3w do \u015bwiatowego rankingu, jakie w\u0142a\u015bnie wywalczy\u0142a.<\/p>\n<p>\n    Zobacz wideo Giganci chcieli u siebie Marka Citko: Pyta\u0142y o mnie Liverpool, Arsenal, Inter i Milan\n  <\/p>\n<p> \u015awi\u0105tek goni rywalki w rankingu WTA. Jest blisko!<\/p>\n<p class=\"art_paragraph\">Za przej\u015bcie III rundy naszej tenisistce nale\u017ca\u0142o si\u0119 110 punkt\u00f3w. Dzi\u0119ki nim powi\u0119kszy\u0142a sw\u00f3j dorobek do\u00a04619 punkt\u00f3w. Na ten moment wci\u0105\u017c daje jej to 9. pozycj\u0119, na kt\u00f3r\u0105 \u015awi\u0105tek spad\u0142a w rankingu live po odpisaniu punkt\u00f3w za ubieg\u0142oroczn\u0105 rywalizacj\u0119 w Nowym Jorku. Przed 25-latk\u0105 rysuje si\u0119 jednak perspektywa szybkiego awansu.<\/p>\n<p class=\"art_paragraph\">A to dlatego, \u017ce niewiele traci do wyprzedzaj\u0105cych j\u0105 rywalek. Od \u00f3smej Karoliny Muchovej dziel\u0105 j\u0105 raptem\u00a064 punkty, a od si\u00f3dmej Jeliny Switoliny &#8211;\u00a0190. W dodatku zar\u00f3wno Czeszka, jak i Ukrainka po\u017cegna\u0142y si\u0119 ju\u017c z US Open. <a href=\"https:\/\/www.sport.pl\/karolina-muchova#anchorLink\" rel=\"nofollow noopener\" target=\"_blank\">Muchova<\/a> w III rundzie przegra\u0142a z Emm\u0105 Navarro, a Switolina z Ann\u0105 Kalinsk\u0105. Obie nie powi\u0119ksz\u0105 wi\u0119c swojego dorobku, a zatem 25-latka wyprzedzi je, je\u015bli tylko awansuje do \u0107wier\u0107fina\u0142u.\u00a0<\/p>\n<p class=\"art_paragraph\">Zobacz te\u017c: <a href=\"https:\/\/www.sport.pl\/tenis\/7,64987,33006636,sensacja-w-us-open-swiatek-traci-rywalke-z-czolowki.html\" class=\"art_link\" rel=\"dofollow noopener\" target=\"_blank\">Sensacja w US Open! \u015awi\u0105tek traci rywalk\u0119 z czo\u0142\u00f3wki <\/a><\/p>\n<p> Tak wygl\u0105da ranking WTA. \u015awi\u0105tek daleko od podium<\/p>\n<p class=\"art_paragraph\">Znacznie wi\u0119ksz\u0105 strat\u0119 \u015awi\u0105tek ma do sz\u00f3stej w tym momencie Lindy Noskovej. Mowa tu o r\u00f3\u017cnicy rz\u0119du\u00a0519 &#8222;oczek&#8221;. Poza zasi\u0119giem Polki jest te\u017c pierwsza tr\u00f3jka, do kt\u00f3rej traci ponad dwa tysi\u0105ce punkt\u00f3w. Liderk\u0105 w zestawieniu live jest\u00a0<a href=\"https:\/\/www.sport.pl\/jelena-rybakina#anchorLink\" rel=\"nofollow noopener\" target=\"_blank\">Jelena Rybakina<\/a>, kt\u00f3ra wyprzedza pierwsz\u0105 w oficjalnym notowaniu Aryn\u0119 Sabalenk\u0119 oraz trzeci\u0105 Jessic\u0119 Pegul\u0119.<\/p>\n<p class=\"art_paragraph\">Opr\u00f3cz \u015awi\u0105tek w najlepszej setce rankingu s\u0105 jeszcze trzy inne Polki. 25. jest Maja Chwali\u0144ska, 56. Magdalena Fr\u0119ch, a 73. Magda Linette. \u017badna z nich ju\u017c swojej pozycji nie poprawi, bo wszystkie odpad\u0142y z US Open ju\u017c w pierwszej rundzie.<\/p>\n<p class=\"art_paragraph\">Ranking WTA po meczu Iga \u015awi\u0105tek &#8211; Marie Bouzkova w US Open:<\/p>\n<ul class=\"art_uList\">\n<li class=\"art_list_el\">1. Jelena Rybakina (Kazachstan) &#8211; 8031 pkt (max 9901)<\/li>\n<li class=\"art_list_el\">2. Aryna Sabalenka (Bia\u0142oru\u015b) &#8211; 6815 pkt (max 8575)<\/li>\n<li class=\"art_list_el\">3. Jessica Pegula (USA) &#8211; 6725 pkt (max 8485)<\/li>\n<li class=\"art_list_el\">4. Coco Gauff (USA) &#8211; 6594 pkt (max 8464)<\/li>\n<li class=\"art_list_el\">5. Mirra Andriejewa (Rosja) &#8211; 5553 pkt (max 7313)<\/li>\n<li class=\"art_list_el\">6. Linda Noskova (Czechy) &#8211; 5138 pkt (max 6898)<\/li>\n<li class=\"art_list_el\">7. Elina Switolina (Ukraina) &#8211; 4809 pkt<\/li>\n<li class=\"art_list_el\">8. Karolina Muchova (Czechy) &#8211; 4683 pkt<\/li>\n<li class=\"art_list_el\">9. Iga \u015awi\u0105tek (Polska) &#8211; 4619 pkt (max 6379)<\/li>\n<li class=\"art_list_el\">10. Marta Kostiuk (Ukraina) &#8211; 3980 pkt (max 5740)<\/li>\n<li class=\"art_list_el\">&#8230;<\/li>\n<li class=\"art_list_el\">25. Maja Chwali\u0144ska &#8211;\u00a01888 pkt\u00a0<\/li>\n<li class=\"art_list_el\">56. Magdalena Fr\u0119ch &#8211; 1032 pkt\u00a0<\/li>\n<li class=\"art_list_el\">73. Magda Linette &#8211; 916 pkt\u00a0<\/li>\n<\/ul>\n","protected":false},"excerpt":{"rendered":"Iga \u015awi\u0105tek kontynuuje zwyci\u0119ski marsz w tegorocznym US Open. Polka po dw\u00f3ch pewnych wygranych nad Xiyu Wang i&hellip;\n","protected":false},"author":2,"featured_media":669973,"comment_status":"","ping_status":"","sticky":false,"template":"","format":"standard","meta":{"footnotes":"","_share_on_mastodon":"0"},"categories":[24],"tags":[42,38,40,39,41,127,126],"class_list":["post-669972","post","type-post","status-publish","format-standard","has-post-thumbnail","category-sport","tag-pl","tag-poland","tag-polish","tag-polska","tag-polski","tag-sport","tag-sports"],"share_on_mastodon":{"url":"https:\/\/pubeurope.com\/@pl\/117220627332251245","error":""},"_links":{"self":[{"href":"https:\/\/www.europesays.com\/pl\/wp-json\/wp\/v2\/posts\/669972","targetHints":{"allow":["GET"]}}],"collection":[{"href":"https:\/\/www.europesays.com\/pl\/wp-json\/wp\/v2\/posts"}],"about":[{"href":"https:\/\/www.europesays.com\/pl\/wp-json\/wp\/v2\/types\/post"}],"author":[{"embeddable":true,"href":"https:\/\/www.europesays.com\/pl\/wp-json\/wp\/v2\/users\/2"}],"replies":[{"embeddable":true,"href":"https:\/\/www.europesays.com\/pl\/wp-json\/wp\/v2\/comments?post=669972"}],"version-history":[{"count":0,"href":"https:\/\/www.europesays.com\/pl\/wp-json\/wp\/v2\/posts\/669972\/revisions"}],"wp:featuredmedia":[{"embeddable":true,"href":"https:\/\/www.europesays.com\/pl\/wp-json\/wp\/v2\/media\/669973"}],"wp:attachment":[{"href":"https:\/\/www.europesays.com\/pl\/wp-json\/wp\/v2\/media?parent=669972"}],"wp:term":[{"taxonomy":"category","embeddable":true,"href":"https:\/\/www.europesays.com\/pl\/wp-json\/wp\/v2\/categories?post=669972"},{"taxonomy":"post_tag","embeddable":true,"href":"https:\/\/www.europesays.com\/pl\/wp-json\/wp\/v2\/tags?post=669972"}],"curies":[{"name":"wp","href":"https:\/\/api.w.org\/{rel}","templated":true}]}}