{"id":669974,"date":"2026-09-05T21:46:18","date_gmt":"2026-09-05T21:46:18","guid":{"rendered":"https:\/\/www.europesays.com\/pl\/669974\/"},"modified":"2026-09-05T21:46:18","modified_gmt":"2026-09-05T21:46:18","slug":"ranczo-juz-wywoluje-ogromne-emocje-tak-internauci-oceniaja-zwiastun","status":"publish","type":"post","link":"https:\/\/www.europesays.com\/pl\/669974\/","title":{"rendered":"&#8222;Ranczo&#8221; ju\u017c wywo\u0142uje ogromne emocje. Tak internauci oceniaj\u0105 zwiastun"},"content":{"rendered":"<p>Telewizja Polska emitowa\u0142a &#8222;<a href=\"https:\/\/plejada.pl\/temat\/ranczo-serial\/rf950fk\" id=\"a441fedb-4960-41f3-8624-4deccab07860\" rel=\"nofollow noopener\" target=\"_blank\">Ranczo<\/a>&#8221; w latach 2006-2016, a gdy serial znikn\u0105\u0142 z anteny, wierni fani szybko zacz\u0119li domaga\u0107 si\u0119 kontynuacji. Nie ma si\u0119 co dziwi\u0107 \u2014 by\u0142a to w\u00f3wczas jedna z najch\u0119tniej i najliczniej ogl\u0105danych produkcji, a statystyki tylko potwierdzaj\u0105, jak du\u017c\u0105 sympati\u0105 widz\u00f3w cieszyli si\u0119 mieszka\u0144cy Wilkowyj. Po dekadzie oczekiwa\u0144 w ko\u0144cu zapad\u0142a decyzja o nakr\u0119ceniu jeszcze jednego, sze\u015bcioodcinkowego sezonu, kt\u00f3ry domknie losy bohater\u00f3w.Dalszy ci\u0105g artyku\u0142u pod materia\u0142em wideoZwiastun &#8222;Rancza&#8221; podzieli\u0142 internaut\u00f3w. &#8222;Czekam&#8221; vs &#8222;To si\u0119 nie uda&#8221;<a href=\"https:\/\/www.onet.pl\/\" title=\"Strona G\u0142\u00f3wna\" aria-label=\"Strona G\u0142\u00f3wna\" data-astro-prefetch=\"tap\" class=\"ods-a-logo-main-desktop\" rel=\"nofollow noopener\" target=\"_blank\"><img src=\"https:\/\/cdn.plejada.pl\/img\/Logo_desktop_Onet.svg\" class=\"ods-a-logo-main-desktop__image\" alt=\"Logo\" width=\"107\" height=\"60\" fetchpriority=\"high\" decoding=\"sync\" style=\"height:60px\"\/><\/a><\/p>\n<p class=\"ods-m-google-article__text\">Czytaj nas cz\u0119\u015bciej w Google<\/p>\n<p><a href=\"https:\/\/google.com\/preferences\/source?q=plejada.pl\" target=\"_blank\" rel=\"noopener noreferrer nofollow\" aria-label=\"Dodaj w Google\" title=\"Dodaj w Google\" class=\"ods-a-button ods-a-button__primary ods-a-button__default ods-a-button-l\">Dodaj w Google<\/a><\/p>\n<p>Po raz pierwszy od lat widzowie mogli zobaczy\u0107 aktor\u00f3w &#8222;Rancza&#8221; w komplecie na jesiennej ram\u00f3wce Telewizji Polskiej. Cezary \u017bak zdradzi\u0142 w\u00f3wczas, \u017ce pierwszy odcinek nowej serii zostanie wyemitowany dok\u0142adnie 6 grudnia, a podczas oficjalnej cz\u0119\u015bci imprezy wy\u015bwietlony zosta\u0142 zwiastun serialu.<\/p>\n<p>Gdy zapowied\u017a produkcji trafi\u0142a r\u00f3wnie\u017c do sieci, internauci ruszyli do sekcji komentarzy, aby tam wyrazi\u0107 swoje opinie. Okazuje si\u0119, \u017ce &#8222;Ranczo&#8221; jeszcze nie trafi\u0142o na anten\u0119, a ju\u017c polaryzuje. Fani serialu podzielili si\u0119 na dwa obozy \u2014 tych, kt\u00f3rzy po zwiastunie b\u0119d\u0105 oczekiwa\u0107 premiery z jeszcze wi\u0119ksz\u0105 niecierpliwo\u015bci\u0105 i tych, kt\u00f3rzy przyznali, \u017ce to ju\u017c chyba nie b\u0119dzie to samo, co 10 lat temu.<\/p>\n<p>&#8222;Fabu\u0142a wygl\u0105da obiecuj\u0105co&#8221;, &#8222;Nie mog\u0119 si\u0119 doczeka\u0107&#8221;, &#8222;\u00bbRanczo\u00ab zawsze super!&#8221;, &#8222;Zapowiada si\u0119 ciekawie&#8221;, &#8222;No ju\u017c czekam&#8221;, &#8222;O mamunciu&#8221;, &#8222;Cudownie&#8221;, &#8222;Czekamy, kochani&#8221; \u2014 pisz\u0105 jedni.<\/p>\n<p>&#8222;Nie podobaj\u0105 mi si\u0119 kadry. S\u0105 pozbawione tego ranczowego DNA, zbyt dynamiczne. Kolory te\u017c jakie\u015b takie inne i obawiam si\u0119, \u017ce klimat zabije scenariusz&#8221;, &#8222;Strasznie mnie wkurza ten nowo telewizyjny kadr oraz rozmazane t\u0142o. Tak samo og\u00f3lna, wr\u0119cz ra\u017c\u0105ca w oczy jasno\u015b\u0107, ca\u0142kowicie inaczej ni\u017c w starych sezonach&#8221;, &#8222;Oj, te kadry nie wygl\u0105daj\u0105 najlepiej. Ponadto co\u015b czuj\u0119, \u017ce w\u0105tek z wied\u017amami b\u0119dzie mia\u0142ki i naci\u0105gany&#8221; \u2014 twierdz\u0105 inni.<\/p>\n<p><img class=\"ods-a-photo ods-a-photo--background\" src=\"https:\/\/www.europesays.com\/pl\/wp-content\/uploads\/2026\/09\/1788644775_605_UYYk9lBaHR0cHM6Ly9vY2RuLmV1L3B1bHNjbXMvTURBXy8yNTE3YTdkM2Q3YzkxZTdkODkzOTNkY2Q4ZjMyNGZhNy5qcGeRkwXNB.jpeg\" height=\"627\" width=\"940\" alt=\"Aktorzy &quot;Rancza&quot;\" loading=\"lazy\" fetchpriority=\"auto\" decoding=\"auto\" url=\"https:\/\/ocdn.eu\/pulscms\/MDA_\/2517a7d3d7c91e7d89393dcd8f324fa7.jpg\" description=\"Aktorzy &quot;Rancza&quot;\" author=\"Pi\u0119tka Mieszko \/ AKPA\" source=\"\" link=\"\"\/><\/p>\n<p>Pi\u0119tka Mieszko \/ AKPA<\/p>\n<p>Aktorzy &#8222;Rancza&#8221;<\/p>\n<p><img class=\"ods-a-photo ods-a-photo--background\" src=\"https:\/\/www.europesays.com\/pl\/wp-content\/uploads\/2026\/09\/voWk9lBaHR0cHM6Ly9vY2RuLmV1L3B1bHNjbXMvTURBXy8zZGI5ZWZhYjU0NGIyNTE3MGM5NmZkMmJiZDgzYjQ0Mi5qcGeRkwXNB.jpeg\" height=\"627\" width=\"940\" alt=\"Aktorzy &quot;Rancza&quot;\" loading=\"lazy\" fetchpriority=\"auto\" decoding=\"auto\" url=\"https:\/\/ocdn.eu\/pulscms\/MDA_\/3db9efab544b25170c96fd2bbd83b442.jpg\" description=\"Aktorzy &quot;Rancza&quot;\" author=\"MW Media\" source=\"\" link=\"\"\/><\/p>\n<p>MW Media<\/p>\n<p>Aktorzy &#8222;Rancza&#8221;<\/p>\n<p class=\"ods-o-frame-in-text__paragraph\">Zobacz tak\u017ce:<\/p>\n<p class=\"ods-o-frame-in-text__paragraph\"><a href=\"https:\/\/www.onet.pl\/kultura\/onetkultura\/3-sezon-1670-czyli-polska-w-rozkladzie-recenzja\/4ldvmlh,681c1dfa?tpcc=202608_bloczek_plejada\" id=\"43d43491-cbb9-416f-aacf-5c7593d9e63c\" rel=\"nofollow noopener\" target=\"_blank\">3. sezon &#8222;1670&#8221;, czyli Polska w rozk\u0142adzie [RECENZJA]<\/a><\/p>\n<p><img class=\"ods-a-photo ods-a-photo--background\" src=\"https:\/\/www.europesays.com\/pl\/wp-content\/uploads\/2026\/09\/1788644778_580_VVak9lBaHR0cHM6Ly9vY2RuLmV1L3B1bHNjbXMvTURBXy8wMWZmNWVmMDIzMzE2M2ZmODM5MWQ3ZDQ0NjM3NTVmYS5qcGeRlQLNA.jpeg\" height=\"253\" width=\"450\" alt=\"Bart\u0142omiej Topa w &quot;1670&quot; \" loading=\"lazy\" fetchpriority=\"low\" decoding=\"async\"\/>Dzi\u0119kujemy, \u017ce przeczyta\u0142a\u015b\/e\u015b nasz artyku\u0142 do ko\u0144ca. W serwisie Plejada.pl ka\u017cdego dnia piszemy o najwa\u017cniejszych wydarzeniach show-biznesowych. B\u0105d\u017a na bie\u017c\u0105co!<a rel=\"nofollow noopener\" href=\"https:\/\/profile.google.com\/cp\/Cg0vZy8xMWJ6X19wdHBx\" id=\"a3322456-f457-403e-b5ed-aca4252cfc1f\" target=\"_blank\"> Obserwuj<\/a> Plejad\u0119 w Google. Odwied\u017a nas tak\u017ce na<a rel=\"nofollow noopener\" href=\"https:\/\/www.facebook.com\/plejadapl\" id=\"be427824-f2ed-42a0-96c1-6e7f8bb52891\" target=\"_blank\"> Facebooku<\/a>,<a rel=\"nofollow noopener\" href=\"https:\/\/www.instagram.com\/plejadapl\/\" id=\"d1d6b3b0-403e-456a-a664-44197cc78339\" target=\"_blank\"> Instagramie<\/a>,<a rel=\"nofollow noopener\" href=\"https:\/\/www.youtube.com\/c\/plejada\" id=\"392ce6fb-e357-45fa-9727-55816b6b42d7\" target=\"_blank\"> YouTubie<\/a> oraz<a rel=\"nofollow noopener\" href=\"https:\/\/www.tiktok.com\/@plejada_pl\" id=\"2dba55c9-a2fc-4a9b-859a-83c31ceaecd9\" target=\"_blank\"> TikToku<\/a>.Chcesz podzieli\u0107 si\u0119 ciekawym newsem lub zaproponowa\u0107 temat? Skontaktuj si\u0119 z nami, pisz\u0105c maila na adres: <a rel=\"nofollow noopener\" href=\"https:\/\/plejada.pl\/newsy\/ranczo-juz-wywoluje-ogromne-emocje-tak-internauci-oceniaja-zwiastun\/mailto:plejada@redakcjaonet.pl\" id=\"72b17f66-2904-4590-ad29-3c384028e4e8\" target=\"_blank\">plejada@redakcjaonet.pl<\/a>.<script async src=\"\/\/www.instagram.com\/embed.js\"><\/script><script async src=\"\/\/www.tiktok.com\/embed.js\"><\/script><\/p>\n","protected":false},"excerpt":{"rendered":"Telewizja Polska emitowa\u0142a &#8222;Ranczo&#8221; w latach 2006-2016, a gdy serial znikn\u0105\u0142 z anteny, wierni fani szybko zacz\u0119li domaga\u0107&hellip;\n","protected":false},"author":2,"featured_media":669975,"comment_status":"","ping_status":"","sticky":false,"template":"","format":"standard","meta":{"footnotes":"","_share_on_mastodon":"0"},"categories":[22],"tags":[61195,122,48,125,46,42,38,40,39,41,20710,123,47,218],"class_list":["post-669974","post","type-post","status-publish","format-standard","has-post-thumbnail","category-rozrywka","tag-bottomfeed_styl","tag-entertainment","tag-nat_styl","tag-newsy","tag-omp","tag-pl","tag-poland","tag-polish","tag-polska","tag-polski","tag-ranczo_serial","tag-rozrywka","tag-screening_general","tag-seriale"],"share_on_mastodon":{"url":"","error":""},"_links":{"self":[{"href":"https:\/\/www.europesays.com\/pl\/wp-json\/wp\/v2\/posts\/669974","targetHints":{"allow":["GET"]}}],"collection":[{"href":"https:\/\/www.europesays.com\/pl\/wp-json\/wp\/v2\/posts"}],"about":[{"href":"https:\/\/www.europesays.com\/pl\/wp-json\/wp\/v2\/types\/post"}],"author":[{"embeddable":true,"href":"https:\/\/www.europesays.com\/pl\/wp-json\/wp\/v2\/users\/2"}],"replies":[{"embeddable":true,"href":"https:\/\/www.europesays.com\/pl\/wp-json\/wp\/v2\/comments?post=669974"}],"version-history":[{"count":0,"href":"https:\/\/www.europesays.com\/pl\/wp-json\/wp\/v2\/posts\/669974\/revisions"}],"wp:featuredmedia":[{"embeddable":true,"href":"https:\/\/www.europesays.com\/pl\/wp-json\/wp\/v2\/media\/669975"}],"wp:attachment":[{"href":"https:\/\/www.europesays.com\/pl\/wp-json\/wp\/v2\/media?parent=669974"}],"wp:term":[{"taxonomy":"category","embeddable":true,"href":"https:\/\/www.europesays.com\/pl\/wp-json\/wp\/v2\/categories?post=669974"},{"taxonomy":"post_tag","embeddable":true,"href":"https:\/\/www.europesays.com\/pl\/wp-json\/wp\/v2\/tags?post=669974"}],"curies":[{"name":"wp","href":"https:\/\/api.w.org\/{rel}","templated":true}]}}