{"id":670002,"date":"2026-09-05T22:10:16","date_gmt":"2026-09-05T22:10:16","guid":{"rendered":"https:\/\/www.europesays.com\/pl\/670002\/"},"modified":"2026-09-05T22:10:16","modified_gmt":"2026-09-05T22:10:16","slug":"wroclawska-policja-szuka-13-latki-zolta-nota-interpolu-2","status":"publish","type":"post","link":"https:\/\/www.europesays.com\/pl\/670002\/","title":{"rendered":"Wroc\u0142awska policja szuka 13-latki. &#8222;\u017b\u00f3\u0142ta nota Interpolu&#8221;"},"content":{"rendered":"<p class=\"article-p\" data-section=\"detail-body\">Ze zdj\u0119cia u\u015bmiecha si\u0119 13-latka o ciemnych w\u0142osach. Ma na imi\u0119 Anand i jest obywatelk\u0105 Brazylii. Dziewczynka <a href=\"https:\/\/www.fakt.pl\/wydarzenia\/polska\/lodz\/zaginela-matka-z-9-letnim-synem-szuka-ich-policja-szli-w-strone-kosciola\/dv8fyrg\" id=\"e37871f8-af3f-47e6-ab3e-2b7158d2d197\" rel=\"nofollow noopener\" target=\"_blank\">zagin\u0119\u0142a<\/a> w czwartkowy poranek, 3 wrze\u015bnia.<\/p>\n<p>        Dalszy ci\u0105g artyku\u0142u pod materia\u0142em wideo <\/p>\n<p>        Wroc\u0142aw. Zagin\u0119\u0142a 13-latka z Brazylii. Policja szuka Anand<\/p>\n<p class=\"article-p\" data-section=\"detail-body\">Wroc\u0142awscy funkcjonariusze z Komisariatu Policji Wroc\u0142aw O\u0142bin poszukuj\u0105 13-letniej Anand. Dziewczynka w czwartek ko\u0142o godz. 8 samowolnie opu\u015bci\u0142a szko\u0142\u0119 przy ul. Pauli\u0144skiej we Wroc\u0142awiu i nie wr\u00f3ci\u0142a do domu. Nie ma przy sobie telefony kom\u00f3rkowego.<\/p>\n<p class=\"article-p\" data-section=\"detail-body\">Wed\u0142ug wst\u0119pnej oceny naszych funkcjonariuszy bezpo\u015brednie zagro\u017cenie dla poszukiwanej 13-latki najprawdopodobniej min\u0119\u0142o. Nadal jednak prowadzimy dzia\u0142ania poszukiwawcze, poniewa\u017c chcemy t\u0119 spraw\u0119 doprowadzi\u0107 do ko\u0144ca. W dalszym ci\u0105gu obowi\u0105zuje \u017c\u00f3\u0142ta nota Interpolu, kt\u00f3ra umo\u017cliwia poszukiwanie dziecka na ca\u0142ym \u015bwiecie. Do czasu jego oficjalnego odnalezienia i potwierdzenia miejsca pobytu dzia\u0142ania b\u0119d\u0105 kontynuowane<\/p>\n<p class=\"article-p\" data-section=\"detail-body\">\u2013 przekazuje nam oficer wroc\u0142awskiej policji.<\/p>\n<p class=\"article-p\" data-section=\"detail-body\">Jak wyja\u015bnia nam podkom. Aleksandra Freus z Komendy Miejskiej Policji we Wroc\u0142awiu, z posiadanych przez s\u0142u\u017cby informacji wynika, \u017ce dziewczynka prawdopodobnie przebywa w Brazylii pod opiek\u0105 swojej biologicznej matki. <\/p>\n<p class=\"article-p\" data-section=\"detail-body\">\u2013 Trwaj\u0105 jednak procedury, kt\u00f3re pozwol\u0105 nam jednoznacznie potwierdzi\u0107, \u017ce dziecko jest bezpieczne i rzeczywi\u015bcie znajduje si\u0119 pod jej opiek\u0105. Ze wzgl\u0119du na dobro dziecka oraz trwaj\u0105ce czynno\u015bci nie mo\u017cemy na tym etapie przekazywa\u0107 bardziej szczeg\u00f3\u0142owych informacji \u2013 dodaje oficer wroc\u0142awskiej policji.<\/p>\n<p class=\"article-p\" data-section=\"detail-body\">Wci\u0105\u017c jest aktualny apel:<\/p>\n<p class=\"article-p\" data-section=\"detail-body\">Osoby, kt\u00f3re posiadaj\u0105 jakiekolwiek informacje mog\u0105ce pom\u00f3c w ustaleniu miejsca pobytu dziewczyny, proszone s\u0105 o kontakt z Komisariatem Policji Wroc\u0142aw O\u0142bin pod numerem telefonu 47 87 143 06, numerem alarmowym 112 lub z najbli\u017csz\u0105 jednostk\u0105 policji.<\/p>\n<p class=\"article-p\" data-section=\"detail-body\"><a href=\"https:\/\/www.fakt.pl\/wydarzenia\/polska\/warszawa\/krazyli-po-bazarze-olimpia-i-atakowali-przykladal-do-ust-biala-chusteczke\/b3m5s6f\" id=\"10143f1b-836b-4538-be63-d83fba67c3ce\" rel=\"nofollow noopener\" target=\"_blank\">Kr\u0105\u017cyli po bazarze i atakowali. &#8222;Przyk\u0142ada\u0142 do ust bia\u0142\u0105 chusteczk\u0119&#8221;<\/a><\/p>\n<p class=\"article-p\" data-section=\"detail-body\"><a href=\"https:\/\/www.fakt.pl\/wydarzenia\/polska\/warszawa\/niosla-dwulatke-na-rekach-i-prosila-o-pomoc-przejmujace-sceny-w-zyrardowie\/vbsrpjj\" id=\"9d9b0865-119a-4990-8d84-d7470877e684\" rel=\"nofollow noopener\" target=\"_blank\">Dwulatka znaleziona na ulicy w \u017byrardowie. &#8222;Usn\u0119\u0142a w radiowozie&#8221;<\/a><\/p>\n<p class=\"article-p\" data-section=\"detail-body\">(\u0179r\u00f3d\u0142o: Fakt.pl)<\/p>\n","protected":false},"excerpt":{"rendered":"Ze zdj\u0119cia u\u015bmiecha si\u0119 13-latka o ciemnych w\u0142osach. Ma na imi\u0119 Anand i jest obywatelk\u0105 Brazylii. Dziewczynka zagin\u0119\u0142a&hellip;\n","protected":false},"author":2,"featured_media":670003,"comment_status":"","ping_status":"","sticky":false,"template":"","format":"standard","meta":{"footnotes":"","_share_on_mastodon":"0"},"categories":[51607],"tags":[42,38,40,39,41,1853],"class_list":["post-670002","post","type-post","status-publish","format-standard","has-post-thumbnail","category-wroclaw","tag-pl","tag-poland","tag-polish","tag-polska","tag-polski","tag-wroclaw"],"share_on_mastodon":{"url":"https:\/\/pubeurope.com\/@pl\/117220725640956173","error":""},"_links":{"self":[{"href":"https:\/\/www.europesays.com\/pl\/wp-json\/wp\/v2\/posts\/670002","targetHints":{"allow":["GET"]}}],"collection":[{"href":"https:\/\/www.europesays.com\/pl\/wp-json\/wp\/v2\/posts"}],"about":[{"href":"https:\/\/www.europesays.com\/pl\/wp-json\/wp\/v2\/types\/post"}],"author":[{"embeddable":true,"href":"https:\/\/www.europesays.com\/pl\/wp-json\/wp\/v2\/users\/2"}],"replies":[{"embeddable":true,"href":"https:\/\/www.europesays.com\/pl\/wp-json\/wp\/v2\/comments?post=670002"}],"version-history":[{"count":0,"href":"https:\/\/www.europesays.com\/pl\/wp-json\/wp\/v2\/posts\/670002\/revisions"}],"wp:featuredmedia":[{"embeddable":true,"href":"https:\/\/www.europesays.com\/pl\/wp-json\/wp\/v2\/media\/670003"}],"wp:attachment":[{"href":"https:\/\/www.europesays.com\/pl\/wp-json\/wp\/v2\/media?parent=670002"}],"wp:term":[{"taxonomy":"category","embeddable":true,"href":"https:\/\/www.europesays.com\/pl\/wp-json\/wp\/v2\/categories?post=670002"},{"taxonomy":"post_tag","embeddable":true,"href":"https:\/\/www.europesays.com\/pl\/wp-json\/wp\/v2\/tags?post=670002"}],"curies":[{"name":"wp","href":"https:\/\/api.w.org\/{rel}","templated":true}]}}