{"id":670014,"date":"2026-09-05T22:17:13","date_gmt":"2026-09-05T22:17:13","guid":{"rendered":"https:\/\/www.europesays.com\/pl\/670014\/"},"modified":"2026-09-05T22:17:13","modified_gmt":"2026-09-05T22:17:13","slug":"sensacyjny-bieg-polki-w-diamentowej-lidze-padl-rekord-wideo","status":"publish","type":"post","link":"https:\/\/www.europesays.com\/pl\/670014\/","title":{"rendered":"Sensacyjny bieg Polki w Diamentowej Lidze! Pad\u0142 rekord [WIDEO]"},"content":{"rendered":"<p>Wspania\u0142y bieg Klaudii Kazimierskiej podczas mityngu Diamentowej Ligi w Brukseli. Polka wygra\u0142a bieg na 1500 m bij\u0105c rekord kraju i osi\u0105gaj\u0105c najlepszy w tym roku czas na \u015bwiecie!<\/p>\n<p>Kazimierska na dobre do\u0142\u0105czy\u0142a do \u015bwiatowej czo\u0142\u00f3wki na 1500 m. Podczas niedawnych mistrzostw Europy w Birmingham zdoby\u0142a na tym dystansie srebro. Form\u0119 potwierdzi\u0142a podczas zawod\u00f3w Diamentowej Ligi w Chorzowie. W mocnej stawce zaj\u0119\u0142a czwarte miejsce, ale czasem 3:55.59 pobi\u0142a rekord Polski.<\/p>\n<p>Dalsza cz\u0119\u015b\u0107 tekstu pod wideo<\/p>\n<p>Jej wynik nie przetrwa\u0142 nawet dw\u00f3ch tygodni &#8211; w Brukseli wygra\u0142a z wynikiem 3:54.05. To nie tylko rekord Polski, ale te\u017c rekord mityngu i najlepszy w tym roku czas na 1500 m. Przy okazji Kazimierska ustanowi\u0142a sz\u00f3sty czas w historii europejskiego biegania na tym dystansie!<\/p>\n<p>Zwyci\u0119stwo w Brukseli da\u0142o Kazimierskiej triumf w klasyfikacji generalnej Diamentowej Ligi na 1500 m. Jest pierwsz\u0105 Polk\u0105, kt\u00f3ra tego dokona\u0142a. W\u015br\u00f3d m\u0119\u017cczyzn na li\u015bcie zwyci\u0119zc\u00f3w s\u0105 tylko dwaj Polacy: Piotr Ma\u0142achowski w rzucie dyskiem i od wczoraj Mateusz Ko\u0142odziejski w skoku wzwy\u017c.<\/p>\n","protected":false},"excerpt":{"rendered":"Wspania\u0142y bieg Klaudii Kazimierskiej podczas mityngu Diamentowej Ligi w Brukseli. Polka wygra\u0142a bieg na 1500 m bij\u0105c rekord&hellip;\n","protected":false},"author":2,"featured_media":670015,"comment_status":"","ping_status":"","sticky":false,"template":"","format":"standard","meta":{"footnotes":"","_share_on_mastodon":"0"},"categories":[24],"tags":[42,38,40,39,41,127,126],"class_list":["post-670014","post","type-post","status-publish","format-standard","has-post-thumbnail","category-sport","tag-pl","tag-poland","tag-polish","tag-polska","tag-polski","tag-sport","tag-sports"],"share_on_mastodon":{"url":"https:\/\/pubeurope.com\/@pl\/117220753237018242","error":""},"_links":{"self":[{"href":"https:\/\/www.europesays.com\/pl\/wp-json\/wp\/v2\/posts\/670014","targetHints":{"allow":["GET"]}}],"collection":[{"href":"https:\/\/www.europesays.com\/pl\/wp-json\/wp\/v2\/posts"}],"about":[{"href":"https:\/\/www.europesays.com\/pl\/wp-json\/wp\/v2\/types\/post"}],"author":[{"embeddable":true,"href":"https:\/\/www.europesays.com\/pl\/wp-json\/wp\/v2\/users\/2"}],"replies":[{"embeddable":true,"href":"https:\/\/www.europesays.com\/pl\/wp-json\/wp\/v2\/comments?post=670014"}],"version-history":[{"count":0,"href":"https:\/\/www.europesays.com\/pl\/wp-json\/wp\/v2\/posts\/670014\/revisions"}],"wp:featuredmedia":[{"embeddable":true,"href":"https:\/\/www.europesays.com\/pl\/wp-json\/wp\/v2\/media\/670015"}],"wp:attachment":[{"href":"https:\/\/www.europesays.com\/pl\/wp-json\/wp\/v2\/media?parent=670014"}],"wp:term":[{"taxonomy":"category","embeddable":true,"href":"https:\/\/www.europesays.com\/pl\/wp-json\/wp\/v2\/categories?post=670014"},{"taxonomy":"post_tag","embeddable":true,"href":"https:\/\/www.europesays.com\/pl\/wp-json\/wp\/v2\/tags?post=670014"}],"curies":[{"name":"wp","href":"https:\/\/api.w.org\/{rel}","templated":true}]}}