{"id":670016,"date":"2026-09-05T22:18:12","date_gmt":"2026-09-05T22:18:12","guid":{"rendered":"https:\/\/www.europesays.com\/pl\/670016\/"},"modified":"2026-09-05T22:18:12","modified_gmt":"2026-09-05T22:18:12","slug":"natalia-kukulska-blyszczy-na-koncercie-lato-z-radiem-i-tvp-przyciagnela-uwage-burza-lokow-plejada","status":"publish","type":"post","link":"https:\/\/www.europesays.com\/pl\/670016\/","title":{"rendered":"Natalia Kukulska b\u0142yszczy na koncercie &quot;Lato z Radiem i TVP&quot;. Przyci\u0105gn\u0119\u0142a uwag\u0119 burz\u0105 lok\u00f3w &#8211; Plejada"},"content":{"rendered":"<ol>\n<li><a href=\"https:\/\/news.google.com\/rss\/articles\/CBMipgFBVV95cUxNZzh2QzN3b1NXR2I0ZENmanhUNDI3UF9uV0FxU3NiYUEyTlV2NXZlSXZfQ2xHS2xJZ2c5TUU0VE80cmpXMjU5YUltSmZOeG5heldPZWhuQ1BGU3hpejd5QlVHeWFmSGJMRTNucjFVa015WjJLTmU2cUhLa3hJSVZ2RjhyS0VLa05ESEN4eHdOYXlCX1BNU1Zfb1hUVWljcHk3bE4tVGpB?oc=5\" target=\"_blank\" rel=\"nofollow noopener\">Natalia Kukulska b\u0142yszczy na koncercie &#8222;Lato z Radiem i TVP&#8221;. Przyci\u0105gn\u0119\u0142a uwag\u0119 burz\u0105 lok\u00f3w<\/a>&nbsp;&nbsp;Plejada<\/li>\n<li><a href=\"https:\/\/news.google.com\/rss\/articles\/CBMigAJBVV95cUxNTnQyVE9FWU1CX2ozV1VJLW9WX2tsVmpMWG5STUxHQnFDRmNiQ25Bcy1HWm5qXzVUeGVzeExfbzF5dk9HQ2stS3FoejU5NURqbGE3TUJ4R1hnamFBb0lHbGkxdExweUotaVR6dlpPSjhic1d3a1ZhdHV4NVYyMkVGdEFtd3Y3OV9MTmpCNUtLQlFiQ3hBek83SENXZ2VYRlh6RjhIajZieS1BbW5TclpUZG9GQ0JVYmRDamZaemI2emJnRHB4Q2JYanJtd1ZOQWEyUVphV2dkZnc3U3hMM3YwaERPOEJLLW9raXFGTThzWTRJOTROQVJiVV9wakZRYjht?oc=5\" target=\"_blank\" rel=\"nofollow noopener\">Arty\u015bci pozuj\u0105 na finale trasy &#8222;Lato z Radiem i TVP&#8221;: drapie\u017cna Natalia Szroeder, d\u017cinsowa Natalia Kukulska, Danzel w okularach (ZDJ\u0118CIA)<\/a>&nbsp;&nbsp;Pudelek.pl<\/li>\n<li><a href=\"https:\/\/news.google.com\/rss\/articles\/CBMipwFBVV95cUxPbGdvbS1uSEJSczF6RW5XeHJ0TVdzX0ktQVBDSGo2VVJPLUl2VWhKSFgxVXdpRHk5MWh6ck5qNUJRQVo2RG15XzRNLTNPOU9uLS1NYzRhRkxKYTFZUkx2QVMtZEI4dllHR3VUdVBlUExtVXZTMTVGaFR2VE5WLVpockVWRWRzemVxNDZtQlF4ZTBQdGFJTDhQVUR3eWEta3JPX1hmZGhhRQ?oc=5\" target=\"_blank\" rel=\"nofollow noopener\">Program tv dla Lato z Radiem i Telewizj\u0105 Polsk\u0105<\/a>&nbsp;&nbsp;Pilot WP<\/li>\n<li><a href=\"https:\/\/news.google.com\/rss\/articles\/CBMixAFBVV95cUxQSmN1SlBDcHA0R25JTVRRRkpub1RkS1NMclRkVW8xZWRJSGJwTU9JMmxscVRjWmFmWnNlV0tGV0NIMDUtYnRBT0R4ZnhZbWU5b3JiOGFyanVNa0E1V2lkd0tMc2RQak8tNnMzQTN3MVlsZ2dSWXg2cXFqVUpfZEdmRGFKTmx5QW5vQUxlU09SWG1MT0FQMnhnVWhYMXVSRjhXYnZpMGFYVGM1VUo4bHdjMkp1YlA4YnRMLTJhYUdvQUplcFdj?oc=5\" target=\"_blank\" rel=\"nofollow noopener\">Natalia Kukulska b\u0142yszczy na koncercie &#8222;Lato z Radiem i TVP&#8221;. Postawi\u0142a na stylowe dzwony<\/a>&nbsp;&nbsp;Onet<\/li>\n<li><a href=\"https:\/\/news.google.com\/rss\/articles\/CBMiqwFBVV95cUxORXc3YS1QTG1kN1NUeENPMEVlN1FaeHAzUnIxVGpwUEt3MUtVb3I1ek53Q2dZbE5wOFBYQXFFZXZDekJmUEdRT1B3Snh6RjFrMnlqaHZ6LWxIUTh2OWdiQzhfWm9lRjRmQUlhaF9VZG90Slk1cUkyTmVTMlEwNWY2dEc0MFRhRExwQU8zY1FmdVhvb29YenI1dFBrM0FLbVVMNGVOcjF5SlJLMEE?oc=5\" target=\"_blank\" rel=\"nofollow noopener\">Haudycja lub Haudycjusz. Wybrali\u015bmy imi\u0119 dla maskotki &#8222;Lata z Radiem&#8221; 2026<\/a>&nbsp;&nbsp;Lato z radiem 2026<\/li>\n<\/ol>\n","protected":false},"excerpt":{"rendered":"Natalia Kukulska b\u0142yszczy na koncercie &#8222;Lato z Radiem i TVP&#8221;. Przyci\u0105gn\u0119\u0142a uwag\u0119 burz\u0105 lok\u00f3w&nbsp;&nbsp;Plejada Arty\u015bci pozuj\u0105 na finale&hellip;\n","protected":false},"author":2,"featured_media":670017,"comment_status":"","ping_status":"","sticky":false,"template":"","format":"standard","meta":{"footnotes":"","_share_on_mastodon":"0"},"categories":[22],"tags":[61195,122,48,21618,125,46,42,38,40,39,41,123,47,506],"class_list":["post-670016","post","type-post","status-publish","format-standard","has-post-thumbnail","category-rozrywka","tag-bottomfeed_styl","tag-entertainment","tag-nat_styl","tag-natalia_kukulska","tag-newsy","tag-omp","tag-pl","tag-poland","tag-polish","tag-polska","tag-polski","tag-rozrywka","tag-screening_general","tag-tvp"],"share_on_mastodon":{"url":"https:\/\/pubeurope.com\/@pl\/117220757134689457","error":""},"_links":{"self":[{"href":"https:\/\/www.europesays.com\/pl\/wp-json\/wp\/v2\/posts\/670016","targetHints":{"allow":["GET"]}}],"collection":[{"href":"https:\/\/www.europesays.com\/pl\/wp-json\/wp\/v2\/posts"}],"about":[{"href":"https:\/\/www.europesays.com\/pl\/wp-json\/wp\/v2\/types\/post"}],"author":[{"embeddable":true,"href":"https:\/\/www.europesays.com\/pl\/wp-json\/wp\/v2\/users\/2"}],"replies":[{"embeddable":true,"href":"https:\/\/www.europesays.com\/pl\/wp-json\/wp\/v2\/comments?post=670016"}],"version-history":[{"count":0,"href":"https:\/\/www.europesays.com\/pl\/wp-json\/wp\/v2\/posts\/670016\/revisions"}],"wp:featuredmedia":[{"embeddable":true,"href":"https:\/\/www.europesays.com\/pl\/wp-json\/wp\/v2\/media\/670017"}],"wp:attachment":[{"href":"https:\/\/www.europesays.com\/pl\/wp-json\/wp\/v2\/media?parent=670016"}],"wp:term":[{"taxonomy":"category","embeddable":true,"href":"https:\/\/www.europesays.com\/pl\/wp-json\/wp\/v2\/categories?post=670016"},{"taxonomy":"post_tag","embeddable":true,"href":"https:\/\/www.europesays.com\/pl\/wp-json\/wp\/v2\/tags?post=670016"}],"curies":[{"name":"wp","href":"https:\/\/api.w.org\/{rel}","templated":true}]}}