{"id":670026,"date":"2026-09-05T22:23:09","date_gmt":"2026-09-05T22:23:09","guid":{"rendered":"https:\/\/www.europesays.com\/pl\/670026\/"},"modified":"2026-09-05T22:23:09","modified_gmt":"2026-09-05T22:23:09","slug":"afera-zondacrypto-prokuratura-bada-inwestycje-marszalka-z-pis-moja-tajemnica-wiadomosci-onet","status":"publish","type":"post","link":"https:\/\/www.europesays.com\/pl\/670026\/","title":{"rendered":"Afera Zondacrypto. Prokuratura bada inwestycje marsza\u0142ka z PiS. &quot;Moja tajemnica&quot; &#8211; Wiadomo\u015bci Onet"},"content":{"rendered":"<ol>\n<li><a href=\"https:\/\/news.google.com\/rss\/articles\/CBMitgFBVV95cUxNc2dZQ3FHbzRORGMxb0d2V0FXVHI4NFItY2F4Mkd1eWVabkZHckk4VVFleVMxcHZWTEN4R0pOY2pWLXpyU2FpWnJaM2dCcGU4TmlmY0EzNUZOOHA5V1JkYjN2VTROZXlpSkxkX0hhNnlJckx5UkJBS1hoc3ptYnVwNTRfUi15Q0ptMWFVUW5TSDgtOHFsVDU3N0V1WHN4bkRCNWJKMjdOdWhodWF5NWxzVlY4V05vdw?oc=5\" target=\"_blank\" rel=\"nofollow noopener\">Afera Zondacrypto. Prokuratura bada inwestycje marsza\u0142ka z PiS. &#8222;Moja tajemnica&#8221;<\/a>&nbsp;&nbsp;Wiadomo\u015bci Onet<\/li>\n<li><a href=\"https:\/\/news.google.com\/rss\/articles\/CBMiswFBVV95cUxQRWZCZTczSjBaSEc0a01IMldIbC1JclhWelRBRVlfWFBCekllWFZEQU5GbG0zd3lOQTRFNGQ3QU1RcFNOaHYxN2JBTDdyQmFVOUZjZnhiVXdOVHlxUEhiejVoNV9sRmtmNnl0VnRxMkxmdndUTUJHZ2FLWklobnJSR0RSRXltRGhWU1l6OTQxRTFpelVzYzhITlNEbWhhUFZaLUkwTnRCYmxmMDlTRWJsWUdoQQ?oc=5\" target=\"_blank\" rel=\"nofollow noopener\">Nowy zatrzymany w sprawie Zondacrypto. &#8222;Uzasadniona obawa ucieczki&#8221;<\/a>&nbsp;&nbsp;Interia Wydarzenia<\/li>\n<li><a href=\"https:\/\/news.google.com\/rss\/articles\/CBMipwFBVV95cUxPVkpQQlhqdXk3dEgtaXJqd3Z5MjBPU1NCbXpKSFpxMWVIXzNVd1RlRUNYSHNDNzVqeUctM205eG5QRkVLd1FLbk1Tamc3SFZPc1lxU2trN0ktc1JRa0p2ZzdZSzF0Sy1IWlZIX3pVZ1dvaW9Ec0dYOEF4Q1VkNzFqaUxfOF9LU1AwQWwxUnR3VjZRVW5XXzVWR2lHWWU0QmszQkh2TTd4dw?oc=5\" target=\"_blank\" rel=\"nofollow noopener\">Kolejne zatrzymanie ws. Zondacrypto. Marsza\u0142ek z PiS zatrzymany<\/a>&nbsp;&nbsp;WP Wiadomo\u015bci<\/li>\n<li><a href=\"https:\/\/news.google.com\/rss\/articles\/CBMingFBVV95cUxQQm1LVFI3VGYxbEtlRy1BVzJ6STVHNU1faEVIaDJWbHRISWdQU2dVckczRFpXVzA0QWtlNjFnUDRzUUZUcjREempud2Jtc1o2RnMtYTdRM3Y1YWtNNU5yNFBXR3ZfZkw4WWZIM1RtOWRlY2xtRDFRT2JINUFhcmZzcHhTR2I0TWNZdFNaUDNsS0RNU0I4VkVaaGJ0TnByUQ?oc=5\" target=\"_blank\" rel=\"nofollow noopener\">Roman \u017b. zatrzymany w \u015bledztwie dotycz\u0105cym Zondacrypto<\/a>&nbsp;&nbsp;rp.pl<\/li>\n<li><a href=\"https:\/\/news.google.com\/rss\/articles\/CBMivwFBVV95cUxNbGc5MFM2UVdJbldVX0FISlRyTVVXajVmaGNxc2RES24tSXZvdjUyZHd0bVNpQnFFMGNFZ0gyajcxVktUdUIxQzB1NmY3QlFWV1dFX0ozdmJyVFhkWVBETkxHQ2NUaHREd1I2UTcyeGRrV0JvZ0NySVY0MkZKY29PNzFQbFNGN2o3b3FWVEVEVVJPVnZtUzhHcjdQWTZ5RnNmSHJyZEltU3dCRXFqcDJZbnlscVBfVS1YTFpabzFsOA?oc=5\" target=\"_blank\" rel=\"nofollow noopener\">Mia\u0142 pozbawi\u0107 Suszka wolno\u015bci. Zwrot ws. Mariana W.<\/a>&nbsp;&nbsp;Money.pl<\/li>\n<\/ol>\n","protected":false},"excerpt":{"rendered":"Afera Zondacrypto. Prokuratura bada inwestycje marsza\u0142ka z PiS. &#8222;Moja tajemnica&#8221;&nbsp;&nbsp;Wiadomo\u015bci Onet Nowy zatrzymany w sprawie Zondacrypto. &#8222;Uzasadniona obawa&hellip;\n","protected":false},"author":2,"featured_media":670027,"comment_status":"","ping_status":"","sticky":false,"template":"","format":"standard","meta":{"footnotes":"","_share_on_mastodon":"0"},"categories":[5],"tags":[61195,32,33,36,37,27,32669,49,34,35,28,31,48,25,46,529,42,38,40,39,41,47,29,30,26,17994],"class_list":["post-670026","post","type-post","status-publish","format-standard","has-post-thumbnail","category-naglowki","tag-bottomfeed_styl","tag-breaking-news","tag-breakingnews","tag-featured-news","tag-featurednews","tag-headlines","tag-jaroslaw_stawiarski","tag-kraj","tag-latest-news","tag-latestnews","tag-naglowki","tag-najwazniejsze-artykuly","tag-nat_styl","tag-news","tag-omp","tag-pis","tag-pl","tag-poland","tag-polish","tag-polska","tag-polski","tag-screening_general","tag-top-stories","tag-topstories","tag-wiadomosci","tag-zondacrypto"],"share_on_mastodon":{"url":"https:\/\/pubeurope.com\/@pl\/117220776468373763","error":""},"_links":{"self":[{"href":"https:\/\/www.europesays.com\/pl\/wp-json\/wp\/v2\/posts\/670026","targetHints":{"allow":["GET"]}}],"collection":[{"href":"https:\/\/www.europesays.com\/pl\/wp-json\/wp\/v2\/posts"}],"about":[{"href":"https:\/\/www.europesays.com\/pl\/wp-json\/wp\/v2\/types\/post"}],"author":[{"embeddable":true,"href":"https:\/\/www.europesays.com\/pl\/wp-json\/wp\/v2\/users\/2"}],"replies":[{"embeddable":true,"href":"https:\/\/www.europesays.com\/pl\/wp-json\/wp\/v2\/comments?post=670026"}],"version-history":[{"count":0,"href":"https:\/\/www.europesays.com\/pl\/wp-json\/wp\/v2\/posts\/670026\/revisions"}],"wp:featuredmedia":[{"embeddable":true,"href":"https:\/\/www.europesays.com\/pl\/wp-json\/wp\/v2\/media\/670027"}],"wp:attachment":[{"href":"https:\/\/www.europesays.com\/pl\/wp-json\/wp\/v2\/media?parent=670026"}],"wp:term":[{"taxonomy":"category","embeddable":true,"href":"https:\/\/www.europesays.com\/pl\/wp-json\/wp\/v2\/categories?post=670026"},{"taxonomy":"post_tag","embeddable":true,"href":"https:\/\/www.europesays.com\/pl\/wp-json\/wp\/v2\/tags?post=670026"}],"curies":[{"name":"wp","href":"https:\/\/api.w.org\/{rel}","templated":true}]}}