{"id":670028,"date":"2026-09-05T22:24:39","date_gmt":"2026-09-05T22:24:39","guid":{"rendered":"https:\/\/www.europesays.com\/pl\/670028\/"},"modified":"2026-09-05T22:24:39","modified_gmt":"2026-09-05T22:24:39","slug":"wiceminister-wytknal-prezydentowi-klamstwo-czekam-na-przeprosiny","status":"publish","type":"post","link":"https:\/\/www.europesays.com\/pl\/670028\/","title":{"rendered":"Wiceminister wytkn\u0105\u0142 prezydentowi k\u0142amstwo. &#8222;Czekam na przeprosiny&#8221;"},"content":{"rendered":"<p><a href=\"https:\/\/www.onet.pl\/\" title=\"Strona G\u0142\u00f3wna\" aria-label=\"Strona G\u0142\u00f3wna\" data-astro-prefetch=\"tap\" class=\"ods-a-logo-main\" rel=\"nofollow noopener\" target=\"_blank\"><img src=\"https:\/\/cdn.wiadomosci.onet.pl\/img\/Logo_desktop_Onet.svg\" class=\"ods-a-logo-main__image\" alt=\"Logo\" width=\"107\" height=\"60\" fetchpriority=\"high\" decoding=\"sync\" style=\"height:60px\"\/><\/a><a href=\"https:\/\/wiadomosci.onet.pl\/\" title=\"Strona g\u0142\u00f3wna serwisu\" aria-label=\"Strona g\u0142\u00f3wna serwisu\" class=\"ods-a-logo-brand\" rel=\"nofollow noopener\" target=\"_blank\"><img src=\"https:\/\/cdn.wiadomosci.onet.pl\/img\/Logo_desktop_Wiadomosci.svg\" class=\"ods-a-logo-brand__image\" alt=\"Logo serwisu\" width=\"119\" height=\"60\" fetchpriority=\"high\" decoding=\"sync\"\/><\/a><a href=\"https:\/\/wiadomosci.onet.pl\/\" class=\"ods-a-link--breadcrumb ods-a-link--breadcrumb--light\" rel=\"nofollow noopener\" target=\"_blank\"><\/a><a href=\"https:\/\/wiadomosci.onet.pl\/kraj\" class=\"ods-a-link--breadcrumb ods-a-link--breadcrumb--light\" rel=\"nofollow noopener\" target=\"_blank\">Kraj<\/a>Wiceminister wytkn\u0105\u0142 prezydentowi k\u0142amstwo. &#8222;Czekam na przeprosiny&#8221; [RELACJA NA \u017bYWO]<\/p>\n<p>Opracowanie:Anna G\u00f3rska, Patrycja Klimek<\/p>\n<p class=\"ods-a-lead-text\">Cezary Tomczyk przywo\u0142a\u0142 na portalu X s\u0142owa prezydenta Karola Nawrockiego i szefa prezydenckiej kancelarii Zbigniewa Boguckiego, kt\u00f3rzy twierdzili, \u017ce wiceminister wraz z wicepremierem Krzysztofem Gawkowskim brali udzia\u0142 w wydarzeniu, na kt\u00f3rym jednym z prelegent\u00f3w by\u0142 Przemys\u0142aw Kral. &#8222;Prezydent Nawrocki i Pan Bogucki k\u0142amali dzi\u015b na m\u00f3j i Premiera Gawkowskiego temat. Czekam na przeprosiny i sprostowanie&#8221; \u2014 napisa\u0142 wiceszef MON. Zapraszamy do naszej relacji na \u017cywo!<\/p>\n<p><img class=\"ods-a-photo ods-a-photo--background\" src=\"https:\/\/www.europesays.com\/pl\/wp-content\/uploads\/2026\/09\/wDPk9lBaHR0cHM6Ly9vY2RuLmV1L3B1bHNjbXMvTURBXy82ZGFiNGZkMjcxYzZjYmYwYjYyZWMwOTYxNGM3MzkxNi5qcGeSlQMAP.jpeg\"   height=\"489\" width=\"870\" alt=\"Cezary Tomczyk\" fetchpriority=\"high\" decoding=\"auto\" url=\"https:\/\/ocdn.eu\/pulscms\/MDA_\/6dab4fd271c6cbf0b62ec09614c73916.jpg\" description=\"Cezary Tomczyk\" author=\"Piotr Nowak \/ PAP\" source=\"\"\/><\/p>\n<p>Piotr Nowak \/ PAP<\/p>\n<p>Cezary Tomczyk<\/p>\n<p>Opracowanie:Anna G\u00f3rska, Patrycja Klimek<\/p>\n<p>Data utworzenia:4 wrze\u015bnia 2026, 17:40<\/p>\n<p>Materia\u0142 promocyjny<a href=\"\" class=\"ods-o-card__link ods-o-card__link--media\" data-lps-url=\"true\" data-uuid-ui=\"\" data-astro-prefetch=\"tap\"><img class=\"ods-a-photo ods-a-photo--background\" height=\"170\" width=\"300\" loading=\"lazy\" fetchpriority=\"auto\" decoding=\"async\"\/><\/a><\/p>\n<p class=\"ods-c-modal-premium__title\">To jest materia\u0142Premium<\/p>\n<p class=\"ods-c-modal-premium__subtitle\">Do\u0142\u0105cz\u00a0do\u00a0Premium i\u00a0odblokuj\u00a0wszystkie\u00a0funkcje dla\u00a0materia\u0142\u00f3w\u00a0Premium:<\/p>\n<p class=\"ods-c-modal-premium__subtitle\">\u2713czytaj\u2713s\u0142uchaj\u2713skracaj<\/p>\n<p><a href=\"#\" class=\"ods-c-modal-premium__button\">Do\u0142\u0105cz do premium<\/a><\/p>\n<p>Odpowied\u017a na pytanie przygotowana przez Onet Czat z AI:<\/p>\n<p>Co\u015b posz\u0142o nie tak.Spr\u00f3buj ponownie p\u00f3\u017aniej.<\/p>\n<p>Wyczerpa\u0142e\u015b dzienny limit konwersacji z Onet Czatem z AI.Spr\u00f3buj ponownie jutro. Pami\u0119taj, \u017ce wci\u0105\u017c mo\u017cesz korzysta\u0107 z tre\u015bci na Onecie!<\/p>\n<p><img class=\"ods-a-photo ods-a-photo--background\" src=\"https:\/\/cdn.wiadomosci.onet.pl\/1\/Pack9lBaHR0cHM6Ly9vY2RuLmV1L3B1bHNjbXMvTURBXy9kNWI2ZDk3NmI3MWM4YWNlNTQ3ZDM3M2QyNDI5MmE3My5wbmeRkwUCAt4AAqEwB6ExBA\" height=\"1\" width=\"1\" alt=\"-\" loading=\"lazy\" fetchpriority=\"low\" decoding=\"auto\" url=\"https:\/\/ocdn.eu\/pulscms\/MDA_\/d5b6d976b71c8ace547d373d24292a73.png\" description=\"\" author=\"-\" source=\"-\"\/><\/p>\n<p>&#8211; \/ &#8211;<\/p>\n<p><img class=\"ods-a-photo ods-a-author-avatar__double__img\" height=\"24\" width=\"24\" alt=\"Autor 1, Autor 2\" fetchpriority=\"auto\" decoding=\"auto\"\/><img class=\"ods-a-photo ods-a-author-avatar__double__img\" height=\"24\" width=\"24\" alt=\"Autor 1, Autor 2\" fetchpriority=\"auto\" decoding=\"auto\"\/>Zesp\u00f3\u0142 dziennikarzy<\/p>\n","protected":false},"excerpt":{"rendered":"KrajWiceminister wytkn\u0105\u0142 prezydentowi k\u0142amstwo. &#8222;Czekam na przeprosiny&#8221; [RELACJA NA \u017bYWO] Opracowanie:Anna G\u00f3rska, Patrycja Klimek Cezary Tomczyk przywo\u0142a\u0142 na&hellip;\n","protected":false},"author":2,"featured_media":670029,"comment_status":"","ping_status":"","sticky":false,"template":"","format":"standard","meta":{"footnotes":"","_share_on_mastodon":"0"},"categories":[62713],"tags":[61195,1345,212,422,43,7210,49,2065,48,46,529,25857,75235,47,423,4057,8206,788,2037,17994],"class_list":["post-670028","post","type-post","status-publish","format-standard","has-post-thumbnail","category-donald-tusk","tag-bottomfeed_styl","tag-donald-tusk","tag-donald_tusk","tag-jaroslaw_kaczynski","tag-karol_nawrocki","tag-koalicja_obywatelska","tag-kraj","tag-maciej_berek","tag-nat_styl","tag-omp","tag-pis","tag-prezydenckie_weto","tag-przemyslaw_kral","tag-screening_general","tag-sejm","tag-trybunal_konstytucyjny","tag-weto","tag-zbigniew_bogucki","tag-zbigniew_ziobro","tag-zondacrypto"],"share_on_mastodon":{"url":"https:\/\/pubeurope.com\/@pl\/117220781761206282","error":""},"_links":{"self":[{"href":"https:\/\/www.europesays.com\/pl\/wp-json\/wp\/v2\/posts\/670028","targetHints":{"allow":["GET"]}}],"collection":[{"href":"https:\/\/www.europesays.com\/pl\/wp-json\/wp\/v2\/posts"}],"about":[{"href":"https:\/\/www.europesays.com\/pl\/wp-json\/wp\/v2\/types\/post"}],"author":[{"embeddable":true,"href":"https:\/\/www.europesays.com\/pl\/wp-json\/wp\/v2\/users\/2"}],"replies":[{"embeddable":true,"href":"https:\/\/www.europesays.com\/pl\/wp-json\/wp\/v2\/comments?post=670028"}],"version-history":[{"count":0,"href":"https:\/\/www.europesays.com\/pl\/wp-json\/wp\/v2\/posts\/670028\/revisions"}],"wp:featuredmedia":[{"embeddable":true,"href":"https:\/\/www.europesays.com\/pl\/wp-json\/wp\/v2\/media\/670029"}],"wp:attachment":[{"href":"https:\/\/www.europesays.com\/pl\/wp-json\/wp\/v2\/media?parent=670028"}],"wp:term":[{"taxonomy":"category","embeddable":true,"href":"https:\/\/www.europesays.com\/pl\/wp-json\/wp\/v2\/categories?post=670028"},{"taxonomy":"post_tag","embeddable":true,"href":"https:\/\/www.europesays.com\/pl\/wp-json\/wp\/v2\/tags?post=670028"}],"curies":[{"name":"wp","href":"https:\/\/api.w.org\/{rel}","templated":true}]}}