{"id":670046,"date":"2026-09-05T22:40:11","date_gmt":"2026-09-05T22:40:11","guid":{"rendered":"https:\/\/www.europesays.com\/pl\/670046\/"},"modified":"2026-09-05T22:40:11","modified_gmt":"2026-09-05T22:40:11","slug":"slask-wroclaw-wzmacnia-defensywe-siegnal-po-pilkarza-z-ligi-ukrainskiej","status":"publish","type":"post","link":"https:\/\/www.europesays.com\/pl\/670046\/","title":{"rendered":"\u015al\u0105sk Wroc\u0142aw wzmacnia defensyw\u0119. Si\u0119gn\u0105\u0142 po pi\u0142karza z ligi ukrai\u0144skiej"},"content":{"rendered":"<p>Jan Jurec urodzi\u0142 si\u0119 w Chorwacji, a jego matka pochodzi z Polski. W przesz\u0142o\u015bci broni\u0142 barw NK Kustosija Zagrzeb oraz austriackiego SCR Altach, a nast\u0119pnie przeni\u00f3s\u0142 si\u0119 do Krywbasu Krzywy R\u00f3g, graj\u0105cego w ukrai\u0144skiej ekstraklasie.<\/p>\n<p>Dalszy ci\u0105g artyku\u0142u pod materia\u0142em wideo<\/p>\n<p>\u2014 Jan to istotne wzmocnienie naszej kadry. Po transferze Micha\u0142a Rosiaka formacja defensywna wymaga\u0142a poszerzenia i postanowili\u015bmy zareagowa\u0107. Dla klubu wa\u017cne by\u0142o r\u00f3wnie\u017c to, \u017ce Jan ma polskie obywatelstwo. W ten spos\u00f3b nie zaburzamy struktury narodowo\u015bciowej. To zawodnik, kt\u00f3ry ma do\u015bwiadczenie tak\u017ce na innych pozycjach \u2014 jako skrzyd\u0142owy i lewy wahad\u0142owy \u2014 skomentowa\u0142 transfer na oficjalnej stronie internetowej klubu dyrektor sportowy \u015al\u0105ska Rafa\u0142 Grodzicki.<\/p>\n<p><a href=\"https:\/\/przegladsportowy.onet.pl\/\" title=\"Strona g\u0142\u00f3wna serwisu\" aria-label=\"Strona g\u0142\u00f3wna serwisu\" data-astro-prefetch=\"tap\" class=\"ods-a-logo-main-desktop\" rel=\"nofollow noopener\" target=\"_blank\"><img src=\"https:\/\/cdn.przegladsportowy.onet.pl\/img\/Logo_desktop_Onet.svg\" class=\"ods-a-logo-main-desktop__image\" alt=\"Logo\" width=\"107\" height=\"60\" fetchpriority=\"high\" decoding=\"sync\" style=\"height:60px\"\/><\/a><\/p>\n<p class=\"ods-m-google-article__text\">Czytaj nas cz\u0119\u015bciej w Google<\/p>\n<p><a href=\"https:\/\/google.com\/preferences\/source?q=przegladsportowy.onet.pl\" target=\"_blank\" rel=\"noopener noreferrer nofollow\" aria-label=\"Dodaj w Google\" title=\"Dodaj w Google\" class=\"ods-a-button ods-a-button__primary ods-a-button__default ods-a-button-l\">Dodaj w Google<\/a>To trzeci transfer \u015al\u0105ska Wroc\u0142aw w ostatnim czasie<\/p>\n<p>To trzeci pi\u0142karz pozyskany przez wroc\u0142awski klub w ostatnich dniach. Najpierw do zespo\u0142u trenera Ante Simundzy do\u0142\u0105czy\u0142 Karol Linetty, nast\u0119pnie Ieltsin Camoes, a teraz Jurec.<\/p>\n<p>Chorwat przeszed\u0142 do klubu z Dolnego \u015al\u0105ska na zasadzie transferu got\u00f3wkowego. Podpisa\u0142 umow\u0119 do czerwca 2029 r.<\/p>\n<p>\u015al\u0105sk po rozegraniu sze\u015bciu mecz\u00f3w w ekstraklasie ma sze\u015b\u0107 punkt\u00f3w na koncie. W niedziel\u0119 o godz. 20.15 wroc\u0142awianie zmierz\u0105 si\u0119 na wyje\u017adzie z Jagielloni\u0105 Bia\u0142ystok. (PAP)<\/p>\n<p>\u0179r\u00f3d\u0142o informacji: Polska Agencja Prasowa<\/p>\n<p>Opracowanie:Grzegorz Podolski<\/p>\n<p>Data utworzenia:5 wrze\u015bnia 2026, 23:00<\/p>\n","protected":false},"excerpt":{"rendered":"Jan Jurec urodzi\u0142 si\u0119 w Chorwacji, a jego matka pochodzi z Polski. W przesz\u0142o\u015bci broni\u0142 barw NK Kustosija&hellip;\n","protected":false},"author":2,"featured_media":670047,"comment_status":"","ping_status":"","sticky":false,"template":"","format":"standard","meta":{"footnotes":"","_share_on_mastodon":"0"},"categories":[51607],"tags":[61195,274,48,46,948,42,38,40,39,41,47,3143,130,1853],"class_list":["post-670046","post","type-post","status-publish","format-standard","has-post-thumbnail","category-wroclaw","tag-bottomfeed_styl","tag-ekstraklasa","tag-nat_styl","tag-omp","tag-pilka_nozna","tag-pl","tag-poland","tag-polish","tag-polska","tag-polski","tag-screening_general","tag-slask_wroclaw","tag-wiadomosci_sportowe","tag-wroclaw"],"share_on_mastodon":{"url":"https:\/\/pubeurope.com\/@pl\/117220844386845070","error":""},"_links":{"self":[{"href":"https:\/\/www.europesays.com\/pl\/wp-json\/wp\/v2\/posts\/670046","targetHints":{"allow":["GET"]}}],"collection":[{"href":"https:\/\/www.europesays.com\/pl\/wp-json\/wp\/v2\/posts"}],"about":[{"href":"https:\/\/www.europesays.com\/pl\/wp-json\/wp\/v2\/types\/post"}],"author":[{"embeddable":true,"href":"https:\/\/www.europesays.com\/pl\/wp-json\/wp\/v2\/users\/2"}],"replies":[{"embeddable":true,"href":"https:\/\/www.europesays.com\/pl\/wp-json\/wp\/v2\/comments?post=670046"}],"version-history":[{"count":0,"href":"https:\/\/www.europesays.com\/pl\/wp-json\/wp\/v2\/posts\/670046\/revisions"}],"wp:featuredmedia":[{"embeddable":true,"href":"https:\/\/www.europesays.com\/pl\/wp-json\/wp\/v2\/media\/670047"}],"wp:attachment":[{"href":"https:\/\/www.europesays.com\/pl\/wp-json\/wp\/v2\/media?parent=670046"}],"wp:term":[{"taxonomy":"category","embeddable":true,"href":"https:\/\/www.europesays.com\/pl\/wp-json\/wp\/v2\/categories?post=670046"},{"taxonomy":"post_tag","embeddable":true,"href":"https:\/\/www.europesays.com\/pl\/wp-json\/wp\/v2\/tags?post=670046"}],"curies":[{"name":"wp","href":"https:\/\/api.w.org\/{rel}","templated":true}]}}