{"id":670060,"date":"2026-09-05T22:47:12","date_gmt":"2026-09-05T22:47:12","guid":{"rendered":"https:\/\/www.europesays.com\/pl\/670060\/"},"modified":"2026-09-05T22:47:12","modified_gmt":"2026-09-05T22:47:12","slug":"brooklyn-beckham-i-nicola-peltz-wymieniaja-czulosci-na-czerwonym-dywanie-w-wenecji-zdjecia","status":"publish","type":"post","link":"https:\/\/www.europesays.com\/pl\/670060\/","title":{"rendered":"Brooklyn Beckham i Nicola Peltz WYMIENIAJ\u0104 CZU\u0141O\u015aCI na czerwonym dywanie w Wenecji (ZDJ\u0118CIA)"},"content":{"rendered":"<p>Brooklyn Beckham i\u00a0Nicola Peltz\u00a0od d\u0142u\u017cszego czasu pozostaj\u0105 na celowniku \u015bwiatowych medi\u00f3w. Najstarszy syn Davida i\u00a0Victorii Beckham\u00f3w oraz c\u00f3rka miliardera Nelsona Peltza zacz\u0119li spotyka\u0107 si\u0119 pod koniec 2019\u00a0roku, a\u00a0niespe\u0142na trzy lata p\u00f3\u017aniej zalegalizowali sw\u00f3j zwi\u0105zek podczas hucznego \u015blubu w\u00a0Palm Beach. <\/p>\n<p>Od tamtej pory para jest niemal nieroz\u0142\u0105czna, a\u00a0ich relacja budzi kontrowersje. 26-letni Brooklyn ju\u017c jaki\u015b czas temu oficjalnie odci\u0105\u0142 si\u0119 od Davida i\u00a0Victorii Beckham\u00f3w, publicznie oskar\u017caj\u0105c s\u0142awnych rodzic\u00f3w o\u00a0manipulowanie mediami oraz ch\u0119\u0107 zniszczenia jego ma\u0142\u017ce\u0144stwa.<\/p>\n<p>Pojawienie si\u0119 Brooklyna i\u00a0Nicoli na 83. Mi\u0119dzynarodowym Festiwalu Filmowym w\u00a0Wenecji szybko sta\u0142o si\u0119 jednym z\u00a0najch\u0119tniej komentowanych akcent\u00f3w tegorocznej edycji. Na czerwonym dywanie ma\u0142\u017conkowie zaprezentowali wyraziste, dopasowane wizualnie stylizacje. <\/p>\n<p>Nicola Peltz postawi\u0142a na spektakularn\u0105, chabrow\u0105 sukni\u0119 z\u00a0mocnymi marszczeniami i\u00a0odwa\u017cnymi wyci\u0119ciami na brzuchu oraz w\u00a0talii, do kt\u00f3rej dobra\u0142a chust\u0119 w\u00a0tym samym odcieniu upi\u0119t\u0105 we w\u0142osach. Brooklyn Beckham wybra\u0142 z\u00a0kolei klasyczny, ciemny garnitur z\u00a0czarn\u0105 muszk\u0105 oraz eleganck\u0105 bia\u0142\u0105 koszul\u0105, a\u00a0ca\u0142o\u015bci dope\u0142ni\u0142y okulary ze stylizowanymi oprawkami. Ma\u0142\u017ce\u0144stwo ch\u0119tnie pozowa\u0142o do zdj\u0119\u0107 w\u00a0czu\u0142ych obj\u0119ciach. Brooklyn kilkukrotnie skrada\u0142 ukochanej nami\u0119tny poca\u0142unek na oczach zgromadzonych fotoreporter\u00f3w.<\/p>\n","protected":false},"excerpt":{"rendered":"Brooklyn Beckham i\u00a0Nicola Peltz\u00a0od d\u0142u\u017cszego czasu pozostaj\u0105 na celowniku \u015bwiatowych medi\u00f3w. Najstarszy syn Davida i\u00a0Victorii Beckham\u00f3w oraz c\u00f3rka&hellip;\n","protected":false},"author":2,"featured_media":670061,"comment_status":"","ping_status":"","sticky":false,"template":"","format":"standard","meta":{"footnotes":"","_share_on_mastodon":"0"},"categories":[22],"tags":[122,42,38,40,39,41,123],"class_list":["post-670060","post","type-post","status-publish","format-standard","has-post-thumbnail","category-rozrywka","tag-entertainment","tag-pl","tag-poland","tag-polish","tag-polska","tag-polski","tag-rozrywka"],"share_on_mastodon":{"url":"https:\/\/pubeurope.com\/@pl\/117220870920913967","error":""},"_links":{"self":[{"href":"https:\/\/www.europesays.com\/pl\/wp-json\/wp\/v2\/posts\/670060","targetHints":{"allow":["GET"]}}],"collection":[{"href":"https:\/\/www.europesays.com\/pl\/wp-json\/wp\/v2\/posts"}],"about":[{"href":"https:\/\/www.europesays.com\/pl\/wp-json\/wp\/v2\/types\/post"}],"author":[{"embeddable":true,"href":"https:\/\/www.europesays.com\/pl\/wp-json\/wp\/v2\/users\/2"}],"replies":[{"embeddable":true,"href":"https:\/\/www.europesays.com\/pl\/wp-json\/wp\/v2\/comments?post=670060"}],"version-history":[{"count":0,"href":"https:\/\/www.europesays.com\/pl\/wp-json\/wp\/v2\/posts\/670060\/revisions"}],"wp:featuredmedia":[{"embeddable":true,"href":"https:\/\/www.europesays.com\/pl\/wp-json\/wp\/v2\/media\/670061"}],"wp:attachment":[{"href":"https:\/\/www.europesays.com\/pl\/wp-json\/wp\/v2\/media?parent=670060"}],"wp:term":[{"taxonomy":"category","embeddable":true,"href":"https:\/\/www.europesays.com\/pl\/wp-json\/wp\/v2\/categories?post=670060"},{"taxonomy":"post_tag","embeddable":true,"href":"https:\/\/www.europesays.com\/pl\/wp-json\/wp\/v2\/tags?post=670060"}],"curies":[{"name":"wp","href":"https:\/\/api.w.org\/{rel}","templated":true}]}}