{"id":670068,"date":"2026-09-05T22:51:17","date_gmt":"2026-09-05T22:51:17","guid":{"rendered":"https:\/\/www.europesays.com\/pl\/670068\/"},"modified":"2026-09-05T22:51:17","modified_gmt":"2026-09-05T22:51:17","slug":"andrzej-poczobut-podtrzymal-decyzje-wkrotce-jedzie-na-bialorus","status":"publish","type":"post","link":"https:\/\/www.europesays.com\/pl\/670068\/","title":{"rendered":"Andrzej Poczobut podtrzyma\u0142 decyzj\u0119. Wkr\u00f3tce jedzie na Bia\u0142oru\u015b"},"content":{"rendered":"<p>W Bia\u0142ymstoku odby\u0142o si\u0119 w sobot\u0119 posiedzenie Rady Naczelnej ZPB. Podj\u0119to decyzj\u0119, \u017ce zjazd Zwi\u0105zku Polak\u00f3w na Bia\u0142orusi zostaje przeniesiony na marzec 2027 r. Powodem s\u0105 wzgl\u0119dy bezpiecze\u0144stwa. \u2014 B\u0119dziemy orientowa\u0107 si\u0119 w sytuacji. Je\u017celi nie b\u0119dzie mo\u017cliwo\u015bci, oczywi\u015bcie ze wzgl\u0119d\u00f3w bezpiecze\u0144stwa naszych ludzi, przeprowadzi\u0107 zjazd na Bia\u0142orusi, b\u0119dziemy my\u015ble\u0107, jak to zrobi\u0107 dalej \u2014 m\u00f3wi\u0142a dziennikarzom w przerwie obrad prezes Borys.<\/p>\n<p>Dalszy ci\u0105g artyku\u0142u pod materia\u0142em wideo<\/p>\n<p>Wzi\u0105\u0142 w nich udzia\u0142 m.in. Andrzej Poczobut, kt\u00f3ry po wyj\u015bciu na wolno\u015b\u0107 pod koniec kwietnia od razu deklarowa\u0142, \u017ce wr\u00f3ci na Bia\u0142oru\u015b. Pad\u0142a w\u00f3wczas data po\u0142owy wrze\u015bnia \u2014 w\u0142a\u015bnie z powodu zaplanowanego na ten termin zjazdu.<\/p>\n<p><a href=\"https:\/\/www.onet.pl\/\" title=\"Strona G\u0142\u00f3wna\" aria-label=\"Strona G\u0142\u00f3wna\" data-astro-prefetch=\"tap\" class=\"ods-a-logo-main-desktop\" rel=\"nofollow noopener\" target=\"_blank\"><img src=\"https:\/\/cdn.wiadomosci.onet.pl\/img\/Logo_desktop_Onet.svg\" class=\"ods-a-logo-main-desktop__image\" alt=\"Logo\" width=\"107\" height=\"60\" fetchpriority=\"high\" decoding=\"sync\" style=\"height:60px\"\/><\/a><\/p>\n<p class=\"ods-m-google-article__text\">Czytaj nas cz\u0119\u015bciej w Google<\/p>\n<p><a href=\"https:\/\/google.com\/preferences\/source?q=wiadomosci.onet.pl\" target=\"_blank\" rel=\"noopener noreferrer nofollow\" aria-label=\"Dodaj w Google\" title=\"Dodaj w Google\" class=\"ods-a-button ods-a-button__primary ods-a-button__default ods-a-button-l\">Dodaj w Google<\/a>W sobot\u0119 w Bia\u0142ymstoku Poczobut powiedzia\u0142 dziennikarzom, \u017ce <a href=\"https:\/\/wiadomosci.onet.pl\/kraj\/andrzej-poczobut-ujawnia-kiedy-zamierza-wrocic-na-bialorus-to-jest-deadline\/8mcb6ef\" id=\"4b7d245b-c4ff-4872-9259-6b08a80e08bc\" rel=\"nofollow noopener\" target=\"_blank\">swoich plan\u00f3w nie zmienia<\/a>. \u2014 Jad\u0119 na Bia\u0142oru\u015b, do domu. To dzisiejsze spotkanie tylko potwierdza, \u017ce powinienem pojecha\u0107 na Bia\u0142oru\u015b. Na spotkanie z lud\u017ami, przecie\u017c niekt\u00f3rych ludzi pi\u0119\u0107 lat nie widzia\u0142em \u2014 podkre\u015bli\u0142.Poczobut powiedzia\u0142, \u017ce planuje <a href=\"https:\/\/wiadomosci.onet.pl\/kraj\/andrzej-poczobut-tlumaczy-chec-powrotu-na-bialorus-chce-podjac-to-ryzyko\/4h8xjlr\" id=\"b6c981aa-800f-4abd-a86b-1bbca4525f44\" rel=\"nofollow noopener\" target=\"_blank\">wyjazd na Bia\u0142oru\u015b<\/a> ju\u017c w przysz\u0142ym tygodniu. \u2014 Prosz\u0119 sobie wyobrazi\u0107, ile si\u0142 Polska odda\u0142a na wsparcie mniejszo\u015bci polskiej na Bia\u0142orusi, ile si\u0142 oddano na wspieranie Zwi\u0105zku Polak\u00f3w na Bia\u0142orusi w ci\u0105gu tych wszystkich lat. Ja tam jad\u0119 nie z motyw\u00f3w osobistych. To jest sprawa, kt\u00f3rej po\u015bwi\u0119ci\u0142em znacz\u0105c\u0105 cz\u0119\u015b\u0107 swojego \u017cycia, i chc\u0119, by ta sprawa funkcjonowa\u0142a, by zwi\u0105zek si\u0119 rozwija\u0142 \u2014 podkre\u015bli\u0142.<\/p>\n<p>Opracowanie:Przemys\u0142aw Mosur-Darowski<\/p>\n<p>Data utworzenia:5 wrze\u015bnia 2026, 20:49<\/p>\n","protected":false},"excerpt":{"rendered":"W Bia\u0142ymstoku odby\u0142o si\u0119 w sobot\u0119 posiedzenie Rady Naczelnej ZPB. Podj\u0119to decyzj\u0119, \u017ce zjazd Zwi\u0105zku Polak\u00f3w na Bia\u0142orusi&hellip;\n","protected":false},"author":2,"featured_media":670069,"comment_status":"","ping_status":"","sticky":false,"template":"","format":"standard","meta":{"footnotes":"","_share_on_mastodon":"0"},"categories":[12],"tags":[1294,4644,699,61195,32,33,36,37,27,49,34,35,28,31,48,25,46,42,38,40,39,41,47,29,30,26,50566],"class_list":["post-670068","post","type-post","status-publish","format-standard","has-post-thumbnail","category-polska","tag-andrzej_poczobut","tag-andzelika_borys","tag-bialorus","tag-bottomfeed_styl","tag-breaking-news","tag-breakingnews","tag-featured-news","tag-featurednews","tag-headlines","tag-kraj","tag-latest-news","tag-latestnews","tag-naglowki","tag-najwazniejsze-artykuly","tag-nat_styl","tag-news","tag-omp","tag-pl","tag-poland","tag-polish","tag-polska","tag-polski","tag-screening_general","tag-top-stories","tag-topstories","tag-wiadomosci","tag-zwiazek_polakow_na_bialorusi"],"share_on_mastodon":{"url":"https:\/\/pubeurope.com\/@pl\/117220887718714454","error":""},"_links":{"self":[{"href":"https:\/\/www.europesays.com\/pl\/wp-json\/wp\/v2\/posts\/670068","targetHints":{"allow":["GET"]}}],"collection":[{"href":"https:\/\/www.europesays.com\/pl\/wp-json\/wp\/v2\/posts"}],"about":[{"href":"https:\/\/www.europesays.com\/pl\/wp-json\/wp\/v2\/types\/post"}],"author":[{"embeddable":true,"href":"https:\/\/www.europesays.com\/pl\/wp-json\/wp\/v2\/users\/2"}],"replies":[{"embeddable":true,"href":"https:\/\/www.europesays.com\/pl\/wp-json\/wp\/v2\/comments?post=670068"}],"version-history":[{"count":0,"href":"https:\/\/www.europesays.com\/pl\/wp-json\/wp\/v2\/posts\/670068\/revisions"}],"wp:featuredmedia":[{"embeddable":true,"href":"https:\/\/www.europesays.com\/pl\/wp-json\/wp\/v2\/media\/670069"}],"wp:attachment":[{"href":"https:\/\/www.europesays.com\/pl\/wp-json\/wp\/v2\/media?parent=670068"}],"wp:term":[{"taxonomy":"category","embeddable":true,"href":"https:\/\/www.europesays.com\/pl\/wp-json\/wp\/v2\/categories?post=670068"},{"taxonomy":"post_tag","embeddable":true,"href":"https:\/\/www.europesays.com\/pl\/wp-json\/wp\/v2\/tags?post=670068"}],"curies":[{"name":"wp","href":"https:\/\/api.w.org\/{rel}","templated":true}]}}