{"id":670072,"date":"2026-09-05T22:53:53","date_gmt":"2026-09-05T22:53:53","guid":{"rendered":"https:\/\/www.europesays.com\/pl\/670072\/"},"modified":"2026-09-05T22:53:53","modified_gmt":"2026-09-05T22:53:53","slug":"maciej-berek-wybrany-przez-sejm-do-tk-sprawdzilismy-jego-majatek","status":"publish","type":"post","link":"https:\/\/www.europesays.com\/pl\/670072\/","title":{"rendered":"Maciej Berek wybrany przez Sejm do TK. Sprawdzili\u015bmy jego maj\u0105tek"},"content":{"rendered":"<p>\u2014 Jak wiecie, by\u0142 moj\u0105 praw\u0105 r\u0119k\u0105 i nadal jest, je\u015bli chodzi o egzekwowanie priorytet\u00f3w rz\u0105dowych \u2014 tak premier Donald Tusk m\u00f3wi\u0142 o Macieju Berku, kt\u00f3ry 11 sierpnia nieoczekiwanie po\u017cegna\u0142 si\u0119 ze swoj\u0105 funkcj\u0105 w rz\u0105dzie. Jego zadania b\u0119dzie teraz realizowa\u0107 Joanna Knapi\u0144ska, dotychczasowa szefowa Rz\u0105dowego Centrum Legislacji. <a href=\"https:\/\/www.fakt.pl\/polityka\/sejm-poparl-kandydature-macieja-berka-na-sedziego-trybunalu-konstytucyjnego\/db5xm7w\" id=\"d5fa694a-bd4b-4dfc-880c-e70d7a63e850\" rel=\"nofollow noopener\" target=\"_blank\">Teraz Sejm zdecydowa\u0142 w sprawie jego kandydatury do Trybuna\u0142u Konstycyjnego<\/a>.<a href=\"https:\/\/businessinsider.com.pl\/gospodarka\/kandydatura-macieja-berka-do-tk-wywolala-burze-czy-zakonczy-klincz-w-trybunale\/z641q3z\" id=\"f1d68e10-3bb8-4229-8e8c-712bca00feec\" rel=\"nofollow noopener\" target=\"_blank\">Kim jest Maciej Berek, kandydat do TK. Ods\u0142aniamy kulisy<\/a><a href=\"https:\/\/www.fakt.pl\/\" title=\"Strona G\u0142\u00f3wna\" aria-label=\"Strona G\u0142\u00f3wna\" data-astro-prefetch=\"tap\" class=\"ods-a-logo-main-desktop\" rel=\"nofollow noopener\" target=\"_blank\"><img src=\"https:\/\/cdn.fakt.pl\/img\/Logo_desktop_Fakt.svg\" class=\"ods-a-logo-main-desktop__image\" alt=\"Logo\" width=\"107\" height=\"86\" fetchpriority=\"high\" decoding=\"sync\" style=\"height:86px\"\/><\/a><\/p>\n<p class=\"ods-m-google-article__text\">Czytaj nas cz\u0119\u015bciej w Google<\/p>\n<p><a href=\"https:\/\/google.com\/preferences\/source?q=fakt.pl\" target=\"_blank\" rel=\"noopener noreferrer nofollow\" aria-label=\"Dodaj w Google\" title=\"Dodaj w Google\" class=\"ods-a-button ods-a-button__primary ods-a-button__default ods-a-button-l\">Dodaj w Google<\/a>Dalszy ci\u0105g artyku\u0142u pod materia\u0142em wideoDonald Tusk nazwa\u0142 go swoj\u0105 &#8222;praw\u0105 r\u0119k\u0105&#8221;. Taki maj\u0105tek ma Maciej Berek<\/p>\n<p>W g\u0142osowaniu wzi\u0119\u0142o udzia\u0142 437 pos\u0142\u00f3w. Za kandydatur\u0105 Macieja Berka do TK zag\u0142osowa\u0142o 226 parlamentarzyst\u00f3w.<\/p>\n<p>&#8222;Fakt&#8221; sprawdzi\u0142, jakim maj\u0105tkiem dysponuje Maciej Berek. W o\u015bwiadczeniu maj\u0105tkowym za 2025 r., kt\u00f3re z\u0142o\u017cy\u0142 jeszcze jako cz\u0142onek rz\u0105du, by\u0142y ju\u017c minister wskaza\u0142 kilka nieruchomo\u015bci \u2014 dwa domy o pow. 176 m kw. i 174 m kw. we wsp\u00f3\u0142w\u0142asno\u015bci z \u017con\u0105 i dwie dzia\u0142ki zwi\u0105zane z tymi domami, a tak\u017ce mieszkanie o pow. ok. 46 m kw., przy kt\u00f3rym wykazuje udzia\u0142 2\/3 w sp\u00f3\u0142dzielczym prawie do lokalu.<\/p>\n<p>Do tego Maciej Berek wykaza\u0142 ok. 63 tys. z\u0142 oszcz\u0119dno\u015bci oraz produkty inwestycyjno-ubezpieczeniowe: ok. 49 tys. z\u0142, ok. 50 tys. z\u0142 i ok. 10,5 tys. z\u0142. W o\u015bwiadczeniu maj\u0105tkowym Macieja Berka nie wskazano kwoty dochodu uzyskanego z pracy w Kancelarii Prezesa Rady Ministr\u00f3w. Minister wyszczeg\u00f3lni\u0142 natomiast swoje zarobki osi\u0105gni\u0119te poza KPRM.<\/p>\n<p>Z dokumentu wynika, \u017ce Berek otrzyma\u0142 ok. 44 tys. z\u0142 z tytu\u0142u zatrudnienia na Uniwersytecie Warszawskim oraz ok. 17 tys. z\u0142 z dzia\u0142alno\u015bci wykonywanej osobi\u015bcie, m.in. zwi\u0105zanej z Okr\u0119gow\u0105 Izb\u0105 Radc\u00f3w Prawnych. Kolejne ok. 66 tys. z\u0142 przyni\u00f3s\u0142 mu wynajem nieruchomo\u015bci. Z tytu\u0142u praw autorskich wykaza\u0142 natomiast symboliczne 0,1 tys. z\u0142.<\/p>\n<p>W o\u015bwiadczeniu Berek wykaza\u0142 tak\u017ce kilka zobowi\u0105za\u0144. Jedno z nich dotyczy kredytu w PKO BP, kt\u00f3ry zosta\u0142 uniewa\u017cniony przez s\u0105d \u2014 sporna pozostaje jednak kwota odsetek \u017c\u0105danych przez bank. Minister sp\u0142aca te\u017c, wsp\u00f3lnie z ma\u0142\u017conk\u0105, kredyt na inn\u0105 nieruchomo\u015b\u0107, z saldem ok. 163,5 tys. CHF, oraz kredyt w Pekao S.A., z kt\u00f3rego do sp\u0142aty pozosta\u0142o ok. 63,5 tys. z\u0142. Ma te\u017c 10 tys. z\u0142 limitu debetowego w PKO BP.<\/p>\n<p><a href=\"https:\/\/www.fakt.pl\/pieniadze\/ile-zarabia-wojciech-balczun-przeswietlamy-majatek-ministra-aktywow-panstwowych\/1vqhkeh\" id=\"fc0f280a-9a7a-4c0a-868d-0bbf5b09b35b\" rel=\"nofollow noopener\" target=\"_blank\">Nadzoruje wielki maj\u0105tek Polak\u00f3w, a co ma w szafie? Oto kolekcja ministra<\/a><a href=\"https:\/\/www.fakt.pl\/pieniadze\/wotum-nieufnosci-dla-marcina-kierwinskiego-taki-majatek-ma-szef-mswia\/z91ywdk\" id=\"f2fa5b31-b789-477d-a101-dbee28cb2200\" rel=\"nofollow noopener\" target=\"_blank\">PiS chce dymisji ministra. Tak wygl\u0105da maj\u0105tek Kierwi\u0144skiego<\/a><a href=\"https:\/\/www.fakt.pl\/pieniadze\/agnieszka-dziemianowicz-bak-podwoila-oszczednosci-sejm-ujawnia-szczegoly\/thegpyq\" id=\"4fc50afa-4e57-4569-b168-7c74c29bf857\" rel=\"nofollow noopener\" target=\"_blank\">Zmiany w maj\u0105tku ministry rodziny. Oszcz\u0119dno\u015bci Agnieszki Dziemianowicz-B\u0105k<\/a><\/p>\n","protected":false},"excerpt":{"rendered":"\u2014 Jak wiecie, by\u0142 moj\u0105 praw\u0105 r\u0119k\u0105 i nadal jest, je\u015bli chodzi o egzekwowanie priorytet\u00f3w rz\u0105dowych \u2014 tak&hellip;\n","protected":false},"author":2,"featured_media":670073,"comment_status":"","ping_status":"","sticky":false,"template":"","format":"standard","meta":{"footnotes":"","_share_on_mastodon":"0"},"categories":[62713],"tags":[61195,1345,212,2065,2241,46,129381,17798,504,47,111182],"class_list":["post-670072","post","type-post","status-publish","format-standard","has-post-thumbnail","category-donald-tusk","tag-bottomfeed_styl","tag-donald-tusk","tag-donald_tusk","tag-maciej_berek","tag-majatek","tag-omp","tag-omp_tst4","tag-oswiadczenie_majatkowe","tag-pieniadze","tag-screening_general","tag-topbar_tst1"],"share_on_mastodon":{"url":"https:\/\/pubeurope.com\/@pl\/117220899355237924","error":""},"_links":{"self":[{"href":"https:\/\/www.europesays.com\/pl\/wp-json\/wp\/v2\/posts\/670072","targetHints":{"allow":["GET"]}}],"collection":[{"href":"https:\/\/www.europesays.com\/pl\/wp-json\/wp\/v2\/posts"}],"about":[{"href":"https:\/\/www.europesays.com\/pl\/wp-json\/wp\/v2\/types\/post"}],"author":[{"embeddable":true,"href":"https:\/\/www.europesays.com\/pl\/wp-json\/wp\/v2\/users\/2"}],"replies":[{"embeddable":true,"href":"https:\/\/www.europesays.com\/pl\/wp-json\/wp\/v2\/comments?post=670072"}],"version-history":[{"count":0,"href":"https:\/\/www.europesays.com\/pl\/wp-json\/wp\/v2\/posts\/670072\/revisions"}],"wp:featuredmedia":[{"embeddable":true,"href":"https:\/\/www.europesays.com\/pl\/wp-json\/wp\/v2\/media\/670073"}],"wp:attachment":[{"href":"https:\/\/www.europesays.com\/pl\/wp-json\/wp\/v2\/media?parent=670072"}],"wp:term":[{"taxonomy":"category","embeddable":true,"href":"https:\/\/www.europesays.com\/pl\/wp-json\/wp\/v2\/categories?post=670072"},{"taxonomy":"post_tag","embeddable":true,"href":"https:\/\/www.europesays.com\/pl\/wp-json\/wp\/v2\/tags?post=670072"}],"curies":[{"name":"wp","href":"https:\/\/api.w.org\/{rel}","templated":true}]}}