{"id":670074,"date":"2026-09-05T22:55:41","date_gmt":"2026-09-05T22:55:41","guid":{"rendered":"https:\/\/www.europesays.com\/pl\/670074\/"},"modified":"2026-09-05T22:55:41","modified_gmt":"2026-09-05T22:55:41","slug":"karol-nawrocki-reaguje-na-wezwanie-prokuratury-powiedzial-czy-pojawi-sie-na-przesluchaniu","status":"publish","type":"post","link":"https:\/\/www.europesays.com\/pl\/670074\/","title":{"rendered":"Karol Nawrocki reaguje na wezwanie prokuratury. Powiedzia\u0142, czy pojawi si\u0119 na przes\u0142uchaniu"},"content":{"rendered":"<p>\u2014 Jestem obywatelem jak ka\u017cdy inny. My\u015bl\u0119, \u017ce prezydent ma du\u017co wi\u0119cej bardzo wa\u017cnych zagadnie\u0144 w Polsce i na arenie mi\u0119dzynarodowej ni\u017c odpowiadanie na pewne urojenia ministra sprawiedliwo\u015bci \u2014 powiedzia\u0142 Karol Nawrocki pytany o wezwanie na przes\u0142uchanie.<\/p>\n<p>Dalszy ci\u0105g artyku\u0142u pod materia\u0142em wideoKarol Nawrocki: to nie jest powa\u017cne dla pa\u0144stwa polskiego<a href=\"https:\/\/www.onet.pl\/\" title=\"Strona G\u0142\u00f3wna\" aria-label=\"Strona G\u0142\u00f3wna\" data-astro-prefetch=\"tap\" class=\"ods-a-logo-main-desktop\" rel=\"nofollow noopener\" target=\"_blank\"><img src=\"https:\/\/cdn.wiadomosci.onet.pl\/img\/Logo_desktop_Onet.svg\" class=\"ods-a-logo-main-desktop__image\" alt=\"Logo\" width=\"107\" height=\"60\" fetchpriority=\"high\" decoding=\"sync\" style=\"height:60px\"\/><\/a><\/p>\n<p class=\"ods-m-google-article__text\">Czytaj nas cz\u0119\u015bciej w Google<\/p>\n<p><a href=\"https:\/\/google.com\/preferences\/source?q=wiadomosci.onet.pl\" target=\"_blank\" rel=\"noopener noreferrer nofollow\" aria-label=\"Dodaj w Google\" title=\"Dodaj w Google\" class=\"ods-a-button ods-a-button__primary ods-a-button__default ods-a-button-l\">Dodaj w Google<\/a><\/p>\n<p>Prezydent zadeklarowa\u0142 jednak, \u017ce porozmawia z prokuratur\u0105: \u2014 Us\u0142yszy ode mnie, \u017ce wszystkie decyzje podejmuj\u0119 osobi\u015bcie. Wi\u0119c dojdzie do takiego przes\u0142uchania. Ju\u017c dzi\u015b zapraszam \u015bledczych \u2014 powiedzia\u0142.<\/p>\n<p>\u2014 Uznaj\u0119, \u017ce jest to obci\u0105\u017caj\u0105ce dla obecnej w\u0142adzy, bo tych post\u0119powa\u0144 prokuratorskich wobec mojej osoby, czy te\u017c pr\u00f3b przes\u0142uchania mnie jako \u015bwiadka jest naprawd\u0119 du\u017co. To nie jest powa\u017cne dla pa\u0144stwa polskiego, ale oczywi\u015bcie poddam si\u0119 przes\u0142uchaniu \u2014 doda\u0142 Karol Nawrocki.<\/p>\n<p>O tym, \u017ce prokurator zwr\u00f3ci\u0142 si\u0119 do prezydenta o wskazanie dogodnego terminu i miejsca przes\u0142uchania, <a href=\"https:\/\/wiadomosci.onet.pl\/kraj\/prokuratura-chce-przesluchac-karola-nawrockiego-chodzi-o-trybunal-konstytucyjny\/qcrhl3j\" id=\"1f387ec1-51a2-4fb6-90f7-2d26b234d8e8\" rel=\"nofollow noopener\" target=\"_blank\">poinformowa\u0142 Waldemar \u017burek na platformie X<\/a>. &#8222;Sprawa musi zosta\u0107 wyja\u015bniona do spodu: bez unik\u00f3w i bez politycznych immunitet\u00f3w od prawdy&#8221; \u2014 napisa\u0142.Prezydent o kandydaturze Macieja Berka do TK. Ma w\u0105tpliwo\u015bci<\/p>\n<p>Dziennikarze pytali prezydenta o kandydatur\u0119 Macieja Berka do Trybuna\u0142u Konstytucyjnego. \u2014 My\u015bl\u0119, \u017ce wyborcy PO i pana premiera mo\u017ce by\u0107 g\u0142\u0119boko zawiedziony. Wielu ludzi protestowa\u0142o przeciw temu, \u017ceby politycy byli w Trybunale Konstytucyjnym, a dzi\u015b pan premier ju\u017c tego zupe\u0142nie nie ukrywa: maj\u0105 wej\u015b\u0107 nasi do TK. Trybuna\u0142 Konstytucyjny staje si\u0119 kolejnym \u0142upem partii politycznych \u2014 m\u00f3wi\u0142 prezydent.<\/p>\n<p>Co dalej z Trybuna\u0142em Konstytucyjnym? Pieni\u0105dze z bud\u017cetu nie pop\u0142yn\u0105. &#8222;Wida\u0107 ogromny strach&#8221; [KULISY]<\/p>\n<p class=\"ods-o-frame-in-text__paragraph\"><a href=\"https:\/\/wiadomosci.onet.pl\/tylko-w-onecie\/co-dalej-z-tk-pieniadze-z-budzetu-nie-poplyna-widac-ogromny-strach-kulisy\/ve8v4xs?tpcc=202608_bloczek_newsroom\" id=\"511614e0-1cda-4ba7-8770-41f3bc0e8765\" rel=\"nofollow noopener\" target=\"_blank\">Przeczytaj ca\u0142o\u015b\u0107 artyku\u0142u!<\/a><\/p>\n<p><img class=\"ods-a-photo ods-a-photo--background\" src=\"https:\/\/www.europesays.com\/pl\/wp-content\/uploads\/2026\/09\/K2zk9lBaHR0cHM6Ly9vY2RuLmV1L3B1bHNjbXMvTURBXy84YjViYzFiZmQ3NjM3YmM4ZjJmZDFjMGM0YThlZTE2Yy5qcGeRlQLNA.jpeg\" height=\"300\" width=\"450\" alt=\"Prezes Trybuna\u0142u Konstytucyjnego Bogdan \u015awi\u0119czkowski\" loading=\"lazy\" fetchpriority=\"low\" decoding=\"async\"\/><\/p>\n<p>Karol Nawrocki powiedzia\u0142, \u017ce nie po to zostawa\u0142 prezydentem, &#8222;aby zapycha\u0107 TK kolejnymi politykami&#8221;. \u2014 To nie jest decyzja, nie chc\u0119 powiedzie\u0107, \u017ce nie powo\u0142am pana ministra Berka. Natomiast to s\u0105 w\u0105tpliwo\u015bci, kt\u00f3re obiektywnie mam nadziej\u0119, \u017ce wszyscy widzowie widz\u0105 \u2014 doda\u0142.<\/p>\n<p>Karol Nawrocki: wpadli w pu\u0142apk\u0119 marsza\u0142ka Czarzastego<\/p>\n<p>Karol Nawrocki powiedzia\u0142 r\u00f3wnie\u017c, \u017ce nie zmieni decyzji w sprawie czw\u00f3rki s\u0119dzi\u00f3w, kt\u00f3rzy zostali powo\u0142ani przez Sejm do Trybuna\u0142u, ale prezydent odm\u00f3wi\u0142 przyj\u0119cia od nich \u015blubowania. \u2014 Wpadli w pu\u0142apk\u0119 marsza\u0142ka Czarzastego i polityki. S\u0119dziowie, kt\u00f3rzy chc\u0105 na tym najwy\u017cszym szczeblu, czyli w Trybunale Konstytucyjnym, wykonywa\u0107 swoje obowi\u0105zki musz\u0105 przede wszystkim wykazywa\u0107 si\u0119 wyj\u0105tkow\u0105 wiedz\u0105 prawnicz\u0105. Je\u015bli czterech kandydat\u00f3w do TK nie ma podstawowej informacji, \u017ce \u017ceby uzyska\u0107 nominacj\u0119 musz\u0105 spotka\u0107 si\u0119 z prezydentem, to mam prawo mie\u0107 obawy co do ich kwalifikacji prawnych \u2014 oceni\u0142 Karol Nawrocki.<\/p>\n<p>Co z ujawnieniem raportu WSI? &#8222;Temat nie jest na razie procedowany&#8221;Podczas spotkania z dziennikarzami przed Pa\u0142acem Prezydenckim <a href=\"https:\/\/wiadomosci.onet.pl\/kraj\/tajny-aneks-do-raportu-wsi-kaczynski-nie-bardzo-chce-wracac-do-tej-historii\/0q2pzm8\" id=\"f0e33fe0-968a-4b0d-ae9e-c7047e5c40ba\" rel=\"nofollow noopener\" target=\"_blank\">pojawi\u0142 si\u0119 tak\u017ce w\u0105tek ujawnienia raportu WSI<\/a>. Prezydent deklarowa\u0142, \u017ce to zrobi, jednak przeciwna temu jest strona rz\u0105dz\u0105ca. \u2014 Na chwil\u0119 obecn\u0105 tam jest taka procedura, w kt\u00f3rej musi to zaopiniowa\u0107 marsza\u0142ek Sejmu i Senatu i po tych nazwijmy to fiko\u0142kach pana marsza\u0142ka Czarzastego ten temat nie jest na razie procedowany \u2014 przyzna\u0142 Karol Nawrocki. Doda\u0142, \u017ce jego zdaniem opinia publiczna zawiedzie si\u0119, jak chodzi o ten raport. \u2014 Wiele rzeczy z niego ju\u017c jest powszechnie znanych \u2014 oceni\u0142.<\/p>\n","protected":false},"excerpt":{"rendered":"\u2014 Jestem obywatelem jak ka\u017cdy inny. My\u015bl\u0119, \u017ce prezydent ma du\u017co wi\u0119cej bardzo wa\u017cnych zagadnie\u0144 w Polsce i&hellip;\n","protected":false},"author":2,"featured_media":670075,"comment_status":"","ping_status":"","sticky":false,"template":"","format":"standard","meta":{"footnotes":"","_share_on_mastodon":"0"},"categories":[62712],"tags":[61195,690,43,49,48,46,47,4057],"class_list":["post-670074","post","type-post","status-publish","format-standard","has-post-thumbnail","category-karol-nawrocki","tag-bottomfeed_styl","tag-karol-nawrocki","tag-karol_nawrocki","tag-kraj","tag-nat_styl","tag-omp","tag-screening_general","tag-trybunal_konstytucyjny"],"share_on_mastodon":{"url":"https:\/\/pubeurope.com\/@pl\/117220903293744009","error":""},"_links":{"self":[{"href":"https:\/\/www.europesays.com\/pl\/wp-json\/wp\/v2\/posts\/670074","targetHints":{"allow":["GET"]}}],"collection":[{"href":"https:\/\/www.europesays.com\/pl\/wp-json\/wp\/v2\/posts"}],"about":[{"href":"https:\/\/www.europesays.com\/pl\/wp-json\/wp\/v2\/types\/post"}],"author":[{"embeddable":true,"href":"https:\/\/www.europesays.com\/pl\/wp-json\/wp\/v2\/users\/2"}],"replies":[{"embeddable":true,"href":"https:\/\/www.europesays.com\/pl\/wp-json\/wp\/v2\/comments?post=670074"}],"version-history":[{"count":0,"href":"https:\/\/www.europesays.com\/pl\/wp-json\/wp\/v2\/posts\/670074\/revisions"}],"wp:featuredmedia":[{"embeddable":true,"href":"https:\/\/www.europesays.com\/pl\/wp-json\/wp\/v2\/media\/670075"}],"wp:attachment":[{"href":"https:\/\/www.europesays.com\/pl\/wp-json\/wp\/v2\/media?parent=670074"}],"wp:term":[{"taxonomy":"category","embeddable":true,"href":"https:\/\/www.europesays.com\/pl\/wp-json\/wp\/v2\/categories?post=670074"},{"taxonomy":"post_tag","embeddable":true,"href":"https:\/\/www.europesays.com\/pl\/wp-json\/wp\/v2\/tags?post=670074"}],"curies":[{"name":"wp","href":"https:\/\/api.w.org\/{rel}","templated":true}]}}