{"id":670076,"date":"2026-09-05T22:56:18","date_gmt":"2026-09-05T22:56:18","guid":{"rendered":"https:\/\/www.europesays.com\/pl\/670076\/"},"modified":"2026-09-05T22:56:18","modified_gmt":"2026-09-05T22:56:18","slug":"po-kilku-miesiacach-wrocily-do-dino-wszyscy-sie-rzucili-bo-kosztuje-65-zl","status":"publish","type":"post","link":"https:\/\/www.europesays.com\/pl\/670076\/","title":{"rendered":"Po kilku miesi\u0105cach wr\u00f3ci\u0142y do Dino. Wszyscy si\u0119 rzucili, bo kosztuje 65 z\u0142"},"content":{"rendered":"<p>Ostatni rzut tych drzewek mia\u0142 miejsce w kwietniu. Wiem, \u017ce wiele os\u00f3b czeka\u0142o na nowe dostawy i w\u0142a\u015bnie pojawi\u0142y si\u0119 w sklepach.<\/p>\n<p>Dla niekt\u00f3ych os\u00f3b, w tym mi\u0119dzy innymi u\u017cytkowniczki \u201ewisterianaprzedmiesciach\u201d, kupienie drzewka oliwnego by\u0142o wr\u0119cz spe\u0142nieniem marze\u0144, co mo\u017cemy przeczyta\u0107 na jej TikToku. Dino naprawd\u0119 \u201edowozi\u201d, je\u017celi chodzi o te drzewka, kt\u00f3re ciesz\u0105 si\u0119 du\u017cym wzi\u0119ciem i popularno\u015bci\u0105.<\/p>\n<p>Ro\u015bliny s\u0105 bardzo zadbane, wi\u0119c tylko od nas zale\u017cy to, jak sobie z nimi poradzimy.<\/p>\n<p><a href=\"https:\/\/boop.pl\/img\/#https:\/\/img.boop.pl\/uploads\/2026\/09\/481104002508-po-kilku-miesiacach-wrocily-do-dino.jpg?class=full\" data-no-instant=\"\" rel=\"noopener nofollow\" aria-label=\"Obrazek 1496x816\" target=\"_blank\"><img decoding=\"async\" loading=\"lazy\" class=\"aligncenter size-full img-444285\" src=\"https:\/\/www.europesays.com\/pl\/wp-content\/uploads\/2026\/09\/481104002508-po-kilku-miesiacach-wrocily-do-dino.jpg\"   width=\"1496\" height=\"816\" alt=\"\"\/><\/a><\/p>\n<p>Dino wprowadza te ro\u015bliny do\u015b\u0107 regularnie, co kilka miesi\u0119cy. Zaczyna mniej wi\u0119cej od maja lub czerwca i ko\u0144czy pod koniec roku.<\/p>\n<p>Jak dba\u0107 o te ro\u015bliny? Nie jest to jakie\u015b wyj\u0105tkowo trudne. Trzeba zna\u0107 tylko kilka zasad:<\/p>\n<p>Maksimum s\u0142o\u0144ca: Postaw je w najbardziej nas\u0142onecznionym miejscu (okno po\u0142udniowe, a latem balkon lub taras). Ciemny k\u0105t pokoju oznacza natychmiastowe zrzucanie li\u015bci.Nie przelewaj: Podlewaj obficie, ale dopiero wtedy, gdy wierzchnia warstwa ziemi ca\u0142kowicie przeschnie. Woda nigdy nie mo\u017ce sta\u0107 w podstawce.Szybkie przesadzenie: Wymie\u0144 marketow\u0105 ziemi\u0119 na przepuszczalne pod\u0142o\u017ce (ziemia do cytrus\u00f3w + perlit\/piasek) i koniecznie daj warstw\u0119 drena\u017cu na dno donicy.Ch\u0142odne zimowanie: Oliwka nie przetrwa mroz\u00f3w na zewn\u0105trz ani zimy przy rozgrzanym kaloryferze. Od listopada do marca potrzebuje jasnego, ch\u0142odnego miejsca (5-12\u00b0C) i mocno ograniczonego podlewania.<\/p>\n<p>Czyli teraz mo\u017cna je jeszcze trzyma\u0107 na zewn\u0105trz, ale nied\u0142ugo b\u0119dzie trzeba je wstawi\u0107 do mieszkania lub domu.<\/p>\n","protected":false},"excerpt":{"rendered":"Ostatni rzut tych drzewek mia\u0142 miejsce w kwietniu. Wiem, \u017ce wiele os\u00f3b czeka\u0142o na nowe dostawy i w\u0142a\u015bnie&hellip;\n","protected":false},"author":2,"featured_media":670077,"comment_status":"","ping_status":"","sticky":false,"template":"","format":"standard","meta":{"footnotes":"","_share_on_mastodon":"0"},"categories":[52249],"tags":[857,41997,3103,42,38,40,39,41,862],"class_list":["post-670076","post","type-post","status-publish","format-standard","has-post-thumbnail","category-dino-polska","tag-dino","tag-dino-polska","tag-dla-ciebie","tag-pl","tag-poland","tag-polish","tag-polska","tag-polski","tag-promocje"],"share_on_mastodon":{"url":"","error":""},"_links":{"self":[{"href":"https:\/\/www.europesays.com\/pl\/wp-json\/wp\/v2\/posts\/670076","targetHints":{"allow":["GET"]}}],"collection":[{"href":"https:\/\/www.europesays.com\/pl\/wp-json\/wp\/v2\/posts"}],"about":[{"href":"https:\/\/www.europesays.com\/pl\/wp-json\/wp\/v2\/types\/post"}],"author":[{"embeddable":true,"href":"https:\/\/www.europesays.com\/pl\/wp-json\/wp\/v2\/users\/2"}],"replies":[{"embeddable":true,"href":"https:\/\/www.europesays.com\/pl\/wp-json\/wp\/v2\/comments?post=670076"}],"version-history":[{"count":0,"href":"https:\/\/www.europesays.com\/pl\/wp-json\/wp\/v2\/posts\/670076\/revisions"}],"wp:featuredmedia":[{"embeddable":true,"href":"https:\/\/www.europesays.com\/pl\/wp-json\/wp\/v2\/media\/670077"}],"wp:attachment":[{"href":"https:\/\/www.europesays.com\/pl\/wp-json\/wp\/v2\/media?parent=670076"}],"wp:term":[{"taxonomy":"category","embeddable":true,"href":"https:\/\/www.europesays.com\/pl\/wp-json\/wp\/v2\/categories?post=670076"},{"taxonomy":"post_tag","embeddable":true,"href":"https:\/\/www.europesays.com\/pl\/wp-json\/wp\/v2\/tags?post=670076"}],"curies":[{"name":"wp","href":"https:\/\/api.w.org\/{rel}","templated":true}]}}