{"id":670082,"date":"2026-09-05T23:03:13","date_gmt":"2026-09-05T23:03:13","guid":{"rendered":"https:\/\/www.europesays.com\/pl\/670082\/"},"modified":"2026-09-05T23:03:13","modified_gmt":"2026-09-05T23:03:13","slug":"sprawdz-gdzie-zabraknie-energii-w-bialymstoku-aktualizacja-6-09","status":"publish","type":"post","link":"https:\/\/www.europesays.com\/pl\/670082\/","title":{"rendered":"Sprawd\u017a, gdzie zabraknie energii w Bia\u0142ymstoku. Aktualizacja 6.09"},"content":{"rendered":"<p>Bia\u0142ystok ul. Nied\u017awiedzia, ul. Tygrysia, ul. Wiewi\u00f3rcza, ul. Szpacza, ul. Zaj\u0119cza<br \/>od 6.09 godz. 2:00 do 7.09 godz. 2:00<\/p>\n<p>Bia\u0142ystok ul. Upalna 17 w\u0119ze\u0142 centralnego ogrzewania<br \/>7.09 od godz. 10:00 do 14:00<\/p>\n<p>Bia\u0142ystok ul. Choroszcza\u0144ska 31<br \/>12.09 od godz. 11:00 do 16:00<\/p>\n<p>Bia\u0142ystok ul. Wiewi\u00f3rcza, ul. Nied\u017awiedzia, ul. Tygrysia, ul. Zaj\u0119cza, ul. Szpacza<br \/>od 7.09 godz. 2:00 do 8.09 godz. 2:00<\/p>\n<p>Bia\u0142ystok ul. Wiewi\u00f3rcza, ul. Szpacza, ul. Tygrysia, ul. Nied\u017awiedzia, ul. Zaj\u0119cza<br \/>od 8.09 godz. 2:00 do 9.09 godz. 2:00<\/p>\n<p>Bia\u0142ystok ul. Tygrysia, ul. Nied\u017awiedzia, ul. Szpacza, ul. Zaj\u0119cza, ul. Wiewi\u00f3rcza<br \/>od 9.09 godz. 2:00 do 10.09 godz. 2:00<\/p>\n<p>Bia\u0142ystok ul. \u0179r\u00f3dlana 5, 6, ul. Le\u015bna 40\/1, ul. Mokra 33, ul. Dojnowska 17, 17a, 19, 20, 21, 23, 24, 25A, 25B, 27, 29, 30, 31, 33, 35, 37, 39, ul. Kropelkowa 7 Dzia\u0142ki 1176\/2, 1175\/3, ul. Stawowa 20, 26, 39, 41, 43, 46, 48, 49, 50, 51<br \/>9.09 od godz. 10:00 do 13:30<\/p>\n<p>Bia\u0142ystok ul. Zaj\u0119cza, ul. Nied\u017awiedzia, ul. Wiewi\u00f3rcza, ul. Tygrysia, ul. Szpacza<br \/>od 10.09 godz. 2:00 do 11.09 godz. 2:00<\/p>\n<p>Bia\u0142ystok ul. Nied\u017awiedzia, ul. Tygrysia, ul. Szpacza, ul. Zaj\u0119cza, ul. Wiewi\u00f3rcza<br \/>od 11.09 godz. 2:00 do 12.09 godz. 2:00<\/p>\n","protected":false},"excerpt":{"rendered":"Bia\u0142ystok ul. Nied\u017awiedzia, ul. Tygrysia, ul. Wiewi\u00f3rcza, ul. Szpacza, ul. Zaj\u0119czaod 6.09 godz. 2:00 do 7.09 godz. 2:00&hellip;\n","protected":false},"author":2,"featured_media":670083,"comment_status":"","ping_status":"","sticky":false,"template":"","format":"standard","meta":{"footnotes":"","_share_on_mastodon":"0"},"categories":[51614],"tags":[2151,89859,5318,42,38,40,39,41],"class_list":["post-670082","post","type-post","status-publish","format-standard","has-post-thumbnail","category-bialystok","tag-bialystok","tag-braki-pradu","tag-energia-elektryczna","tag-pl","tag-poland","tag-polish","tag-polska","tag-polski"],"share_on_mastodon":{"url":"https:\/\/pubeurope.com\/@pl\/117220934098117811","error":""},"_links":{"self":[{"href":"https:\/\/www.europesays.com\/pl\/wp-json\/wp\/v2\/posts\/670082","targetHints":{"allow":["GET"]}}],"collection":[{"href":"https:\/\/www.europesays.com\/pl\/wp-json\/wp\/v2\/posts"}],"about":[{"href":"https:\/\/www.europesays.com\/pl\/wp-json\/wp\/v2\/types\/post"}],"author":[{"embeddable":true,"href":"https:\/\/www.europesays.com\/pl\/wp-json\/wp\/v2\/users\/2"}],"replies":[{"embeddable":true,"href":"https:\/\/www.europesays.com\/pl\/wp-json\/wp\/v2\/comments?post=670082"}],"version-history":[{"count":0,"href":"https:\/\/www.europesays.com\/pl\/wp-json\/wp\/v2\/posts\/670082\/revisions"}],"wp:featuredmedia":[{"embeddable":true,"href":"https:\/\/www.europesays.com\/pl\/wp-json\/wp\/v2\/media\/670083"}],"wp:attachment":[{"href":"https:\/\/www.europesays.com\/pl\/wp-json\/wp\/v2\/media?parent=670082"}],"wp:term":[{"taxonomy":"category","embeddable":true,"href":"https:\/\/www.europesays.com\/pl\/wp-json\/wp\/v2\/categories?post=670082"},{"taxonomy":"post_tag","embeddable":true,"href":"https:\/\/www.europesays.com\/pl\/wp-json\/wp\/v2\/tags?post=670082"}],"curies":[{"name":"wp","href":"https:\/\/api.w.org\/{rel}","templated":true}]}}