{"id":670094,"date":"2026-09-05T23:13:38","date_gmt":"2026-09-05T23:13:38","guid":{"rendered":"https:\/\/www.europesays.com\/pl\/670094\/"},"modified":"2026-09-05T23:13:38","modified_gmt":"2026-09-05T23:13:38","slug":"wience-lokalne-przysmaki-i-muzyka-ludowa-radio-wroclaw-na-dozynkach-wojewodzkich-2","status":"publish","type":"post","link":"https:\/\/www.europesays.com\/pl\/670094\/","title":{"rendered":"Wie\u0144ce, lokalne przysmaki i muzyka ludowa. Radio Wroc\u0142aw na Do\u017cynkach Wojew\u00f3dzkich"},"content":{"rendered":"<p>Radio Wroc\u0142aw na wojew\u00f3dzkich do\u017cynkach<\/p>\n<p>Fot. Joanna Mazurek<\/p>\n<p>Pi\u0119kne wie\u0144ce do\u017cynkowe, stoiska pe\u0142ne smako\u0142yk\u00f3w przygotowanych przez KGW i muzyka ludowa. Taki klimat panowa\u0142 na boisku w Bystrzycy w gminie O\u0142awa.<\/p>\n<p style=\"text-align: justify;\">Do\u017cynki Wojew\u00f3dzkie to promocja gminy i okazja do \u015bwi\u0119towania dla rolnik\u00f3w. Cho\u0107 to trudny rok i plony nie zawsze zadowalaj\u0105ce to nie mo\u017ce zabrakn\u0105\u0107 do\u017cynek.<\/p>\n<p style=\"text-align: justify;\">Tradycyjne podzi\u0119kowanie za plony to Msza \u015awi\u0119ta, korow\u00f3d \u017cniwiarzy, prezentacja i o\u015bpiewanie wie\u0144c\u00f3w do\u017cynkowych, a na koniec wsp\u00f3lna zabawa.<\/p>\n<p style=\"text-align: justify;\">Tak by\u0142o w Bystrzycy. Pomimo silnego wiatru wielu mieszka\u0144c\u00f3w regionu przyby\u0142o by spotka\u0107 si\u0119 na dorocznym \u015bwi\u0119cie rolnik\u00f3w.<\/p>\n<p style=\"text-align: justify;\">Na miejscu by\u0142o te\u017c Radio Wroc\u0142aw:<\/p>\n<p>&#13;<br \/>\n\t\t\t\t\t\t\t\t\t\tAby ods\u0142ucha\u0107 za\u0142\u0105czonego d\u017awi\u0119ku zaktualizuj przegl\u0105dark\u0119 lub\/i wtyczk\u0119 Adobe Flash Player.&#13;\n\t\t\t\t\t\t\t\t\t<\/p>\n<p>&#13;<br \/>\n\t\t\t\t\t\t\t\t\t\tAby ods\u0142ucha\u0107 za\u0142\u0105czonego d\u017awi\u0119ku zaktualizuj przegl\u0105dark\u0119 lub\/i wtyczk\u0119 Adobe Flash Player.&#13;\n\t\t\t\t\t\t\t\t\t<\/p>\n<p>&#13;<br \/>\n\t\t\t\t\t\t\t\t\t\tAby ods\u0142ucha\u0107 za\u0142\u0105czonego d\u017awi\u0119ku zaktualizuj przegl\u0105dark\u0119 lub\/i wtyczk\u0119 Adobe Flash Player.&#13;\n\t\t\t\t\t\t\t\t\t<\/p>\n<p>&#13;<br \/>\n\t\t\t\t\t\t\t\t\t\tAby ods\u0142ucha\u0107 za\u0142\u0105czonego d\u017awi\u0119ku zaktualizuj przegl\u0105dark\u0119 lub\/i wtyczk\u0119 Adobe Flash Player.&#13;\n\t\t\t\t\t\t\t\t\t<\/p>\n","protected":false},"excerpt":{"rendered":"Radio Wroc\u0142aw na wojew\u00f3dzkich do\u017cynkach Fot. Joanna Mazurek Pi\u0119kne wie\u0144ce do\u017cynkowe, stoiska pe\u0142ne smako\u0142yk\u00f3w przygotowanych przez KGW i&hellip;\n","protected":false},"author":2,"featured_media":670095,"comment_status":"","ping_status":"","sticky":false,"template":"","format":"standard","meta":{"footnotes":"","_share_on_mastodon":"0"},"categories":[51607],"tags":[129875,51726,7997,129874,1252,34720,42,38,40,39,41,129873,7998,129872,129876,1853],"class_list":["post-670094","post","type-post","status-publish","format-standard","has-post-thumbnail","category-wroclaw","tag-dozynkach","tag-i","tag-lokalne","tag-ludowa","tag-muzyka","tag-na","tag-pl","tag-poland","tag-polish","tag-polska","tag-polski","tag-przysmaki","tag-radio","tag-wience","tag-wojewodzkich","tag-wroclaw"],"share_on_mastodon":{"url":"https:\/\/pubeurope.com\/@pl\/117220973390778954","error":""},"_links":{"self":[{"href":"https:\/\/www.europesays.com\/pl\/wp-json\/wp\/v2\/posts\/670094","targetHints":{"allow":["GET"]}}],"collection":[{"href":"https:\/\/www.europesays.com\/pl\/wp-json\/wp\/v2\/posts"}],"about":[{"href":"https:\/\/www.europesays.com\/pl\/wp-json\/wp\/v2\/types\/post"}],"author":[{"embeddable":true,"href":"https:\/\/www.europesays.com\/pl\/wp-json\/wp\/v2\/users\/2"}],"replies":[{"embeddable":true,"href":"https:\/\/www.europesays.com\/pl\/wp-json\/wp\/v2\/comments?post=670094"}],"version-history":[{"count":0,"href":"https:\/\/www.europesays.com\/pl\/wp-json\/wp\/v2\/posts\/670094\/revisions"}],"wp:featuredmedia":[{"embeddable":true,"href":"https:\/\/www.europesays.com\/pl\/wp-json\/wp\/v2\/media\/670095"}],"wp:attachment":[{"href":"https:\/\/www.europesays.com\/pl\/wp-json\/wp\/v2\/media?parent=670094"}],"wp:term":[{"taxonomy":"category","embeddable":true,"href":"https:\/\/www.europesays.com\/pl\/wp-json\/wp\/v2\/categories?post=670094"},{"taxonomy":"post_tag","embeddable":true,"href":"https:\/\/www.europesays.com\/pl\/wp-json\/wp\/v2\/tags?post=670094"}],"curies":[{"name":"wp","href":"https:\/\/api.w.org\/{rel}","templated":true}]}}