{"id":670100,"date":"2026-09-05T23:16:41","date_gmt":"2026-09-05T23:16:41","guid":{"rendered":"https:\/\/www.europesays.com\/pl\/670100\/"},"modified":"2026-09-05T23:16:41","modified_gmt":"2026-09-05T23:16:41","slug":"polska-finlandia-relacja-na-zywo","status":"publish","type":"post","link":"https:\/\/www.europesays.com\/pl\/670100\/","title":{"rendered":"Polska \u2014 Finlandia [RELACJA NA \u017bYWO]"},"content":{"rendered":"<p>Ju\u017c 9 wrze\u015bnia rusza g\u0142\u00f3wna impreza siatkarskiego sezonu. Na boiskach we W\u0142oszech, Bu\u0142garii, Finlandii i Rumunii najlepsze dru\u017cyny Starego Kontynentu b\u0119d\u0105 walczy\u0107 w mistrzostwach Europy.<\/p>\n<p>W turnieju nie zabraknie Bia\u0142o-Czerwonych, kt\u00f3rzy s\u0105 faworytami do tytu\u0142u. Polacy ju\u017c w sobot\u0119 zmierz\u0105 si\u0119 towarzysko z jednym ze wsp\u00f3\u0142gospodarzy \u2014 Finlandi\u0105. B\u0119dzie to niezwykle wa\u017cne spotkanie dla Nikoli Grbicia. Serbski trener po tym starciu wybierze sk\u0142ad na ME.<\/p>\n<p><a href=\"https:\/\/przegladsportowy.onet.pl\/\" title=\"Strona g\u0142\u00f3wna serwisu\" aria-label=\"Strona g\u0142\u00f3wna serwisu\" data-astro-prefetch=\"tap\" class=\"ods-a-logo-main-desktop\" rel=\"nofollow noopener\" target=\"_blank\"><img src=\"https:\/\/cdn.przegladsportowy.onet.pl\/img\/Logo_desktop_Onet.svg\" class=\"ods-a-logo-main-desktop__image\" alt=\"Logo\" width=\"107\" height=\"60\" fetchpriority=\"high\" decoding=\"sync\" style=\"height:60px\"\/><\/a><\/p>\n<p class=\"ods-m-google-article__text\">Czytaj nas cz\u0119\u015bciej w Google<\/p>\n<p><a href=\"https:\/\/google.com\/preferences\/source?q=przegladsportowy.onet.pl\" target=\"_blank\" rel=\"noopener noreferrer nofollow\" aria-label=\"Dodaj w Google\" title=\"Dodaj w Google\" class=\"ods-a-button ods-a-button__primary ods-a-button__default ods-a-button-l\">Dodaj w Google<\/a><\/p>\n<p>Mistrzostwa Europy rozpoczn\u0105 si\u0119 dla Polak\u00f3w 10 wrze\u015bnia meczem z Portugali\u0105. W fazie grupowej Bia\u0142o-Czerwoni zmierz\u0105 si\u0119 tak\u017ce z Izraelem, Macedoni\u0105 P\u00f3\u0142nocn\u0105, Ukrain\u0105 i Bu\u0142gari\u0105.<\/p>\n<p>Spotkanie Polska \u2014 Finlandia ju\u017c w sobot\u0119 5 wrze\u015bnia o godz. 20.30 w Gda\u0144sku. Zapraszamy do \u015bledzenia naszej relacji na \u017cywo z tego interesuj\u0105cego starcia!<\/p>\n<p>                        <a class=\"backButton\" onclick=\"window.history.back();\">&lt;Go back<\/a><\/p>\n<p>          <img decoding=\"async\" src=\"https:\/\/www.europesays.com\/pl\/wp-content\/uploads\/2026\/09\/1788650201_732_tfFkrdkaXNrL3BvbC0xNTI4ODk2NjkzLnBuZ5KVAmQAwsOVAgBkwsM.png\" alt=\"Polska\"\/><br \/>\n        Polska<\/p>\n<p>          <img decoding=\"async\" src=\"https:\/\/www.europesays.com\/pl\/wp-content\/uploads\/2026\/09\/w_WktkiZGlzay9mbGFnX2ZpbmxhbmRpYS0xNTM1NjIwMzk2LnBuZ5KVAmQAwsOVAgBkwsM.png\" alt=\"Finlandia\"\/><br \/>\n        Finlandia<\/p>\n<p>Zako\u0144czona<\/p>\n<p>\n        25 &#8211; 21<br \/>\n          1. set<\/p>\n<p>        28 &#8211; 26<br \/>\n          2. set<\/p>\n<p>        25 &#8211; 19<br \/>\n          3. set<\/p>\n<p>        25 &#8211; 21<br \/>\n          4. set<\/p>\n<p>                        4Marcin Komenda415Bart\u0142omiej Bo\u0142\u0105d\u017a159 Wilfredo Le\u00f3n912Artur Szalpuk127Bart\u0142omiej Lema\u0144ski714 Jakub Majchrzak1421Tomasz Fornal2111Aleksander \u015aliwka1116Kamil Semeniuk1635Kewin Sasak3596Jan Firlej9617Jakub Popiwczak1718Maksymilian Granieczny183Szymon Jakubiszak373Jakub Nowak7313Joonas Jokela1317Severi Savonsalmi1710Luka Marttila1024Nooa Marttila2411Miika Haapaniemi1133Fedor Ivanov337Niko Suihkonen79Santeri V\u00e4limaa95Alexej Zhbankov51Antti Ronkainen119Niklas Breilin1921Veikka Lindqvist218Voitto K\u00f6ykk\u00e486Petteri Tyynismaa6<\/p>\n","protected":false},"excerpt":{"rendered":"Ju\u017c 9 wrze\u015bnia rusza g\u0142\u00f3wna impreza siatkarskiego sezonu. Na boiskach we W\u0142oszech, Bu\u0142garii, Finlandii i Rumunii najlepsze dru\u017cyny&hellip;\n","protected":false},"author":2,"featured_media":670101,"comment_status":"","ping_status":"","sticky":false,"template":"","format":"standard","meta":{"footnotes":"","_share_on_mastodon":"0"},"categories":[12],"tags":[128237,61195,48,46,42,38,40,39,41,355,47,131,130],"class_list":["post-670100","post","type-post","status-publish","format-standard","has-post-thumbnail","category-polska","tag-adshield_tst1","tag-bottomfeed_styl","tag-nat_styl","tag-omp","tag-pl","tag-poland","tag-polish","tag-polska","tag-polski","tag-reprezentacja_polski","tag-screening_general","tag-siatkowka","tag-wiadomosci_sportowe"],"share_on_mastodon":{"url":"https:\/\/pubeurope.com\/@pl\/117220985479530718","error":""},"_links":{"self":[{"href":"https:\/\/www.europesays.com\/pl\/wp-json\/wp\/v2\/posts\/670100","targetHints":{"allow":["GET"]}}],"collection":[{"href":"https:\/\/www.europesays.com\/pl\/wp-json\/wp\/v2\/posts"}],"about":[{"href":"https:\/\/www.europesays.com\/pl\/wp-json\/wp\/v2\/types\/post"}],"author":[{"embeddable":true,"href":"https:\/\/www.europesays.com\/pl\/wp-json\/wp\/v2\/users\/2"}],"replies":[{"embeddable":true,"href":"https:\/\/www.europesays.com\/pl\/wp-json\/wp\/v2\/comments?post=670100"}],"version-history":[{"count":0,"href":"https:\/\/www.europesays.com\/pl\/wp-json\/wp\/v2\/posts\/670100\/revisions"}],"wp:featuredmedia":[{"embeddable":true,"href":"https:\/\/www.europesays.com\/pl\/wp-json\/wp\/v2\/media\/670101"}],"wp:attachment":[{"href":"https:\/\/www.europesays.com\/pl\/wp-json\/wp\/v2\/media?parent=670100"}],"wp:term":[{"taxonomy":"category","embeddable":true,"href":"https:\/\/www.europesays.com\/pl\/wp-json\/wp\/v2\/categories?post=670100"},{"taxonomy":"post_tag","embeddable":true,"href":"https:\/\/www.europesays.com\/pl\/wp-json\/wp\/v2\/tags?post=670100"}],"curies":[{"name":"wp","href":"https:\/\/api.w.org\/{rel}","templated":true}]}}